{"id":619465,"date":"2025-12-24T07:08:20","date_gmt":"2025-12-24T07:08:20","guid":{"rendered":"https:\/\/www.europesays.com\/fr\/619465\/"},"modified":"2025-12-24T07:08:20","modified_gmt":"2025-12-24T07:08:20","slug":"le-passage-du-bus-scolaire-suspendu-dans-un-hameau-de-seine-et-marne","status":"publish","type":"post","link":"https:\/\/www.europesays.com\/fr\/619465\/","title":{"rendered":"le passage du bus scolaire suspendu dans un hameau de Seine-et-Marne"},"content":{"rendered":"<p>                    Par<br \/>\n        <strong><br \/>\n            <a href=\"https:\/\/actu.fr\/auteur\/gaelle-kabongo\" title=\"Consulter tous les articles de Gaelle Kabongo\" target=\"_blank\" rel=\"noopener\">Gaelle Kabongo<\/a><br \/>\n                    <\/strong><\/p>\n<p>        Publi\u00e9 le<\/p>\n<p>            24 d\u00e9c. 2025 \u00e0 7h30        <\/p>\n<p>C\u2019\u00e9tait son dernier passage. Chaque matin, un bus du circuit sp\u00e9cial scolaire r\u00e9cup\u00e9rait les enfants du hameau de Vanry dans la commune de <a href=\"https:\/\/actu.fr\/ile-de-france\/jouarre_77238\" target=\"_blank\" rel=\"noopener\">Jouarre <\/a>(<a href=\"https:\/\/actu.fr\/ile-de-france\/seine-et-marne_77\" target=\"_blank\" rel=\"noopener\">Seine-et-Marne<\/a>) d\u00e8s l\u2019\u00e9cole maternelle \u00e0 l\u2019arr\u00eat de bus \u00ab Hameau de Vanry \u00bb situ\u00e9 dans le carrefour rue des Pommi\u00e8res, rue de Biercy et rue du Petit-Morin. Avec deux accompagnateurs \u00e0 bord du bus, les enfants passaient par Courcelles avant de rejoindre l\u2019\u00e9cole maternelle Jussieu et l\u2019\u00e9cole primaire Jehan de Brie en haut de la commune. Mais tout va <b>s\u2019arr\u00eater d\u00e9but 2026.<\/b><\/p>\n<p>Arr\u00eat non desservi<\/p>\n<p class=\" wall-content\">\u00cele-de-France mobilit\u00e9s, entit\u00e9 charg\u00e9e des transports en commun dans la r\u00e9gion, a annonc\u00e9 aux familles <b>suspendre<\/b> la desserte de l\u2019arr\u00eat de bus <b>\u00ab Hameau de Vanry \u00bb<\/b> \u00e0 compter du<b> lundi 5\u00a0janvier 2026<\/b>, jour de la rentr\u00e9e des vacances scolaires de No\u00ebl et ce jusqu\u2019\u00e0<b> nouvel ordre<\/b>. Les parents concern\u00e9s, cinq familles, ont \u00e9t\u00e9 inform\u00e9s de cette d\u00e9cision par mail le 3\u00a0d\u00e9cembre dernier. Le motif \u00e9voqu\u00e9 ?<b> Des raisons de s\u00e9curit\u00e9<\/b>. \u00cele-de-France mobilit\u00e9s explique aux familles que le conducteur de bus effectue une<b> marche arri\u00e8re <\/b>au croisement des rues des Pommi\u00e8res, de Biercy et du Petit-Morin. \u00ab Cette man\u0153uvre est <b>interdite<\/b> par le r\u00e8glement r\u00e9gional des circuits sp\u00e9ciaux scolaires en raison de sa dangerosit\u00e9 pour les passagers de l\u2019autocar et les autres usagers de la route \u00bb, \u00e9crit \u00cele-de-France mobilit\u00e9s.<\/p>\n<p>Des familles inqui\u00e8tes<\/p>\n<p class=\" wall-content\">Si la plupart des familles entendent les motifs avanc\u00e9s par \u00cele-de-France mobilit\u00e9s, elles ne comprennent pas pourquoi une<b> solution alternative<\/b> n\u2019est pas donn\u00e9e par la structure publique. \u00ab Il y a des familles ici qui n\u2019ont <b>pas la possibilit\u00e9<\/b> d\u2019amener leurs enfants \u00e0 l\u2019\u00e9cole parce qu\u2019elles n\u2019ont pas le permis de conduire ni de voiture ou tout simple parce qu\u2019elles travaillent. Des parents ont expliqu\u00e9 \u00e0 la direction de l\u2019\u00e9cole que sans transport, les enfants<b> n\u2019iront plus \u00e0 l\u2019\u00e9cole \u00e0 partir du 5 janvier 2026 <\/b>\u00bb, relate Clara*, habitante du hameau de Vanry \u00e0 Jouarre et m\u00e8re de famille dont l\u2019enfant emprunte quotidiennement le bus.<\/p>\n<p class=\" wall-content\">Le 9 d\u00e9cembre 2025, toutes les familles concern\u00e9es ont adress\u00e9 <b>une p\u00e9tition commune<\/b> par lettre recommand\u00e9e pour maintenir la desserte de l\u2019arr\u00eat \u00e0 \u00cele-de-France mobilit\u00e9s ou a minima trouver une solution. \u00ab Si la desserte au Hameau de Vanry n\u2019est pas maintenue, qu\u2019on nous trouve au moins une solution. On nous laisse comme \u00e7a. C\u2019est tr\u00e8s incertain. Depuis l\u2019envoi du courrier, \u00cele-de-France mobilit\u00e9s ne nous a pas encore r\u00e9pondu \u00bb, explique la m\u00e8re de famille.<\/p>\n<p>Un bus affr\u00e9t\u00e9 par la Ville<\/p>\n<p class=\" wall-content\">Alert\u00e9e par les familles, la Ville de Jouarre a donc d\u00e9cid\u00e9 de prendre en charge le transport des enfants jusqu\u2019\u00e0 l\u2019\u00e9cole. Elle mettra donc en place <b>un bus<\/b> pour permettre aux enfants de se rendre \u00e0 l\u2019\u00e9cole. \u00ab Il s\u2019agira soit d\u2019un agent municipal qui conduira un minibus pour amener les enfants \u00e0 l\u2019\u00e9cole ou nous ferons appel \u00e0 une entreprise de transporteurs mais il y aura <b>continuit\u00e9 du service jusqu\u2019\u00e0 la fin de l\u2019ann\u00e9e scolaire<\/b>, c\u2019est s\u00fbr et certain \u00bb, pr\u00e9cise Fabien Vall\u00e9e, maire de Jouarre.\u00a0Une premi\u00e8re option de desserte a \u00e9t\u00e9 propos\u00e9e aux familles\u2026 avec une correspondance. Le bus mis en place par la Ville am\u00e8nerait les enfants jusqu\u2019\u00e0 Courcelles pour rejoindre un autre bus, lui g\u00e9r\u00e9 par \u00cele-de-France mobilit\u00e9s, pour arriver jusqu\u2019au groupe scolaire.<\/p>\n<p>    <img   decoding=\"async\" loading=\"lazy\" class=\"size-large\" src=\"https:\/\/www.europesays.com\/fr\/wp-content\/uploads\/2025\/12\/dec513ab55496e2d513ab5549c6d51v-960x640.jpeg\" alt=\"Les n\u00e9gociations entre la mairie de Jouarre et Ile-de-France Mobilit\u00e9s sont en cours.\" width=\"960\" height=\"640\"\/><br \/>\n    Les n\u00e9gociations entre la mairie de Jouarre et Ile-de-France Mobilit\u00e9s sont en cours. \u00a9Ga\u00eblle Kabongo<\/p>\n<p class=\" wall-content\">Avis mitig\u00e9 chez les parents. \u00ab C\u2019est mieux que rien, conc\u00e8de Clara, mais ce n\u2019est <b>pas une solution p\u00e9renne<\/b>. Qu\u2019en est-il de la responsabilit\u00e9 d\u2019\u00cele-de-France mobilit\u00e9s ? On nous parle de suspension mais \u00e0 la fin \u00e7a peut finir en suppression \u00bb, affirme cette habitante de Vanry. Quant \u00e0 la seconde option, le bus effectuera un trajet direct jusqu\u2019au groupement scolaire. \u00ab Tout d\u00e9pendra des modalit\u00e9s. C\u2019est une possibilit\u00e9 \u00bb, affirme l\u2019\u00e9dile de la commune.<\/p>\n<p>Aucune solution, selon IDFM<\/p>\n<p class=\" wall-content\">Contact\u00e9, \u00cele-de-France mobilit\u00e9s se dit <b>navr\u00e9 <\/b>par cette situation mais affirme avoir les poings li\u00e9s. Selon la structure, <b>aucune option<\/b> n\u2019est possible, m\u00eame pas le report \u00e0 l\u2019arr\u00eat situ\u00e9 \u00e0 l\u2019entr\u00e9e du hameau de Vanry sur la D\u00e9partementale. \u00ab La <b>s\u00e9curit\u00e9 des enfants et des conducteurs reste notre priorit\u00e9<\/b> et nous ne pouvons pas laisser des petits enfants traverser une d\u00e9partementale ou faire 10\u00a0minutes \u00e0 pied jusqu\u2019\u00e0 la d\u00e9partementale en l\u2019absence de trottoir. \u00bb<\/p>\n<p>Votre r\u00e9gion, votre actu !<\/p>\n<p>Recevez chaque jour les infos qui comptent pour vous.<\/p>\n<p>\t<a href=\"https:\/\/actu.fr\/newsletter\" class=\"ac-btn ac-btn--corner ac-btn--medium ac-btn--blue800\" target=\"_blank\" rel=\"noopener\">S&rsquo;incrire<\/a><br \/>\nTravaux sur la voirie<\/p>\n<p>Pour r\u00e9gler la probl\u00e9matique du passage de bus, la Ville de Jouarre et \u00cele-de-France mobilit\u00e9s r\u00e9fl\u00e9chissent \u00e0 am\u00e9nager les voies communales pour cr\u00e9er une solution de contournement du bus sans effectuer de marche arri\u00e8re. Cependant, la Ville doit acqu\u00e9rir une portion de terrain d\u00e9tenue pour l&rsquo;instant par des propri\u00e9taires priv\u00e9s. \u00a0\u00bb Nous sommes en discussion avec deux propri\u00e9taires. Ce type de projet prend du temps. Nous avons des contraintes techniques li\u00e9es aux inondations, on ne peut pas construire \u00e7a partout \u00a0\u00bb explique Fabien Vall\u00e9e. La commune pourra b\u00e9n\u00e9ficier d&rsquo;une subvention de la R\u00e9gion (jusqu&rsquo;\u00e0 70 % selon IDFM) pour financer ces travaux estim\u00e9s au minimum \u00e0 50 000\u00a0\u20ac.<\/p>\n<p class=\" wall-content\">L\u2019\u00e9tablissement de transport public se dit toujours ouvert \u00e0 discuter avec les autorit\u00e9s municipales. \u00ab Nous restons bien \u00e9videmment dispos\u00e9s \u00e0 <b>travailler avec la mairie<\/b> pour mettre en \u0153uvre la solution envisag\u00e9e ou toute autre solution alternative s\u00e9curitaire, et le cas \u00e9ch\u00e9ant, subventionner les travaux, si tant est que la mairie puisse nous r\u00e9pondre. \u00bb<\/p>\n<p>* Son pr\u00e9nom a \u00e9t\u00e9 modifi\u00e9<\/p>\n<p class=\" wall-content\">Personnalisez votre actualit\u00e9 en ajoutant vos villes et m\u00e9dias en favori avec <a href=\"https:\/\/moncompte.actu.fr\" title=\"D\u00e9couvez Mon Actu\" rel=\"nofollow noopener\" data-trk=\"{&quot;cta&quot;:{&quot;action&quot;:&quot;https:\\\/\\\/moncompte.actu.fr&quot;,&quot;category&quot;:&quot;mon compte&quot;,&quot;from&quot;:&quot;article footer&quot;,&quot;name&quot;:&quot;Mon actu&quot;,&quot;type&quot;:&quot;cta&quot;}}\" target=\"_blank\">Mon Actu<\/a>.<\/p>\n","protected":false},"excerpt":{"rendered":"Par Gaelle Kabongo Publi\u00e9 le 24 d\u00e9c. 2025 \u00e0 7h30 C\u2019\u00e9tait son dernier passage. Chaque matin, un bus&hellip;\n","protected":false},"author":2,"featured_media":619466,"comment_status":"","ping_status":"","sticky":false,"template":"","format":"standard","meta":{"footnotes":""},"categories":[1592],"tags":[1111,11,12431,1777,674,1011,27,662,10883,12,626,25,104,2803],"class_list":{"0":"post-619465","1":"post","2":"type-post","3":"status-publish","4":"format-standard","5":"has-post-thumbnail","7":"category-ile-de-france","8":"tag-actu","9":"tag-actualites","10":"tag-carte-scolaire","11":"tag-eu","12":"tag-europe","13":"tag-fr","14":"tag-france","15":"tag-ile-de-france","16":"tag-ile-de-france-mobilites","17":"tag-news","18":"tag-paris","19":"tag-republique-francaise","20":"tag-societe","21":"tag-transport"},"share_on_mastodon":{"url":"https:\/\/pubeurope.com\/@fr\/115773290721542734","error":""},"_links":{"self":[{"href":"https:\/\/www.europesays.com\/fr\/wp-json\/wp\/v2\/posts\/619465","targetHints":{"allow":["GET"]}}],"collection":[{"href":"https:\/\/www.europesays.com\/fr\/wp-json\/wp\/v2\/posts"}],"about":[{"href":"https:\/\/www.europesays.com\/fr\/wp-json\/wp\/v2\/types\/post"}],"author":[{"embeddable":true,"href":"https:\/\/www.europesays.com\/fr\/wp-json\/wp\/v2\/users\/2"}],"replies":[{"embeddable":true,"href":"https:\/\/www.europesays.com\/fr\/wp-json\/wp\/v2\/comments?post=619465"}],"version-history":[{"count":0,"href":"https:\/\/www.europesays.com\/fr\/wp-json\/wp\/v2\/posts\/619465\/revisions"}],"wp:featuredmedia":[{"embeddable":true,"href":"https:\/\/www.europesays.com\/fr\/wp-json\/wp\/v2\/media\/619466"}],"wp:attachment":[{"href":"https:\/\/www.europesays.com\/fr\/wp-json\/wp\/v2\/media?parent=619465"}],"wp:term":[{"taxonomy":"category","embeddable":true,"href":"https:\/\/www.europesays.com\/fr\/wp-json\/wp\/v2\/categories?post=619465"},{"taxonomy":"post_tag","embeddable":true,"href":"https:\/\/www.europesays.com\/fr\/wp-json\/wp\/v2\/tags?post=619465"}],"curies":[{"name":"wp","href":"https:\/\/api.w.org\/{rel}","templated":true}]}}