{"id":619467,"date":"2025-12-24T07:09:12","date_gmt":"2025-12-24T07:09:12","guid":{"rendered":"https:\/\/www.europesays.com\/fr\/619467\/"},"modified":"2025-12-24T07:09:12","modified_gmt":"2025-12-24T07:09:12","slug":"requeil-quarante-sept-habitants-en-visite-a-paris","status":"publish","type":"post","link":"https:\/\/www.europesays.com\/fr\/619467\/","title":{"rendered":"Requeil. Quarante-sept\u00a0habitants en visite \u00e0 Paris"},"content":{"rendered":"<p>La journ\u00e9e du jeudi 18\u00a0d\u00e9cembre a \u00e9t\u00e9 tr\u00e8s occup\u00e9e pour les 47\u00a0participants \u00e0 un voyage \u00e0 Paris, en majorit\u00e9 des habitants de Requeil. L\u2019initiative \u00e9manait de l\u2019association \u00ab\u00a0Culture et patrimoine\u00a0requeillois\u00a0\u00bb. Le temps \u00e9tait au beau fixe. \u00c0 l\u2019Assembl\u00e9e nationale, Eric Martineau, d\u00e9put\u00e9 de la circonscription, a accueilli les visiteurs. \u00c0 travers plusieurs anecdotes il a d\u00e9crit les fonctions d\u2019un d\u00e9put\u00e9 et tordu le cou \u00e0 certaines id\u00e9es re\u00e7ues. Les visiteurs ont pu assister \u00e0 une s\u00e9ance de l\u2019Assembl\u00e9e nationale, dans sa diversit\u00e9.<\/p>\n<p>Direction ensuite Notre-Dame de Paris, o\u00f9 un autre guide \u00e9clair\u00e9 attendait les voyageurs, Patrick Jouenne, g\u00e2cheur, autrement dit le charpentier qui a dirig\u00e9 les travaux de remplacement de la fl\u00e8che de la cath\u00e9drale. D\u2019autres sp\u00e9cialistes pr\u00e9sents, les tailleurs de pierre de Notre-Dame de la Faigne, ont donn\u00e9 eux aussi d\u2019utiles renseignements sur l\u2019architecture de l\u2019\u00e9difice.<\/p>\n<p>Le groupe sur le seuil du palais Bourbon, accueilli par le d\u00e9put\u00e9 Eric Martineau.<\/p>\n<p>Culture et patrimoine requeillois<\/p>\n<p>\u00a0<\/p>\n","protected":false},"excerpt":{"rendered":"La journ\u00e9e du jeudi 18\u00a0d\u00e9cembre a \u00e9t\u00e9 tr\u00e8s occup\u00e9e pour les 47\u00a0participants \u00e0 un voyage \u00e0 Paris, en&hellip;\n","protected":false},"author":2,"featured_media":619468,"comment_status":"","ping_status":"","sticky":false,"template":"","format":"standard","meta":{"footnotes":""},"categories":[1888],"tags":[1111,1928,11,1927,1777,674,1011,27,4021,2047,12,1926,626,1925,72950,25,72949,510],"class_list":{"0":"post-619467","1":"post","2":"type-post","3":"status-publish","4":"format-standard","5":"has-post-thumbnail","7":"category-paris","8":"tag-actu","9":"tag-actu-paris","10":"tag-actualites","11":"tag-actualites-paris","12":"tag-eu","13":"tag-europe","14":"tag-fr","15":"tag-france","16":"tag-habitants","17":"tag-mans","18":"tag-news","19":"tag-news-paris","20":"tag-paris","21":"tag-paris-news","22":"tag-quarante-sept","23":"tag-republique-francaise","24":"tag-requeil","25":"tag-visite"},"share_on_mastodon":{"url":"https:\/\/pubeurope.com\/@fr\/115773293506031988","error":""},"_links":{"self":[{"href":"https:\/\/www.europesays.com\/fr\/wp-json\/wp\/v2\/posts\/619467","targetHints":{"allow":["GET"]}}],"collection":[{"href":"https:\/\/www.europesays.com\/fr\/wp-json\/wp\/v2\/posts"}],"about":[{"href":"https:\/\/www.europesays.com\/fr\/wp-json\/wp\/v2\/types\/post"}],"author":[{"embeddable":true,"href":"https:\/\/www.europesays.com\/fr\/wp-json\/wp\/v2\/users\/2"}],"replies":[{"embeddable":true,"href":"https:\/\/www.europesays.com\/fr\/wp-json\/wp\/v2\/comments?post=619467"}],"version-history":[{"count":0,"href":"https:\/\/www.europesays.com\/fr\/wp-json\/wp\/v2\/posts\/619467\/revisions"}],"wp:featuredmedia":[{"embeddable":true,"href":"https:\/\/www.europesays.com\/fr\/wp-json\/wp\/v2\/media\/619468"}],"wp:attachment":[{"href":"https:\/\/www.europesays.com\/fr\/wp-json\/wp\/v2\/media?parent=619467"}],"wp:term":[{"taxonomy":"category","embeddable":true,"href":"https:\/\/www.europesays.com\/fr\/wp-json\/wp\/v2\/categories?post=619467"},{"taxonomy":"post_tag","embeddable":true,"href":"https:\/\/www.europesays.com\/fr\/wp-json\/wp\/v2\/tags?post=619467"}],"curies":[{"name":"wp","href":"https:\/\/api.w.org\/{rel}","templated":true}]}}