{"id":619471,"date":"2025-12-24T07:11:39","date_gmt":"2025-12-24T07:11:39","guid":{"rendered":"https:\/\/www.europesays.com\/fr\/619471\/"},"modified":"2025-12-24T07:11:39","modified_gmt":"2025-12-24T07:11:39","slug":"paris-preparation-dune-vente-aux-encheres-dune-centaine-doeuvres-de-lartiste-marie-vassilieff","status":"publish","type":"post","link":"https:\/\/www.europesays.com\/fr\/619471\/","title":{"rendered":"Paris. Pr\u00e9paration d\u2019une vente aux ench\u00e8res d\u2019une centaine d\u2019oeuvres de l\u2019artiste Marie Vassilieff"},"content":{"rendered":"<p>            <a href=\"https:\/\/unidivers.fr\/wp-content\/uploads\/2025\/11\/maria-vassilieff-7.jpg\" data-caption=\"\" target=\"_blank\" rel=\"noopener\"><img loading=\"lazy\" decoding=\"async\" width=\"696\" height=\"392\" class=\"entry-thumb td-modal-image\" src=\"https:\/\/www.europesays.com\/fr\/wp-content\/uploads\/2025\/12\/maria-vassilieff-7-696x392.jpg\"   alt=\"Maria Vassilieff\" title=\"Maria Vassilieff (7)\" data-eio=\"p\"\/><\/a><\/p>\n<p>Une vente aux ench\u00e8res des \u0153uvres de la peintre, sculptrice et d\u00e9coratrice Marie Vassilieff (1884-1957) est pr\u00e9vue, dans un appartement\u00a0<a href=\"https:\/\/www.connaissancedesarts.com\/metiers_art\/artisan-art\/biennale-emergences-a-pantin-des-expositions-gratuites-qui-mettent-en-lumiere-les-artisans-dart-de-lest-parisien-11182283\/\" target=\"_blank\" rel=\"noopener\">parisien<\/a>\u00a0du 9e arrondissement de Paris, samedi 6 juin 2026. <\/p>\n<p><strong>Orchestr\u00e9e par le commissaire-priseur Aymeric Rouillac, la vente aux ench\u00e8res r\u00e9unira des toiles du collectionneur Claude Bern\u00e8s qui, passionn\u00e9 par cette artiste russe, a consacr\u00e9 quarante ann\u00e9es de sa vie \u00e0 rassembler ses \u0153uvres.<\/strong><\/p>\n<p><img fetchpriority=\"high\" decoding=\"async\" width=\"1000\" height=\"839\" src=\"https:\/\/www.europesays.com\/fr\/wp-content\/uploads\/2025\/12\/maria-vassilieff-10.jpg\" alt=\"Maria Vassilieff\" class=\"wp-image-3472736\"   data-eio=\"p\"\/><\/p>\n<p><strong>Les estimations n\u2019ont pas encore \u00e9t\u00e9 rendues publiques<\/strong>, mais certains param\u00e8tres de march\u00e9 existent d\u00e9j\u00e0. Le <strong>commissaire priseur du Val de Loire Aymeric Rouillac <\/strong>doit au pr\u00e9alable \u00e9tablir les estimations des \u0153uvres, tout en tenant compte, d\u2019une part, de l\u2019absence des collectionneurs russes qui soutenaient ce march\u00e9 et, d\u2019autre part, du fait que les artistes femmes de cette \u00e9poque ne sont pas encore suffisamment reconnues. Il explique aussi que le contexte actuel signale des tendances divergentes. La collection est cependant unique ! Construite avec rigueur pendant des d\u00e9cennies, elle permet une lecture globale et coh\u00e9rente du parcours de Marie Vassilieff.<\/p>\n<p class=\"has-text-align-left\">Aymeric Rouillac\u00a0 ajoute que l\u2019\u0153uvre <strong>Pierrot sa maman et son chat,<\/strong> <strong>r\u00e9alis\u00e9e par Marie Vassilieff en 1929, a \u00e9t\u00e9 adjug\u00e9e 36 000 euros<\/strong> au mois de\u00a0mai 2025 \u00e0 Stockholm en Su\u00e8de.<\/p>\n<p><img loading=\"lazy\" decoding=\"async\" width=\"1920\" height=\"1564\" src=\"https:\/\/www.europesays.com\/fr\/wp-content\/uploads\/2025\/12\/maria-vassilieff-1920x1564.jpg\" alt=\"Maria Vassilieff \" class=\"wp-image-3472738\"  \/><\/p>\n<p>C\u2019est dans un appartement du 9e arrondissement de Paris que le commissaire priseur pr\u00e9sente cette collection unique, tr\u00e9sor de <strong>Claude Bern\u00e8s <\/strong>(1941-2025), un amoureux inconditionnel de la peinture. Claude Bern\u00e8s\u00a0fut l\u2019expert incontest\u00e9 de Marie Vassilieff, contribuant \u00e0 la pr\u00e9servation de son h\u00e9ritage.\u00a0<\/p>\n<p>Ce sont dans les ann\u00e9es 1970 qu\u2019il acquiert ses premi\u00e8res \u0153uvres de l\u2019artiste d\u2019origine russe lors d\u2019une vente publique. Il en ressort fascin\u00e9. A partir de l\u00e0, il consacre une quarantaine d\u2019ann\u00e9es \u00e0 identifier et \u00e0 r\u00e9unir des peintures, des dessins, des documents et des objets li\u00e9s \u00e0 Marie Vassilieff, jusqu\u2019\u00e0 former une collection de plus d\u2019une centaine d\u2019\u0153uvres dont la vari\u00e9t\u00e9 permet aujourd\u2019hui de retracer, au fil des ans, l\u2019\u00e9volution stylistique de l\u2019artiste entre les deux Guerres mondiales : les ann\u00e9es folles et au-del\u00e0\u2026<\/p>\n<p><img loading=\"lazy\" decoding=\"async\" width=\"825\" height=\"968\" src=\"https:\/\/www.europesays.com\/fr\/wp-content\/uploads\/2025\/12\/maria-vassilieff-12-1.jpg\" alt=\"Maria Vassilieff \" class=\"wp-image-3472741\"   data-eio=\"p\"\/>Claude Bern\u00e8s<\/p>\n<p><strong>Biographie<\/strong> :<\/p>\n<p>De son nom de naissance, Maria Ivanovna Vassilieva, <strong>Marie Vassilieff<\/strong> vint au monde \u00e0 Smolensk en Russie 12 f\u00e9vrier 1884. Sa famille est ais\u00e9e et esp\u00e8re que la jeune Maria Vassilieva se lancera dans des \u00e9tudes de m\u00e9decine. Cependant ce qui int\u00e9resse la jeune fille, c\u2019est l\u2019art.<\/p>\n<p><img loading=\"lazy\" decoding=\"async\" width=\"931\" height=\"1294\" src=\"https:\/\/www.europesays.com\/fr\/wp-content\/uploads\/2025\/12\/maria-vassilieff-4.jpg\" alt=\"Maria Vassilieff \" class=\"wp-image-3472730\"   data-eio=\"p\"\/>Maria Vassilieff <\/p>\n<p>En 1903, elle a 19 ans et entre \u00e0 l\u2019Acad\u00e9mie imp\u00e9riale des Beaux-Arts de Saint-P\u00e9tersbourg. Deux ans plus tard, elle arrive \u00e0 Paris, capitale artistique du monde. Elle s\u2019int\u00e8gre rapidement dans la peinture avant-gardiste, notamment en fr\u00e9quentant l\u2019atelier du peintre Henri Matisse (1869-1954) \u00e0 l\u2019\u00e9cole des Beaux Arts, avec lequel elle se lie d\u2019amiti\u00e9, et participe \u00e0 la vie artistique. <\/p>\n<p>En parall\u00e8le, pour gagner sa vie, elle est correspondante pour plusieurs journaux russes. Lorsque l\u2019atelier d\u2019Henri Matisse ferme, <strong>Marie Vassilieff<\/strong>, \u00e0 la personnalit\u00e9 singuli\u00e8re, ouvre l\u2019<strong>Acad\u00e9mie Vassilieff<\/strong>, avenue du Maine dans le 14e arrondissement, en 1912. Autour de son atelier, une grande partie de la communaut\u00e9 du quartier Montparnasse s\u2019organise. <\/p>\n<p>Au cours d\u2019un s\u00e9jour en Russie de deux ans, o\u00f9 elle revoit une derni\u00e8re fois ses parents, elle expose en mars 1916 \u00e0 Moscou, pour la premi\u00e8re fois, les poup\u00e9es qui la rendront c\u00e9l\u00e8bre. Outre ses dessins et ses peintures, elle fabrique d\u00e9sormais des poup\u00e9es repr\u00e9sentant ses amis et ses connaissances ; elles sont assembl\u00e9es \u00e0 partir de mat\u00e9riaux tels le carton et les chutes de tissus.<\/p>\n<p><img loading=\"lazy\" decoding=\"async\" width=\"555\" height=\"740\" data-id=\"3472731\" src=\"https:\/\/www.europesays.com\/fr\/wp-content\/uploads\/2025\/12\/maria-vassilieff-5.jpg\" alt=\"Maria Vassilieff \" class=\"wp-image-3472731\"   data-eio=\"p\"\/><\/p>\n<p><img loading=\"lazy\" decoding=\"async\" width=\"425\" height=\"630\" data-id=\"3472742\" src=\"https:\/\/www.europesays.com\/fr\/wp-content\/uploads\/2025\/12\/maria-vassilieff-1-3.jpg\" alt=\"\" class=\"wp-image-3472742\"   data-eio=\"p\"\/><\/p>\n<p>Marie Vassilieff retrouve sa place sur la sc\u00e8ne de Montparnasse en 1917. Maintenant maman, elle peint de nombreux portraits de son fils Pierre. Elle devient une artiste pluridisciplinaire et con\u00e7oit des affiches publicitaires pour des bals, mais pas seulement. Son art se d\u00e9ploie dans plusieurs univers. <\/p>\n<p>En 1927, elle participe, avec de nombreux autres artistes, \u00e0 la d\u00e9coration int\u00e9rieure de la c\u00e9l\u00e8bre brasserie La Coupole sur le boulevard du Montparnasse, aujourd\u2019hui consid\u00e9r\u00e9e comme un lieu embl\u00e9matique de la vie nocturne parisienne. Elle r\u00e9alise la d\u00e9coration de deux piliers dont l\u2019un accueille le portrait de son ami compositeur Claude Duboscq avec un renard juch\u00e9 sur son \u00e9paule et la Vierge noire.<\/p>\n<p><img loading=\"lazy\" decoding=\"async\" width=\"397\" height=\"328\" data-id=\"3472728\" src=\"https:\/\/www.europesays.com\/fr\/wp-content\/uploads\/2025\/12\/maria-vassilieff-2.jpg\" alt=\"Maria Vassilieff \" class=\"wp-image-3472728\"   data-eio=\"p\"\/><\/p>\n<p><img loading=\"lazy\" decoding=\"async\" width=\"454\" height=\"564\" data-id=\"3472740\" src=\"https:\/\/www.europesays.com\/fr\/wp-content\/uploads\/2025\/12\/maria-vassilieff.webp.webp\" alt=\"Maria Vassilieff \" class=\"wp-image-3472740\"  \/><\/p>\n<p><img loading=\"lazy\" decoding=\"async\" width=\"1330\" height=\"1440\" data-id=\"3472739\" src=\"https:\/\/www.europesays.com\/fr\/wp-content\/uploads\/2025\/12\/maria-vassilieff-12.jpg\" alt=\"Maria Vassilieff \" class=\"wp-image-3472739\"   data-eio=\"p\"\/><\/p>\n<p>Dans les ann\u00e9es 1940, Marie Vassilieff se lance dans la c\u00e9ramique pour cr\u00e9er des pi\u00e8ces de table, des vases et des sculptures. Elle r\u00e9alise aussi, en 1949, des sculptures mystiques et \u00e9rotiques.<\/p>\n<p><img loading=\"lazy\" decoding=\"async\" width=\"787\" height=\"1037\" data-id=\"3472735\" src=\"https:\/\/www.europesays.com\/fr\/wp-content\/uploads\/2025\/12\/maria-vassilieff-9.jpg\" alt=\"Maria Vassilieff \" class=\"wp-image-3472735\"   data-eio=\"p\"\/><\/p>\n<p><img loading=\"lazy\" decoding=\"async\" width=\"978\" height=\"1440\" data-id=\"3472734\" src=\"https:\/\/www.europesays.com\/fr\/wp-content\/uploads\/2025\/12\/maria-vassilieff-8.jpg\" alt=\"Maria Vassilieff \" class=\"wp-image-3472734\"   data-eio=\"p\"\/><\/p>\n<p>Marie Vassilieff se retire de la sc\u00e8ne artistique dans les ann\u00e9es 1950. Elle r\u00e9side \u00e0 la Maison nationale de retraite des artistes de Nogent-sur-Marne (94). Elle s\u2019\u00e9teint, \u00e0 l\u2019\u00e2ge de 73 ans, le 14 mai 1957, et est inhum\u00e9e au cimeti\u00e8re de Nogent-sur-Marne.<\/p>\n<p>La vente repr\u00e9sentera un banc d\u2019essai pour la r\u00e9\u00e9valuation critique et \u00e9conomique de Marie Vassilieff. Cette collection unique, construite avec rigueur pendant des d\u00e9cennies, permettra une lecture globale et coh\u00e9rente de son parcours. <\/p>\n","protected":false},"excerpt":{"rendered":"Une vente aux ench\u00e8res des \u0153uvres de la peintre, sculptrice et d\u00e9coratrice Marie Vassilieff (1884-1957) est pr\u00e9vue, dans&hellip;\n","protected":false},"author":2,"featured_media":619472,"comment_status":"","ping_status":"","sticky":false,"template":"","format":"standard","meta":{"footnotes":""},"categories":[1888],"tags":[11,1777,674,1011,27,12,626,25],"class_list":{"0":"post-619471","1":"post","2":"type-post","3":"status-publish","4":"format-standard","5":"has-post-thumbnail","7":"category-paris","8":"tag-actualites","9":"tag-eu","10":"tag-europe","11":"tag-fr","12":"tag-france","13":"tag-news","14":"tag-paris","15":"tag-republique-francaise"},"share_on_mastodon":{"url":"https:\/\/pubeurope.com\/@fr\/115773303214176653","error":""},"_links":{"self":[{"href":"https:\/\/www.europesays.com\/fr\/wp-json\/wp\/v2\/posts\/619471","targetHints":{"allow":["GET"]}}],"collection":[{"href":"https:\/\/www.europesays.com\/fr\/wp-json\/wp\/v2\/posts"}],"about":[{"href":"https:\/\/www.europesays.com\/fr\/wp-json\/wp\/v2\/types\/post"}],"author":[{"embeddable":true,"href":"https:\/\/www.europesays.com\/fr\/wp-json\/wp\/v2\/users\/2"}],"replies":[{"embeddable":true,"href":"https:\/\/www.europesays.com\/fr\/wp-json\/wp\/v2\/comments?post=619471"}],"version-history":[{"count":0,"href":"https:\/\/www.europesays.com\/fr\/wp-json\/wp\/v2\/posts\/619471\/revisions"}],"wp:featuredmedia":[{"embeddable":true,"href":"https:\/\/www.europesays.com\/fr\/wp-json\/wp\/v2\/media\/619472"}],"wp:attachment":[{"href":"https:\/\/www.europesays.com\/fr\/wp-json\/wp\/v2\/media?parent=619471"}],"wp:term":[{"taxonomy":"category","embeddable":true,"href":"https:\/\/www.europesays.com\/fr\/wp-json\/wp\/v2\/categories?post=619471"},{"taxonomy":"post_tag","embeddable":true,"href":"https:\/\/www.europesays.com\/fr\/wp-json\/wp\/v2\/tags?post=619471"}],"curies":[{"name":"wp","href":"https:\/\/api.w.org\/{rel}","templated":true}]}}