{"id":619473,"date":"2025-12-24T07:13:15","date_gmt":"2025-12-24T07:13:15","guid":{"rendered":"https:\/\/www.europesays.com\/fr\/619473\/"},"modified":"2025-12-24T07:13:15","modified_gmt":"2025-12-24T07:13:15","slug":"il-ny-a-pas-de-fatalite-a-rester-dans-la-rue","status":"publish","type":"post","link":"https:\/\/www.europesays.com\/fr\/619473\/","title":{"rendered":"\u00ab Il n\u2019y a pas de fatalit\u00e9 \u00e0 rester dans la rue \u00bb"},"content":{"rendered":"<p>En d\u00e9cembre\u00a01891, dans le quartier de la Maison-Blanche du<br \/>\nXIIIe\u00a0arrondissement de Paris, vivent des familles<br \/>\nde tanneurs et tisserands. C\u2019est ici que Paulin Enfert, un la\u00efc<br \/>\ndont le proc\u00e8s de b\u00e9atification est en cours, grandit. Parti se<br \/>\nbattre contre les Prussiens \u00e0 17\u00a0ans, il retrouve un quartier<br \/>\nd\u00e9vast\u00e9 par la Commune. Dans la rue, les enfants sont livr\u00e9s \u00e0<br \/>\neux-m\u00eames. Paulin Enfert leur propose des activit\u00e9s ludiques et<br \/>\nsportives. Il leur enseigne m\u00eame le cat\u00e9chisme, alors qu\u2019un<br \/>\nmouvement antichr\u00e9tien s\u2019est propag\u00e9 au sein de la population.<\/p>\n<p>C\u2019est avec eux que, le soir du 24\u00a0d\u00e9cembre\u00a01891, il<br \/>\norganise l\u2019une des premi\u00e8res soupes populaires de Paris. Il fonde<br \/>\nensuite la Mie de pain. Aujourd\u2019hui, la distribution continue.<br \/>\nL\u2019association (140\u00a0salari\u00e9s, 500\u00a0b\u00e9n\u00e9voles) agit \u00e0<br \/>\ntravers huit structures dans Paris. Florence G\u00e9rard, m\u00e8re de<br \/>\nfamille, pr\u00e9sidente de l\u2019association des \u0152uvres de la Mie de pain<br \/>\ndepuis\u00a02013, revient sur cette histoire.<\/p>\n<p>Comment est n\u00e9e la Mie de pain\u00a0?<\/p>\n<p>Lors de l\u2019hiver tr\u00e8s froid de\u00a01891, alors qu\u2019on donne de la<br \/>\nmie de pain aux oiseaux, des jeunes du patronage Saint-Joseph de la<br \/>\nMaison-Blanche songent qu\u2019ils pourraient donner de grosses mies aux<br \/>\npauvres qui ont faim. D\u2019o\u00f9 le nom de notre association. Au sein du<br \/>\npatronage, ces jeunes, eux-m\u00eames issus de familles tr\u00e8s modestes,<br \/>\nb\u00e9n\u00e9ficient avec Paulin Enfert d\u2019une \u00e9ducation et d\u2019un encadrement.<br \/>\nIls rendent ainsi quelque chose de ce qu\u2019ils ont re\u00e7u \u00e0 ceux qui<br \/>\nn\u2019ont rien. Ils ont l\u2019id\u00e9e de faire appel \u00e0 la g\u00e9n\u00e9rosit\u00e9 des<br \/>\ncommer\u00e7ants et des familles ais\u00e9es du quartier.<\/p>\n","protected":false},"excerpt":{"rendered":"En d\u00e9cembre\u00a01891, dans le quartier de la Maison-Blanche du XIIIe\u00a0arrondissement de Paris, vivent des familles de tanneurs et&hellip;\n","protected":false},"author":2,"featured_media":619474,"comment_status":"","ping_status":"","sticky":false,"template":"","format":"standard","meta":{"footnotes":""},"categories":[1888],"tags":[11,1777,674,1011,27,12,626,25],"class_list":{"0":"post-619473","1":"post","2":"type-post","3":"status-publish","4":"format-standard","5":"has-post-thumbnail","7":"category-paris","8":"tag-actualites","9":"tag-eu","10":"tag-europe","11":"tag-fr","12":"tag-france","13":"tag-news","14":"tag-paris","15":"tag-republique-francaise"},"share_on_mastodon":{"url":"https:\/\/pubeurope.com\/@fr\/115773309137211258","error":""},"_links":{"self":[{"href":"https:\/\/www.europesays.com\/fr\/wp-json\/wp\/v2\/posts\/619473","targetHints":{"allow":["GET"]}}],"collection":[{"href":"https:\/\/www.europesays.com\/fr\/wp-json\/wp\/v2\/posts"}],"about":[{"href":"https:\/\/www.europesays.com\/fr\/wp-json\/wp\/v2\/types\/post"}],"author":[{"embeddable":true,"href":"https:\/\/www.europesays.com\/fr\/wp-json\/wp\/v2\/users\/2"}],"replies":[{"embeddable":true,"href":"https:\/\/www.europesays.com\/fr\/wp-json\/wp\/v2\/comments?post=619473"}],"version-history":[{"count":0,"href":"https:\/\/www.europesays.com\/fr\/wp-json\/wp\/v2\/posts\/619473\/revisions"}],"wp:featuredmedia":[{"embeddable":true,"href":"https:\/\/www.europesays.com\/fr\/wp-json\/wp\/v2\/media\/619474"}],"wp:attachment":[{"href":"https:\/\/www.europesays.com\/fr\/wp-json\/wp\/v2\/media?parent=619473"}],"wp:term":[{"taxonomy":"category","embeddable":true,"href":"https:\/\/www.europesays.com\/fr\/wp-json\/wp\/v2\/categories?post=619473"},{"taxonomy":"post_tag","embeddable":true,"href":"https:\/\/www.europesays.com\/fr\/wp-json\/wp\/v2\/tags?post=619473"}],"curies":[{"name":"wp","href":"https:\/\/api.w.org\/{rel}","templated":true}]}}