{"id":619479,"date":"2025-12-24T07:16:24","date_gmt":"2025-12-24T07:16:24","guid":{"rendered":"https:\/\/www.europesays.com\/fr\/619479\/"},"modified":"2025-12-24T07:16:24","modified_gmt":"2025-12-24T07:16:24","slug":"thierry-breton-et-4-autres-europeens-prives-de-visa-aux-etats-unis-pourquoi-une-telle-sanction","status":"publish","type":"post","link":"https:\/\/www.europesays.com\/fr\/619479\/","title":{"rendered":"Thierry Breton et 4 autres Europ\u00e9ens priv\u00e9s de visa aux \u00c9tats-Unis : pourquoi une telle sanction ?"},"content":{"rendered":"<ul class=\"jsx-862013697 ArticleChapo__List\">\n<li class=\"jsx-862013697 ArticleChapo__List_Item flex\">Les \u00c9tats-Unis ont pris des sanctions \u00e0 l&rsquo;\u00e9gard de cinq Europ\u00e9ens, engag\u00e9s dans la r\u00e9gulation du num\u00e9rique et la lutte contre la d\u00e9sinformation.<\/li>\n<li class=\"jsx-862013697 ArticleChapo__List_Item flex\">On retrouve parmi les personnes vis\u00e9es le Fran\u00e7ais Thierry Breton, ancien commissaire europ\u00e9en.<\/li>\n<li class=\"jsx-862013697 ArticleChapo__List_Item flex\">Celui-ci fustige un \u00ab\u00a0vent de maccarthysme\u00a0\u00bb soufflant sur Washington.<\/li>\n<\/ul>\n<p><a href=\"https:\/\/www.tf1info.fr\/actualite\/etats-unis-election-presidentielle-americaine-2024-donald-trump-vs-kamala-harris-13534\/\" rel=\"noopener\" class=\"jsx-484472199 Link jsx-1428418400 jsx-554215408\" target=\"_blank\"><\/p>\n<p style=\"font-weight:400\" class=\"jsx-1837267516\">Suivez la couverture compl\u00e8te<\/p>\n<p style=\"font-weight:800\" class=\"jsx-1837267516\">Le second mandat de Donald Trump<\/p>\n<p><\/a><\/p>\n<p data-module=\"article-paragraph\" class=\"jsx-157965717 Paragraph Paragraph__End\">Engag\u00e9es pour une stricte r\u00e9gulation de la tech et contre la d\u00e9sinformation en ligne, cinq personnalit\u00e9s europ\u00e9ennes sont dans le collimateur de l&rsquo;administration Trump, qui a annonc\u00e9 mardi 23 d\u00e9cembre les sanctionner. Les agissements de ces personnes, qui se voient d\u00e9sormais interdites de s\u00e9jour aux \u00c9tats-Unis, s&rsquo;apparentent \u00e0 de la \u00ab\u00a0censure\u00a0\u00bb au d\u00e9triment des int\u00e9r\u00eats am\u00e9ricains, a justifi\u00e9 le d\u00e9partement d&rsquo;\u00c9tat. Parmi les individus vis\u00e9s, on retrouve un ancien commissaire europ\u00e9en, le Fran\u00e7ais Thierry Breton, qui a <a href=\"https:\/\/x.com\/ThierryBreton\/status\/2003604440356704588\" target=\"_blank\">d\u00e9nonc\u00e9 (nouvelle fen\u00eatre)<\/a> un \u00ab\u00a0vent de maccarthysme\u00a0\u00bb.<\/p>\n<p>Washington d\u00e9nonce une forme de censure dans l&rsquo;UE<\/p>\n<p data-module=\"article-paragraph\" class=\"jsx-157965717 Paragraph\">\u00ab\u00a0Depuis trop longtemps, les id\u00e9ologues europ\u00e9ens m\u00e8nent des actions concert\u00e9es pour contraindre les plateformes am\u00e9ricaines \u00e0 sanctionner les opinions am\u00e9ricaines auxquelles ils s&rsquo;opposent\u00a0\u00bb, a lanc\u00e9 sur X le chef de la diplomatie am\u00e9ricaine, Marco Rubio. \u00ab\u00a0L&rsquo;administration Trump ne tol\u00e9rera plus ces actes flagrants de censure extraterritoriale\u00a0\u00bb, a-t-il ajout\u00e9, d\u00e9non\u00e7ant \u00ab\u00a0un complexe industriel mondial de la censure\u00a0\u00bb.<\/p>\n<p data-module=\"article-paragraph\" class=\"jsx-157965717 Paragraph\">Le Fran\u00e7ais Thierry Breton est l&rsquo;une des personnes vis\u00e9es par Washington. Ancien ministre et artisan de la directive europ\u00e9enne sur les services num\u00e9riques, il a \u00e9t\u00e9 commissaire au March\u00e9 int\u00e9rieur de 2019 \u00e0 2024, avec de larges comp\u00e9tences en particulier sur les dossiers num\u00e9riques et industriels. Sur X, il a r\u00e9agi en d\u00e9plorant un \u00ab\u00a0vent de maccarthysme\u00a0\u00bb aux \u00c9tats-Unis, en r\u00e9f\u00e9rence \u00e0 la chasse aux sorci\u00e8res anticommuniste men\u00e9e par le s\u00e9nateur am\u00e9ricain Joseph McCarthy dans les ann\u00e9es 1950. \u00ab\u00a0Pour rappel : 90% du Parlement europ\u00e9en &#8211; d\u00e9mocratiquement \u00e9lu &#8211; et les Vingt-Sept \u00c9tats membres \u00e0 l&rsquo;unanimit\u00e9 ont vot\u00e9 le DSA\u00a0\u00bb, la l\u00e9gislation europ\u00e9enne sur le num\u00e9rique, a-t-il soulign\u00e9. \u00ab\u00a0La censure n&rsquo;est pas l\u00e0 o\u00f9 vous le pensez\u00a0\u00bb, a-t-il gliss\u00e9, s&rsquo;adressant aux Am\u00e9ricains.<\/p>\n<p data-module=\"article-paragraph\" class=\"jsx-157965717 Paragraph Paragraph__End\">Jean-No\u00ebl Barrot, le chef de la diplomatie fran\u00e7aise, a pour sa part estim\u00e9 que \u00ab\u00a0les peuples de l&rsquo;Europe sont libres et souverains et ne sauraient se faire imposer par d&rsquo;autres les r\u00e8gles s&rsquo;appliquant \u00e0 leur espace num\u00e9rique\u00a0\u00bb. Les quatre autres personnes sanctionn\u00e9es font partie d&rsquo;ONG engag\u00e9es dans la lutte contre la d\u00e9sinformation et la haine en ligne au Royaume-Uni et en Allemagne. Il s&rsquo;agit d&rsquo;Imran Ahmed, qui dirige le Center for Countering Digital Hate (CCDH), de Clare Melford, \u00e0 la t\u00eate d&rsquo;un index de la d\u00e9sinformation (GDI) bas\u00e9 au Royaume-Uni, ainsi que d&rsquo;Anna-Lena von Hodenberg, fondatrice de HateAid, une ONG allemande, et de sa coll\u00e8gue Josephine Ballon.\u00a0<\/p>\n<p><a href=\"https:\/\/www.tf1info.fr\/international\/nous-voulons-la-securite-quand-donald-trump-annonce-un-controle-numerique-pour-les-touristes-entrant-aux-etats-unis-2412231.html\" rel=\"noopener\" class=\"jsx-3308031228 Link flex\" target=\"_blank\"><img decoding=\"async\" src=\"https:\/\/www.europesays.com\/fr\/wp-content\/uploads\/2025\/12\/etats-unis-donald-trump-instaure-un-controle-numerique-pour-les-touristes-1-07d8f5-0@1x.jpeg\" alt=\"Capture LCI\" loading=\"lazy\" importance=\"low\" fetchpriority=\"low\" class=\"\" aria-hidden=\"true\"\/><\/p>\n<p class=\"jsx-3657663356 ReadMoreArticle__Title\">Lire aussi<\/p>\n<p class=\"jsx-3657663356\">\u00ab\u00a0Nous voulons la s\u00e9curit\u00e9\u00a0\u00bb : Trump annonce un contr\u00f4le num\u00e9rique pour les touristes entrant aux \u00c9tats-Unis <\/p>\n<p><\/a><\/p>\n<p data-module=\"article-paragraph\" class=\"jsx-157965717 Paragraph Paragraph__End\">Soulignons que si les Europ\u00e9ens n&rsquo;ont g\u00e9n\u00e9ralement pas besoin de visa pour se rendre aux \u00c9tats-Unis, ils doivent toutefois obtenir une autorisation \u00e9lectronique de voyage (ESTA) pr\u00e9alable \u00e0 tout d\u00e9placement dans le pays. En mai, le secr\u00e9taire d&rsquo;\u00c9tat am\u00e9ricain avait d\u00e9j\u00e0 annonc\u00e9 des restrictions de visas pour les \u00e9trangers accus\u00e9s de \u00ab\u00a0censurer les Am\u00e9ricains\u00a0\u00bb, affirmant que la libert\u00e9 d&rsquo;expression \u00e9tait \u00ab\u00a0essentielle au mode de vie am\u00e9ricain\u00a0\u00bb.<\/p>\n<p>TD avec AFP<\/p>\n","protected":false},"excerpt":{"rendered":"Les \u00c9tats-Unis ont pris des sanctions \u00e0 l&rsquo;\u00e9gard de cinq Europ\u00e9ens, engag\u00e9s dans la r\u00e9gulation du num\u00e9rique et&hellip;\n","protected":false},"author":2,"featured_media":619480,"comment_status":"","ping_status":"","sticky":false,"template":"","format":"standard","meta":{"footnotes":""},"categories":[1589],"tags":[1111,11,1921,73,1866,1922,310,2497,12,364,1864,1865,1863,308,133,1920],"class_list":{"0":"post-619479","1":"post","2":"type-post","3":"status-publish","4":"format-standard","5":"has-post-thumbnail","7":"category-etats-unis","8":"tag-actu","9":"tag-actualites","10":"tag-article-video","11":"tag-etats-unis","12":"tag-etats-unis-damerique","13":"tag-info","14":"tag-internet","15":"tag-le-second-mandat-de-donald-trump","16":"tag-news","17":"tag-union-europeenne","18":"tag-united-states","19":"tag-united-states-of-america","20":"tag-us","21":"tag-usa","22":"tag-video","23":"tag-video-international"},"share_on_mastodon":{"url":"https:\/\/pubeurope.com\/@fr\/115773321703472977","error":""},"_links":{"self":[{"href":"https:\/\/www.europesays.com\/fr\/wp-json\/wp\/v2\/posts\/619479","targetHints":{"allow":["GET"]}}],"collection":[{"href":"https:\/\/www.europesays.com\/fr\/wp-json\/wp\/v2\/posts"}],"about":[{"href":"https:\/\/www.europesays.com\/fr\/wp-json\/wp\/v2\/types\/post"}],"author":[{"embeddable":true,"href":"https:\/\/www.europesays.com\/fr\/wp-json\/wp\/v2\/users\/2"}],"replies":[{"embeddable":true,"href":"https:\/\/www.europesays.com\/fr\/wp-json\/wp\/v2\/comments?post=619479"}],"version-history":[{"count":0,"href":"https:\/\/www.europesays.com\/fr\/wp-json\/wp\/v2\/posts\/619479\/revisions"}],"wp:featuredmedia":[{"embeddable":true,"href":"https:\/\/www.europesays.com\/fr\/wp-json\/wp\/v2\/media\/619480"}],"wp:attachment":[{"href":"https:\/\/www.europesays.com\/fr\/wp-json\/wp\/v2\/media?parent=619479"}],"wp:term":[{"taxonomy":"category","embeddable":true,"href":"https:\/\/www.europesays.com\/fr\/wp-json\/wp\/v2\/categories?post=619479"},{"taxonomy":"post_tag","embeddable":true,"href":"https:\/\/www.europesays.com\/fr\/wp-json\/wp\/v2\/tags?post=619479"}],"curies":[{"name":"wp","href":"https:\/\/api.w.org\/{rel}","templated":true}]}}