{"id":619494,"date":"2025-12-24T07:30:21","date_gmt":"2025-12-24T07:30:21","guid":{"rendered":"https:\/\/www.europesays.com\/fr\/619494\/"},"modified":"2025-12-24T07:30:21","modified_gmt":"2025-12-24T07:30:21","slug":"la-squadra-corsa-repart-de-lavant","status":"publish","type":"post","link":"https:\/\/www.europesays.com\/fr\/619494\/","title":{"rendered":"la Squadra Corsa repart de l&rsquo;avant"},"content":{"rendered":"<p>Port\u00e9 par l&rsquo;ancienne mandature du pr\u00e9sident Jean-Simon Savelli, le projet de la Squadra Corsa \u00e0 VII a permis \u00e0 l&rsquo;ovalie insulaire de se mettre en avant lors de tournois outre-M\u00e9diterran\u00e9e avec \u00e0 la cl\u00e9 de bonnes performances. Apr\u00e8s une p\u00e9riode de latence de quelques mois, le VII revient sur le devant de la sc\u00e8ne r\u00e9gionale, cette fois sous l&rsquo;impulsion de l&rsquo;\u00e9quipe dirigeante pr\u00e9sid\u00e9e par Dum\u00e9 Marcellesi, avec la mise en place d&rsquo;un nouveau responsable et non des moindres en la personne de Jean-Baptiste Pascal, l&rsquo;ancien de Bastia XV, vivant \u00e0 Brandu et avouant mettre, avant toute chose dans ses bagages, a bandera.<\/p>\n<p>\u00ab\u00a0Une vision globale et \u00e9volutive\u00a0\u00bb<\/p>\n<p>Analyste performance de l&rsquo;\u00e9quipe de France de Rugby \u00e0 sept avec en son sein un certain Antoine Dupont, championne olympique \u00e0 Paris en 2024 apr\u00e8s avoir battu en finale la formation des Fidji tenante du titre, Jean-Baptiste Pascal aura la lourde t\u00e2che de relancer la machine au sein d&rsquo;une discipline qui conna\u00eet \u00e0 l&rsquo;\u00e9chelle nationale et internationale une courbe ascendante que ce soit dans les rangs des gar\u00e7ons mais aussi des f\u00e9minines.<\/p>\n<p>Une nouvelle mouture dont le pr\u00e9sident Dum\u00e9 Marcellesi a livr\u00e9 la philosophie: \u00ab\u00a0La Ligue Corse de Rugby r\u00e9affir&#8230;<\/p>\n","protected":false},"excerpt":{"rendered":"Port\u00e9 par l&rsquo;ancienne mandature du pr\u00e9sident Jean-Simon Savelli, le projet de la Squadra Corsa \u00e0 VII a permis&hellip;\n","protected":false},"author":2,"featured_media":619495,"comment_status":"","ping_status":"","sticky":false,"template":"","format":"standard","meta":{"footnotes":""},"categories":[1416],"tags":[17,72953,1011,27,72954,4114,479,1468,60,72952,72951],"class_list":{"0":"post-619494","1":"post","2":"type-post","3":"status-publish","4":"format-standard","5":"has-post-thumbnail","7":"category-rugby","8":"tag-17","9":"tag-corsa","10":"tag-fr","11":"tag-france","12":"tag-lavant","13":"tag-repart","14":"tag-rugby","15":"tag-rugby-football","16":"tag-sports","17":"tag-squadra","18":"tag-vii"},"share_on_mastodon":{"url":"https:\/\/pubeurope.com\/@fr\/115773375990450320","error":""},"_links":{"self":[{"href":"https:\/\/www.europesays.com\/fr\/wp-json\/wp\/v2\/posts\/619494","targetHints":{"allow":["GET"]}}],"collection":[{"href":"https:\/\/www.europesays.com\/fr\/wp-json\/wp\/v2\/posts"}],"about":[{"href":"https:\/\/www.europesays.com\/fr\/wp-json\/wp\/v2\/types\/post"}],"author":[{"embeddable":true,"href":"https:\/\/www.europesays.com\/fr\/wp-json\/wp\/v2\/users\/2"}],"replies":[{"embeddable":true,"href":"https:\/\/www.europesays.com\/fr\/wp-json\/wp\/v2\/comments?post=619494"}],"version-history":[{"count":0,"href":"https:\/\/www.europesays.com\/fr\/wp-json\/wp\/v2\/posts\/619494\/revisions"}],"wp:featuredmedia":[{"embeddable":true,"href":"https:\/\/www.europesays.com\/fr\/wp-json\/wp\/v2\/media\/619495"}],"wp:attachment":[{"href":"https:\/\/www.europesays.com\/fr\/wp-json\/wp\/v2\/media?parent=619494"}],"wp:term":[{"taxonomy":"category","embeddable":true,"href":"https:\/\/www.europesays.com\/fr\/wp-json\/wp\/v2\/categories?post=619494"},{"taxonomy":"post_tag","embeddable":true,"href":"https:\/\/www.europesays.com\/fr\/wp-json\/wp\/v2\/tags?post=619494"}],"curies":[{"name":"wp","href":"https:\/\/api.w.org\/{rel}","templated":true}]}}