{"id":619496,"date":"2025-12-24T07:36:14","date_gmt":"2025-12-24T07:36:14","guid":{"rendered":"https:\/\/www.europesays.com\/fr\/619496\/"},"modified":"2025-12-24T07:36:14","modified_gmt":"2025-12-24T07:36:14","slug":"sivert-bakken-biathlete-norvegien-de-27-ans-a-ete-retrouve-mort-dans-sa-chambre-dhotel-pour-une-cause-inconnue","status":"publish","type":"post","link":"https:\/\/www.europesays.com\/fr\/619496\/","title":{"rendered":"Sivert Bakken, biathl\u00e8te norv\u00e9gien de 27 ans, a \u00e9t\u00e9 retrouv\u00e9 mort dans sa chambre d\u2019h\u00f4tel pour \u00ab\u00a0une cause inconnue\u00a0\u00bb"},"content":{"rendered":"<p>Cinq mois apr\u00e8s l\u2019accident mortel, dans la haute montagne pakistanaise, de la double championne olympique allemande <a href=\"https:\/\/www.20minutes.fr\/sport\/biathlon\/4165963-20250730-laura-dahlmeier-decedee-haute-montagne-pakistan\" class=\"c-link c-link--is-underlined\" target=\"_blank\" rel=\"noopener\">Laura Dahlmeier (31 ans)<\/a>, le monde du <a href=\"https:\/\/www.20minutes.fr\/sport\/biathlon\/\" class=\"c-link c-link--is-underlined\" target=\"_blank\" rel=\"noopener\">biathlon<\/a> est de nouveau endeuill\u00e9 depuis mardi. Le biathl\u00e8te norv\u00e9gien Sivert Bakken (27 ans) a en effet \u00e9t\u00e9 retrouv\u00e9 mort dans sa chambre d\u2019h\u00f4tel \u00e0 Lavaz\u00e8 (<a href=\"https:\/\/www.20minutes.fr\/dossier\/italie\" class=\"c-link c-link--is-underlined\" target=\"_blank\" rel=\"noopener\">Italie<\/a>), comme l\u2019a r\u00e9v\u00e9l\u00e9 la F\u00e9d\u00e9ration norv\u00e9gienne de biathlon dans un communiqu\u00e9.<\/p>\n<\/p>\n<p>\u00ab\u00a0Nos pens\u00e9es vont avant tout \u00e0 la famille de Sivert et \u00e0 tous ses proches, en <a href=\"https:\/\/www.20minutes.fr\/dossier\/norvege\" class=\"c-link c-link--is-underlined\" target=\"_blank\" rel=\"noopener\">Norv\u00e8ge<\/a> comme \u00e0 l\u2019\u00e9tranger. Nous coop\u00e9rons avec les autorit\u00e9s italiennes sur place\u00a0\u00bb, indique ce m\u00eame communiqu\u00e9. Le choc est total, d\u2019autant que Sivert Bakken a particip\u00e9 \u00e0 trois courses de la derni\u00e8re \u00e9tape de la <a href=\"https:\/\/www.20minutes.fr\/dossier\/coupe_du_monde\" class=\"c-link c-link--is-underlined\" target=\"_blank\" rel=\"noopener\">Coupe du monde<\/a> de biathlon disput\u00e9e au Grand-Bornand (<a href=\"https:\/\/www.20minutes.fr\/societe\/haute-savoie\/\" class=\"c-link c-link--is-underlined\" target=\"_blank\" rel=\"noopener\">Haute-Savoie<\/a>) le week-end dernier.<\/p>\n<p>Petit globe sur la mass-start en\u00a02022<\/p>\n<p>Cinqui\u00e8me du sprint, 18e de la poursuite et 20e de la mass-start, Sivert Bakken \u00e9tait apr\u00e8s trois \u00e9tapes 13e du classement g\u00e9n\u00e9ral de la Coupe du monde 2025-2026, et donc parmi les biathl\u00e8tes norv\u00e9giens sur lesquels il fallait encore compter cette saison. \u00ab\u00a0La cause du d\u00e9c\u00e8s est actuellement inconnue\u00a0\u00bb, pr\u00e9cise la F\u00e9d\u00e9ration norv\u00e9gienne, alors que sa mort a \u00e9t\u00e9 confirm\u00e9e sans plus de pr\u00e9cisions par les autorit\u00e9s italiennes.<\/p>\n<blockquote class=\"twitter-tweet\" align=\"center\" data-lang=\"fr_FR\">\n<p lang=\"en\" dir=\"ltr\">We are lost for words at the news of Sivert Bakken&rsquo;s sudden passing &#8211; our thoughts are with his family, friends, teammates and everyone close to him during this difficult time.<\/p>\n<p>Hvil i fred, Sivert \ud83e\udd0d <a href=\"https:\/\/t.co\/p3x16xjAfO\">pic.twitter.com\/p3x16xjAfO<\/a><\/p>\n<p>\u2014 International Biathlon Union (@biathlonworld) <a href=\"https:\/\/twitter.com\/biathlonworld\/status\/2003511324408692795?ref_src=twsrc%5Etfw\" target=\"_blank\" rel=\"noopener\">December 23, 2025<\/a><\/p><\/blockquote>\n<p class=\"mb-m@xs text-l@xs\">En cliquant sur\u00ab J\u2019accepte \u00bb, vous acceptez le d\u00e9p\u00f4t de cookies par des services externes et aurez ainsi acc\u00e8s aux contenus de nos partenaires.<\/p>\n<p class=\"mb-xl@xs text-s@xs\">Plus d\u2019informations sur la page<a href=\"https:\/\/www.20minutes.fr\/gestion-cookies\" class=\"mx-xxs@xs color-ultramarine\" target=\"_blank\" rel=\"noopener\">Politique de gestion des cookies<\/a><\/p>\n<p>J\u2019accepte<\/p>\n<p>Le biathl\u00e8te professionnel originaire de Lillehammer avait vu sa carri\u00e8re \u00eatre brutalement interrompue en\u00a02022 en raison de probl\u00e8mes cardiaques, juste apr\u00e8s avoir conquis une premi\u00e8re course de la Coupe du monde sur la mass-start d\u2019Oslo Holmenkollen, et obtenu le petit globe de cristal de la mass-start, et la 9e place du g\u00e9n\u00e9ral.<\/p>\n<p><a href=\"https:\/\/www.20minutes.fr\/sport\/biathlon\/\" class=\"c-link c-btn c-btn--primary\" target=\"_blank\" rel=\"noopener\">Notre dossier sur le biathlon<\/a><\/p>\n<p>Il \u00e9tait pleinement de retour cette saison d\u2019une myocardite. Une cellule de crise va \u00eatre mise en place aupr\u00e8s des athl\u00e8tes et des proches de Sivert Bakken.<\/p>\n<p><script async src=\"https:\/\/platform.twitter.com\/widgets.js\" charset=\"utf-8\"><\/script><\/p>\n","protected":false},"excerpt":{"rendered":"Cinq mois apr\u00e8s l\u2019accident mortel, dans la haute montagne pakistanaise, de la double championne olympique allemande Laura Dahlmeier&hellip;\n","protected":false},"author":2,"featured_media":619497,"comment_status":"","ping_status":"","sticky":false,"template":"","format":"standard","meta":{"footnotes":""},"categories":[1411],"tags":[4130,451,1154,207,3983,1011,27,452,673,517,60],"class_list":{"0":"post-619496","1":"post","2":"type-post","3":"status-publish","4":"format-standard","5":"has-post-thumbnail","7":"category-cyclisme","8":"tag-biathlon","9":"tag-coupe-du-monde","10":"tag-cycling","11":"tag-cyclisme","12":"tag-deces","13":"tag-fr","14":"tag-france","15":"tag-italie","16":"tag-norvege","17":"tag-sport","18":"tag-sports"},"share_on_mastodon":{"url":"https:\/\/pubeurope.com\/@fr\/115773399758979854","error":""},"_links":{"self":[{"href":"https:\/\/www.europesays.com\/fr\/wp-json\/wp\/v2\/posts\/619496","targetHints":{"allow":["GET"]}}],"collection":[{"href":"https:\/\/www.europesays.com\/fr\/wp-json\/wp\/v2\/posts"}],"about":[{"href":"https:\/\/www.europesays.com\/fr\/wp-json\/wp\/v2\/types\/post"}],"author":[{"embeddable":true,"href":"https:\/\/www.europesays.com\/fr\/wp-json\/wp\/v2\/users\/2"}],"replies":[{"embeddable":true,"href":"https:\/\/www.europesays.com\/fr\/wp-json\/wp\/v2\/comments?post=619496"}],"version-history":[{"count":0,"href":"https:\/\/www.europesays.com\/fr\/wp-json\/wp\/v2\/posts\/619496\/revisions"}],"wp:featuredmedia":[{"embeddable":true,"href":"https:\/\/www.europesays.com\/fr\/wp-json\/wp\/v2\/media\/619497"}],"wp:attachment":[{"href":"https:\/\/www.europesays.com\/fr\/wp-json\/wp\/v2\/media?parent=619496"}],"wp:term":[{"taxonomy":"category","embeddable":true,"href":"https:\/\/www.europesays.com\/fr\/wp-json\/wp\/v2\/categories?post=619496"},{"taxonomy":"post_tag","embeddable":true,"href":"https:\/\/www.europesays.com\/fr\/wp-json\/wp\/v2\/tags?post=619496"}],"curies":[{"name":"wp","href":"https:\/\/api.w.org\/{rel}","templated":true}]}}