{"id":619502,"date":"2025-12-24T07:39:31","date_gmt":"2025-12-24T07:39:31","guid":{"rendered":"https:\/\/www.europesays.com\/fr\/619502\/"},"modified":"2025-12-24T07:39:31","modified_gmt":"2025-12-24T07:39:31","slug":"marche-de-lart-une-annee-a-deux-vitesses","status":"publish","type":"post","link":"https:\/\/www.europesays.com\/fr\/619502\/","title":{"rendered":"March\u00e9 de l\u2019art, une ann\u00e9e \u00e0 deux vitesses"},"content":{"rendered":"<p>                     <img loading=\"lazy\" decoding=\"async\" src=\"https:\/\/www.europesays.com\/fr\/wp-content\/uploads\/2025\/12\/4694f17_upload-1-yla16sxlyjur-gustav-klimt-portrat-der-elisabeth-lederer-portrait-of-elisabeth-leder.jpeg\" alt=\"\u00ab\u00a0Portrait d\u2019Elisabeth Lederer\u00a0\u00bb (1914-1916), de Gustav Klimt, deuxi\u00e8me \u0153uvre la plus ch\u00e8re jamais vendue aux ench\u00e8res.\"   width=\"664\" height=\"443\"\/>    \u00ab\u00a0Portrait d\u2019Elisabeth Lederer\u00a0\u00bb (1914-1916), de Gustav Klimt, deuxi\u00e8me \u0153uvre la plus ch\u00e8re jamais vendue aux ench\u00e8res.  GUSTAV KLIMT &#8211; COURTESY SOTHEBY\u2019S NEW YORK                 <\/p>\n<p class=\"article__paragraph  \">Interrog\u00e9 sur l\u2019ann\u00e9e \u00e9coul\u00e9e, Thomas Seydoux, conseiller en art moderne et fin observateur du march\u00e9 de l\u2019art, choisit un adjectif\u00a0: \u00ab\u00a0Bic\u00e9phale.\u00a0\u00bb Car l\u2019ambiance a radicalement bascul\u00e9 entre les deux semestres. D\u00e9but 2025, les voyants \u00e9taient au rouge\u00a0apr\u00e8s trois ann\u00e9es de ventes en berne. Les coups de menton commerciaux de Donald Trump et les secousses des conflits internationaux avaient fait plonger les ench\u00e8res de 8,8\u00a0%, selon <a href=\"https:\/\/news.artnet.com\/market\/mid-year-review-2025-2684554\" target=\"_blank\" rel=\"noopener\" title=\"Nouvelle fen\u00eatre\">le rapport publi\u00e9 l\u2019\u00e9t\u00e9 dernier par Artnet<\/a>.<\/p>\n<p class=\"article__paragraph  \">Le moral \u00e9tait tout aussi bas dans les galeries \u2013\u00a0au moins 14\u00a0ont baiss\u00e9 le rideau en\u00a02025. D\u2019apr\u00e8s un barom\u00e8tre du <a href=\"https:\/\/www.comitedesgaleriesdart.com\/wp-content\/uploads\/2025\/07\/barometre-cpga-2025.pdf\" target=\"_blank\" rel=\"noopener\" title=\"Nouvelle fen\u00eatre\">Comit\u00e9 professionnel des galeries d\u2019art publi\u00e9 en juillet<\/a>, 85\u00a0% des enseignes fran\u00e7aises se disaient inqui\u00e8tes pour l\u2019avenir. M\u00eame les plus grands ont r\u00e9duit la voilure\u00a0\u2013 la puissante Pace a ferm\u00e9 son antenne de Hongkong. Sur la foire Art Basel, en juin, les listes de transactions brandies par les exposants omettaient que la majorit\u00e9 des ventes avaient \u00e9t\u00e9 conclues bien avant le vernissage. Et les moins chanceux se tournaient ostensiblement les pouces.<\/p>\n<p class=\"reading-mode-only \"><strong>Il vous reste 82.46% de cet article \u00e0 lire. La suite est r\u00e9serv\u00e9e aux abonn\u00e9s.<\/strong><\/p>\n","protected":false},"excerpt":{"rendered":"\u00ab\u00a0Portrait d\u2019Elisabeth Lederer\u00a0\u00bb (1914-1916), de Gustav Klimt, deuxi\u00e8me \u0153uvre la plus ch\u00e8re jamais vendue aux ench\u00e8res. GUSTAV KLIMT&hellip;\n","protected":false},"author":2,"featured_media":619503,"comment_status":"","ping_status":"","sticky":false,"template":"","format":"standard","meta":{"footnotes":""},"categories":[1358],"tags":[1348,1384,1385,1386,58,59,1011,27],"class_list":{"0":"post-619502","1":"post","2":"type-post","3":"status-publish","4":"format-standard","5":"has-post-thumbnail","7":"category-arts-et-design","8":"tag-arts","9":"tag-arts-and-design","10":"tag-arts-et-design","11":"tag-design","12":"tag-divertissement","13":"tag-entertainment","14":"tag-fr","15":"tag-france"},"share_on_mastodon":{"url":"https:\/\/pubeurope.com\/@fr\/115773412405823879","error":""},"_links":{"self":[{"href":"https:\/\/www.europesays.com\/fr\/wp-json\/wp\/v2\/posts\/619502","targetHints":{"allow":["GET"]}}],"collection":[{"href":"https:\/\/www.europesays.com\/fr\/wp-json\/wp\/v2\/posts"}],"about":[{"href":"https:\/\/www.europesays.com\/fr\/wp-json\/wp\/v2\/types\/post"}],"author":[{"embeddable":true,"href":"https:\/\/www.europesays.com\/fr\/wp-json\/wp\/v2\/users\/2"}],"replies":[{"embeddable":true,"href":"https:\/\/www.europesays.com\/fr\/wp-json\/wp\/v2\/comments?post=619502"}],"version-history":[{"count":0,"href":"https:\/\/www.europesays.com\/fr\/wp-json\/wp\/v2\/posts\/619502\/revisions"}],"wp:featuredmedia":[{"embeddable":true,"href":"https:\/\/www.europesays.com\/fr\/wp-json\/wp\/v2\/media\/619503"}],"wp:attachment":[{"href":"https:\/\/www.europesays.com\/fr\/wp-json\/wp\/v2\/media?parent=619502"}],"wp:term":[{"taxonomy":"category","embeddable":true,"href":"https:\/\/www.europesays.com\/fr\/wp-json\/wp\/v2\/categories?post=619502"},{"taxonomy":"post_tag","embeddable":true,"href":"https:\/\/www.europesays.com\/fr\/wp-json\/wp\/v2\/tags?post=619502"}],"curies":[{"name":"wp","href":"https:\/\/api.w.org\/{rel}","templated":true}]}}