{"id":619504,"date":"2025-12-24T07:41:17","date_gmt":"2025-12-24T07:41:17","guid":{"rendered":"https:\/\/www.europesays.com\/fr\/619504\/"},"modified":"2025-12-24T07:41:17","modified_gmt":"2025-12-24T07:41:17","slug":"cest-nimporte-quoi-les-regles-evoluent-et-ca-fait-deja-polemique","status":"publish","type":"post","link":"https:\/\/www.europesays.com\/fr\/619504\/","title":{"rendered":"\u00ab\u00a0C&rsquo;est n&rsquo;importe quoi\u00a0\u00bb, les r\u00e8gles \u00e9voluent et \u00e7a fait d\u00e9j\u00e0 pol\u00e9mique"},"content":{"rendered":"<p>Le tournage de la 15\u1d49 saison de The Voice a d\u00e9j\u00e0 commenc\u00e9. D\u00a0\u00bbici<br \/>\nquelques semaines, les t\u00e9l\u00e9spectateurs pourront d\u00e9couvrir les<br \/>\nnouveaux candidats qui vont se pr\u00e9senter aux auditions \u00e0 l&rsquo;aveugle.<br \/>\nEn 2025, c&rsquo;est le groupe de Florent Pagny, Il Cello qui a remport\u00e9<br \/>\nle concours. L&rsquo;ann\u00e9e derni\u00e8re, il y avait \u00e9galement trois nouvelles<br \/>\nrecrues dans les fauteuils des coachs. On retrouvait le grand<br \/>\npatron Florent Pagny accompagn\u00e9 d&rsquo;Ana\u00efs Grangerac, de <a href=\"https:\/\/www.melty.fr\/tele\/the-voice-2025-patricia-kaas-reellement-en-froid-avec-zaz-sa-reponse-cash-on-a-chacun-notre-caractere-2230569.html\" target=\"_blank\" rel=\"noopener\"><br \/>\nZaz et de Patricia Kass, qui ont eu quelques diff\u00e9rents lors du<br \/>\ntournage<\/a>. Le jury de The Voice a \u00e9t\u00e9 renouvel\u00e9 pour 2026. Un<br \/>\nc\u00e9l\u00e8bre chanteur et danseur fran\u00e7ais va en effet participer pour la<br \/>\npremi\u00e8re fois \u00e0 The Voice.<\/p>\n<p>The Voice 2026 : qui sont les coachs ?<\/p>\n<p>Pour cette 15\u1d49 \u00e9dition de The Voice, on va de nouveau retrouver<br \/>\nNikos Aliagas \u00e0 la pr\u00e9sentation. Dans les fauteuils rouges, il y<br \/>\naura Florent Pagny. L&rsquo;interpr\u00e8te de Savoir Aimer est celui<br \/>\nqui a particip\u00e9 le plus \u00e0 The Voice. Il a d&rsquo;ailleurs remport\u00e9 le<br \/>\nconcours \u00e0 plusieurs reprises avec ses talents. Dans les anciens,<br \/>\non retrouvera Ana\u00efs Grangerac, Amel Bent et Lara Fabian, qui a<br \/>\naussi fait la version The Voice Kids.<\/p>\n<p>Le petit nouveau de cette ann\u00e9e 2026 est donc le chanteur Tayc.<br \/>\nCe dernier a rempli de nombreuses salles de concert et a sorti<br \/>\nplusieurs albums. Il a aussi remport\u00e9 avec Fauve Hautot une saison<br \/>\nde Danse avec les stars. Florent Pagny voit d&rsquo;ailleurs d&rsquo;un tr\u00e8s<br \/>\nbon \u0153il son arriv\u00e9e dans l&rsquo;\u00e9mission musicale. Il a en effet confi\u00e9<br \/>\n: \u00ab\u00a0Ma fille\u00a0[A\u00ebl, 26 ans, ndlr]\u00a0m\u2019avait<br \/>\nalors expliqu\u00e9 qui il \u00e9tait, et j\u2019avais pu d\u00e9couvrir son travail et<br \/>\nconstater qu\u2019il n\u2019\u00e9tait pas qu&rsquo;un rappeur, mais un chanteur plus<br \/>\ncomplet.\u00a0<strong>Il va apporter une diversit\u00e9<br \/>\nsuppl\u00e9mentaire<\/strong>\u00a0dans\u00a0The<br \/>\nVoice\u00a0\u00bb.<\/p>\n<p>The Voice 2026 : de nouvelles r\u00e8gles d\u00e9voil\u00e9es<\/p>\n<p>Tous les ans, les r\u00e8gles de The Voice changent. Pour 2026, il y<br \/>\naura d&rsquo;ailleurs plusieurs changements qui risquent de surprendre<br \/>\nles fans de l&rsquo;\u00e9mission. Pascal Guix, producteur de\u00a0The Voice,<br \/>\na d\u00e9voil\u00e9 aupr\u00e8s du Parisien cette nouveaut\u00e9 qui va<br \/>\nchambouler le programme. Il a d\u00e9clar\u00e9 : \u00ab\u00a0Pour cette 15e saison,<br \/>\non a pr\u00e9vu plein de surprises. Par exemple, <strong>chaque coach a<br \/>\ncette arme secr\u00e8te<\/strong> qui est diff\u00e9rente des autres et ils ne<br \/>\nconnaissent que la leur\u00a0\u00bb.<\/p>\n<p>Cette nouvelle r\u00e8gle nous rappelle celle d&rsquo;une saison de<br \/>\nKoh-Lanta avec les armes secr\u00e8tes. Les coachs pourront donc<br \/>\nutiliser leurs avantages pour se donner des chances de gagner avec<br \/>\nleurs talents. Pour rappel, il existe d\u00e9j\u00e0 le Block qui permet \u00e0 un<br \/>\ncoach de bloquer le fauteuil d&rsquo;un de ses adversaires.<\/p>\n<p>Une nouvelle r\u00e8gle qui fait d\u00e9j\u00e0<br \/>\nparler<\/p>\n<p>Sur X, le compte Cl\u00e9ment Garin a d\u00e9voil\u00e9 une nouvelle r\u00e8gle de<br \/>\nThe Voice qui risque de faire grincer les dents des fans de<br \/>\nl&rsquo;\u00e9mission. Il a en effet \u00e9crit dans un tweet : \u00ab\u00a0Pour la nouvelle<br \/>\nsaison de #TheVoice, les r\u00e8gles<br \/>\nvont encore changer. Les battles vont faire leur retour, l&rsquo;\u00e9preuve<br \/>\ndes performances va arriver&#8230; mais les 64 candidats qualifi\u00e9s ont<br \/>\nvite d\u00e9chant\u00e9\u00a0\u00bb.<\/p>\n<p>Puis, il a<br \/>\npr\u00e9cis\u00e9 : \u00ab\u00a0En effet, sans qu&rsquo;ils ne comprennent pourquoi, une<br \/>\nnouvelle r\u00e8gle va \u00e9liminer d\u00e8s le d\u00e9part 32 d&rsquo;entre eux.<br \/>\n<strong>Sans m\u00eame pousser la chansonnette<\/strong> !\u00a0\u00bb. Pour le<br \/>\nmoment, on ne connait pas tous les d\u00e9tails de cette nouveaut\u00e9. Mais<br \/>\nnul doute qu&rsquo;elle ne plaira pas \u00e0 tout le monde.<\/p>\n","protected":false},"excerpt":{"rendered":"Le tournage de la 15\u1d49 saison de The Voice a d\u00e9j\u00e0 commenc\u00e9. D\u00a0\u00bbici quelques semaines, les t\u00e9l\u00e9spectateurs pourront&hellip;\n","protected":false},"author":2,"featured_media":619505,"comment_status":"","ping_status":"","sticky":false,"template":"","format":"standard","meta":{"footnotes":""},"categories":[1356],"tags":[58,59,1011,27,252,3074,65861,1364],"class_list":{"0":"post-619504","1":"post","2":"type-post","3":"status-publish","4":"format-standard","5":"has-post-thumbnail","7":"category-television","8":"tag-divertissement","9":"tag-entertainment","10":"tag-fr","11":"tag-france","12":"tag-television","13":"tag-the-voice","14":"tag-trend","15":"tag-tv"},"share_on_mastodon":{"url":"","error":""},"_links":{"self":[{"href":"https:\/\/www.europesays.com\/fr\/wp-json\/wp\/v2\/posts\/619504","targetHints":{"allow":["GET"]}}],"collection":[{"href":"https:\/\/www.europesays.com\/fr\/wp-json\/wp\/v2\/posts"}],"about":[{"href":"https:\/\/www.europesays.com\/fr\/wp-json\/wp\/v2\/types\/post"}],"author":[{"embeddable":true,"href":"https:\/\/www.europesays.com\/fr\/wp-json\/wp\/v2\/users\/2"}],"replies":[{"embeddable":true,"href":"https:\/\/www.europesays.com\/fr\/wp-json\/wp\/v2\/comments?post=619504"}],"version-history":[{"count":0,"href":"https:\/\/www.europesays.com\/fr\/wp-json\/wp\/v2\/posts\/619504\/revisions"}],"wp:featuredmedia":[{"embeddable":true,"href":"https:\/\/www.europesays.com\/fr\/wp-json\/wp\/v2\/media\/619505"}],"wp:attachment":[{"href":"https:\/\/www.europesays.com\/fr\/wp-json\/wp\/v2\/media?parent=619504"}],"wp:term":[{"taxonomy":"category","embeddable":true,"href":"https:\/\/www.europesays.com\/fr\/wp-json\/wp\/v2\/categories?post=619504"},{"taxonomy":"post_tag","embeddable":true,"href":"https:\/\/www.europesays.com\/fr\/wp-json\/wp\/v2\/tags?post=619504"}],"curies":[{"name":"wp","href":"https:\/\/api.w.org\/{rel}","templated":true}]}}