{"id":619510,"date":"2025-12-24T07:44:16","date_gmt":"2025-12-24T07:44:16","guid":{"rendered":"https:\/\/www.europesays.com\/fr\/619510\/"},"modified":"2025-12-24T07:44:16","modified_gmt":"2025-12-24T07:44:16","slug":"ce-dereglement-nocturne-cache-commence-bien-avant-les-pertes-de-memoire","status":"publish","type":"post","link":"https:\/\/www.europesays.com\/fr\/619510\/","title":{"rendered":"ce d\u00e9r\u00e8glement nocturne cach\u00e9 commence bien avant les pertes de m\u00e9moire"},"content":{"rendered":"<p>Avec plus de 35 millions de personnes touch\u00e9es dans le monde et pr\u00e8s de 10 millions de nouveaux cas chaque ann\u00e9e, selon <a href=\"https:\/\/alzheimer-recherche.org\/quest-ce-que-la-maladie-dalzheimer\/#:~:text=C&#039;est%20pourquoi%2C%20la%20Fondation,et%20les%20maladies%20%C2%AB%20apparent%C3%A9es%20%C2%BB.\" title=\"Qu&#039;est-ce que la maladie d&#039;Alzheimer ?\" target=\"_blank\" rel=\"noopener\">la fondation recherche Alzheimer<\/a>, <a href=\"https:\/\/www.futura-sciences.com\/sante\/dossiers\/medecine-vieillissement-cerebral-maladie-alzheimer-decryptage-scientifique-1615\/\" title=\"Du vieillissement c\u00e9r\u00e9bral \u00e0 la maladie d\u2019Alzheimer, d\u00e9cryptage scientifique\" target=\"_blank\" rel=\"noopener\">la maladie d\u2019Alzheimer<\/a> s&rsquo;impose comme l&rsquo;un des grands d\u00e9fis m\u00e9dicaux du XXIe si\u00e8cle. Connue pour provoquer des pertes de m\u00e9moire, des troubles du langage ou de l&rsquo;orientation, elle affecte aussi profond\u00e9ment le sommeil et les rythmes de vie.<\/p>\n<p>Une \u00e9tude publi\u00e9e le 23 octobre 2025 dans la revue <a href=\"https:\/\/www.nature.com\/articles\/s41593-025-02067-1\" title=\"A glial circadian gene expression atlas reveals cell-type and disease-specific reprogramming in response to amyloid pathology or aging\" target=\"_blank\" rel=\"noopener\">Nature Neuroscience<\/a> par des chercheurs de l&rsquo;Universit\u00e9 Washington de Saint-Louis, r\u00e9v\u00e8le que la maladie d\u00e9sorganise litt\u00e9ralement l&rsquo;horloge interne du cerveau.<\/p>\n<p>Quand l\u2019horloge du cerveau se d\u00e9r\u00e8gle de l\u2019int\u00e9rieur<\/p>\n<p>Dans un cerveau sain, des cellules appel\u00e9es microglies et astrocytes suivent une sorte d&rsquo;horloge interne. Ce <a href=\"https:\/\/www.futura-sciences.com\/sante\/definitions\/biologie-circadien-2148\/\" target=\"_blank\" rel=\"noopener\">rythme circadien<\/a> r\u00e9gule l&rsquo;activit\u00e9 de centaines de g\u00e8nes qui contr\u00f4lent notamment le nettoyage <a href=\"https:\/\/www.futura-sciences.com\/sciences\/actualites\/chimie-amyloides-cle-origine-vie-64361\/\" title=\"Les amylo\u00efdes, une cl\u00e9 de l&#039;origine de la vie ?\" target=\"_blank\" rel=\"noopener\">des prot\u00e9ines amylo\u00efdes<\/a>, ces fameuses plaques associ\u00e9es \u00e0 la <a href=\"https:\/\/www.futura-sciences.com\/sante\/definitions\/medecine-maladie-alzheimer-3606\/\" target=\"_blank\" rel=\"noopener\">maladie d&rsquo;Alzheimer<\/a>.<\/p>\n<p>Mais chez les souris atteintes, les chercheurs ont observ\u00e9 une d\u00e9synchronisation massive : les g\u00e8nes cens\u00e9s s&rsquo;activer et se d\u00e9sactiver \u00e0 des heures pr\u00e9cises ne le font plus au bon moment.\u00a0<\/p>\n<p>Le r\u00e9sultat ? Un \u00ab chaos temporel \u00bb qui perturbe la capacit\u00e9 du cerveau \u00e0 \u00e9liminer efficacement l&rsquo;amylo\u00efde.<\/p>\n<p>\u00ab Nous avons d\u00e9couvert que le rythme circadien contr\u00f4le l&rsquo;activit\u00e9 d&rsquo;environ la moiti\u00e9 des g\u00e8nes li\u00e9s au risque d&rsquo;Alzheimer, explique le Dr Erik S. Musiek, <a href=\"https:\/\/www.futura-sciences.com\/formation\/metiers\/metiers-neurologue-468\/\" target=\"_blank\" rel=\"noopener\">neurologue<\/a> et directeur du centre COBRAS \u00e0 WashU. Quand cette horloge se d\u00e9r\u00e8gle, les cellules perdent leur coordination et cessent d&rsquo;accomplir leurs t\u00e2ches au bon moment. \u00bb<\/p>\n<p>Autrement dit, <a href=\"https:\/\/medicine.washu.edu\/news\/circadian-rhythms-disrupted-patients-preclinical-alzheimers\/\" title=\"Body clock disruptions occur years before memory loss in Alzheimer\u2019s\" target=\"_blank\" rel=\"noopener\">le cerveau malade perd aussi la notion du temps<\/a>, et cela bien avant que les pertes de m\u00e9moire ne soient manifestes.<\/p>\n<p class=\"fs-media\">\n<p><img decoding=\"async\" data-imgid=\"full\" src=\"https:\/\/www.europesays.com\/fr\/wp-content\/uploads\/2025\/11\/2-troubles-sommeil.jpeg\" width=\"1080\" height=\"720\" alt=\"\" loading=\"lazy\"\/><br \/>\nLes troubles du sommeil sont souvent l\u2019un des premiers signes de la maladie d\u2019Alzheimer. Bien avant les pertes de m\u00e9moire, le cerveau se d\u00e9r\u00e8gle : l\u2019horloge interne ne distingue plus clairement le jour de la nuit, entra\u00eenant insomnies, agitation et siestes r\u00e9p\u00e9t\u00e9es. \u00a9 fizkes, Adobe Stock<\/p>\n<p>Une nouvelle piste pour ralentir la progression de la maladie<\/p>\n<p>Ces d\u00e9couvertes changent la fa\u00e7on dont les chercheurs envisagent la maladie d&rsquo;Alzheimer. Jusqu&rsquo;ici, on soup\u00e7onnait les <a href=\"https:\/\/www.futura-sciences.com\/sante\/definitions\/biologie-plaque-amyloide-11751\/\" target=\"_blank\" rel=\"noopener\">plaques amylo\u00efdes<\/a> d&rsquo;endommager les <a href=\"https:\/\/www.futura-sciences.com\/sante\/definitions\/cerveau-neurone-209\/\" target=\"_blank\" rel=\"noopener\">neurones<\/a> ; on sait d\u00e9sormais qu&rsquo;elles bousculent le rythme m\u00eame des cellules cens\u00e9es les \u00e9liminer, aggravant le cercle vicieux de la d\u00e9g\u00e9n\u00e9rescence.<\/p>\n<p>Le Dr Musiek et son \u00e9quipe voient l\u00e0 une piste th\u00e9rapeutique in\u00e9dite : restaurer ou stabiliser <a href=\"https:\/\/www.futura-sciences.com\/sante\/questions-reponses\/sommeil-rythme-biologique-quest-ce-rythme-circadien-723\/\" title=\"Rythme biologique : qu&#039;est ce que le rythme circadien ?\" target=\"_blank\" rel=\"noopener\">les rythmes circadiens<\/a> du cerveau pourrait am\u00e9liorer le fonctionnement des microglies et ralentir la progression de la maladie. \u00ab Il nous reste encore beaucoup \u00e0 comprendre, mais le v\u00e9ritable enjeu est de tenter de moduler l&rsquo;<a href=\"https:\/\/www.futura-sciences.com\/sante\/definitions\/biologie-horloge-interne-15147\/\" target=\"_blank\" rel=\"noopener\">horloge biologique<\/a>, de la renforcer, de l&rsquo;affaiblir ou de la d\u00e9sactiver dans certains types de cellules \u00bb, pr\u00e9cise-t-il.<\/p>\n<p>Bien que men\u00e9e sur des souris, cette \u00e9tude jette une <a href=\"https:\/\/www.futura-sciences.com\/sciences\/definitions\/physique-lumiere-326\/\" target=\"_blank\" rel=\"noopener\">lumi\u00e8re<\/a> nouvelle sur <a href=\"https:\/\/www.futura-sciences.com\/sante\/actualites\/sommeil-perdre-1-sommeil-profond-an-augmenterait-27-risque-demence-c7g3-126944\/\" title=\"Perdre 1\u202f% de sommeil profond par an augmenterait de 27\u202f% le risque de d\u00e9mence\" target=\"_blank\" rel=\"noopener\">les troubles du sommeil<\/a> observ\u00e9s chez les personnes atteintes d&rsquo;Alzheimer. Les r\u00e9veils <a href=\"https:\/\/www.futura-sciences.com\/planete\/definitions\/zoologie-nocturne-6741\/\" target=\"_blank\" rel=\"noopener\">nocturnes<\/a>, la confusion en fin de journ\u00e9e ou les inversions du cycle jour-nuit pourraient \u00eatre les reflets d&rsquo;un cerveau dont l&rsquo;horloge biologique s&rsquo;est d\u00e9r\u00e9gl\u00e9e en profondeur.\u00a0<\/p>\n<p>Les chercheurs y voient l&rsquo;espoir d&rsquo;une nouvelle approche : r\u00e9apprendre au cerveau \u00e0 retrouver son rythme, pour freiner la maladie avant que la m\u00e9moire ne s&rsquo;efface totalement.<\/p>\n","protected":false},"excerpt":{"rendered":"Avec plus de 35 millions de personnes touch\u00e9es dans le monde et pr\u00e8s de 10 millions de nouveaux&hellip;\n","protected":false},"author":2,"featured_media":619511,"comment_status":"","ping_status":"","sticky":false,"template":"","format":"standard","meta":{"footnotes":""},"categories":[10],"tags":[63790,231,63785,1011,27,72,63788,70049,63789,40644,36685,63787,71,63786],"class_list":{"0":"post-619510","1":"post","2":"type-post","3":"status-publish","4":"format-standard","5":"has-post-thumbnail","7":"category-sante","8":"tag-astrocyte","9":"tag-cerveau","10":"tag-effet-du-sommeil-sur-la-sante","11":"tag-fr","12":"tag-france","13":"tag-health","14":"tag-horloge-interne","15":"tag-maladie-d039alzheimer","16":"tag-microglie","17":"tag-perte-de-memoire","18":"tag-plaques-amyloides","19":"tag-rythme-circadien","20":"tag-sante","21":"tag-trouble-du-rythme-circadien"},"share_on_mastodon":{"url":"https:\/\/pubeurope.com\/@fr\/115773432283969819","error":""},"_links":{"self":[{"href":"https:\/\/www.europesays.com\/fr\/wp-json\/wp\/v2\/posts\/619510","targetHints":{"allow":["GET"]}}],"collection":[{"href":"https:\/\/www.europesays.com\/fr\/wp-json\/wp\/v2\/posts"}],"about":[{"href":"https:\/\/www.europesays.com\/fr\/wp-json\/wp\/v2\/types\/post"}],"author":[{"embeddable":true,"href":"https:\/\/www.europesays.com\/fr\/wp-json\/wp\/v2\/users\/2"}],"replies":[{"embeddable":true,"href":"https:\/\/www.europesays.com\/fr\/wp-json\/wp\/v2\/comments?post=619510"}],"version-history":[{"count":0,"href":"https:\/\/www.europesays.com\/fr\/wp-json\/wp\/v2\/posts\/619510\/revisions"}],"wp:featuredmedia":[{"embeddable":true,"href":"https:\/\/www.europesays.com\/fr\/wp-json\/wp\/v2\/media\/619511"}],"wp:attachment":[{"href":"https:\/\/www.europesays.com\/fr\/wp-json\/wp\/v2\/media?parent=619510"}],"wp:term":[{"taxonomy":"category","embeddable":true,"href":"https:\/\/www.europesays.com\/fr\/wp-json\/wp\/v2\/categories?post=619510"},{"taxonomy":"post_tag","embeddable":true,"href":"https:\/\/www.europesays.com\/fr\/wp-json\/wp\/v2\/tags?post=619510"}],"curies":[{"name":"wp","href":"https:\/\/api.w.org\/{rel}","templated":true}]}}