{"id":619519,"date":"2025-12-24T07:49:15","date_gmt":"2025-12-24T07:49:15","guid":{"rendered":"https:\/\/www.europesays.com\/fr\/619519\/"},"modified":"2025-12-24T07:49:15","modified_gmt":"2025-12-24T07:49:15","slug":"deux-policiers-tues-par-un-engin-explosif-a-moscou","status":"publish","type":"post","link":"https:\/\/www.europesays.com\/fr\/619519\/","title":{"rendered":"deux policiers tu\u00e9s par un engin explosif \u00e0 Moscou"},"content":{"rendered":"<p>\n    Lundi, un g\u00e9n\u00e9ral de l\u2019\u00e9tat-major russe avait d\u00e9j\u00e0 \u00e9t\u00e9 tu\u00e9 dans l\u2019explosion d\u2019une voiture au sud de Moscou selon le Comit\u00e9 d\u2019enqu\u00eate russe.<\/p>\n<p class=\"fig-paragraph\">Deux agents de la police routi\u00e8re ont \u00e9t\u00e9 tu\u00e9s dans la nuit de mardi \u00e0 mercredi \u00e0\u00a0<a href=\"http:\/\/www.lefigaro.fr\/international\/moscou-la-serie-d-assassinats-cibles-de-generaux-russes-continue-20251222\" data-fig-type=\"Article\" data-gtm-custom-categorie=\"navigation\" data-gtm-custom-action=\"crossclick\" data-gtm-custom-label=\"Contextuel\" data-gtm-event=\"customEventSPE\" data-fig-domain=\"LEFIGARO\" target=\"_blank\" rel=\"noopener\">Moscou\u00a0<\/a>dans une<a href=\"http:\/\/www.lefigaro.fr\/international\/russie-un-general-de-l-etat-major-tue-dans-l-explosion-d-une-voiture-a-moscou-20251222\" data-fig-type=\"NewsFlash\" data-gtm-custom-categorie=\"navigation\" data-gtm-custom-action=\"crossclick\" data-gtm-custom-label=\"Contextuel\" data-gtm-event=\"customEventSPE\" data-fig-domain=\"LEFIGARO\" target=\"_blank\" rel=\"noopener\">\u00a0explosion<\/a>\u00a0survenue lorsqu\u2019ils ont tent\u00e9 d\u2019arr\u00eater une personne suspecte, a indiqu\u00e9 le Comit\u00e9 d\u2019enqu\u00eate russe dans un communiqu\u00e9.<\/p>\n<p class=\"fig-paragraph\">\u00abUn engin explosif a \u00e9t\u00e9 mis en marche\u00bb au moment o\u00f9 les policiers se sont approch\u00e9s de cette personne qui se trouvait pr\u00e8s de leur v\u00e9hicule de service, selon la m\u00eame source. L\u2019explosion s\u2019est produite \u00e0 proximit\u00e9 de l\u2019endroit o\u00f9 a \u00e9t\u00e9 tu\u00e9\u00a0<a href=\"http:\/\/www.lefigaro.fr\/international\/russie-un-general-de-l-etat-major-tue-dans-l-explosion-d-une-voiture-a-moscou-20251222\" data-fig-type=\"NewsFlash\" data-gtm-custom-categorie=\"navigation\" data-gtm-custom-action=\"crossclick\" data-gtm-custom-label=\"Contextuel\" data-gtm-event=\"customEventSPE\" data-fig-domain=\"LEFIGARO\" target=\"_blank\" rel=\"noopener\">un g\u00e9n\u00e9ral russe<\/a>\u00a0cette semaine.<\/p>\n<p>                                            <a class=\"fig-a11y-skip\" href=\"#fig-a11y-skip-main-inarticle\" data-module=\"a11y-skip\" data-context=\"was @visible\"><br \/>\n    Passer la publicit\u00e9<br \/>\n<\/a>            <\/p>\n<p class=\"fig-paragraph\">\u00abDeux policiers ont succomb\u00e9 \u00e0 leurs blessures\u00bb, indique le communiqu\u00e9 en pr\u00e9cisant que la personne se trouvant \u00e0 c\u00f4t\u00e9 d\u2019eux a \u00e9galement p\u00e9ri dans l\u2019explosion. Une enqu\u00eate pour \u00abattentat \u00e0 la vie\u00bb des membres des forces de l\u2019ordre et \u00abtrafic d\u2019explosifs\u00bb a \u00e9t\u00e9 ouverte, a-t-il ajout\u00e9.<\/p>\n<p>                                            Plusieurs personnalit\u00e9s russes ont p\u00e9ri dans des explosions depuis le d\u00e9but du conflit en Ukraine<\/p>\n<p class=\"fig-paragraph\">L\u2019incident s\u2019est produit dans la rue Eletska\u00efa, dans le sud de Moscou, \u00e0 proximit\u00e9 de l\u2019endroit o\u00f9 a \u00e9t\u00e9 tu\u00e9 un g\u00e9n\u00e9ral russe cette semaine. La zone a \u00e9t\u00e9 boucl\u00e9e par un important dispositif policier, selon les images diffus\u00e9es par les t\u00e9l\u00e9visions russes.<\/p>\n<p class=\"fig-paragraph\">Les faits se sont d\u00e9roul\u00e9s dans une rue voisine de celle o\u00f9 le g\u00e9n\u00e9ral\u00a0<a href=\"http:\/\/www.lefigaro.fr\/international\/qui-etait-fanil-sarvarov-le-general-de-l-etat-major-russe-tue-dans-l-explosion-d-une-voiture-a-moscou-20251222\" data-fig-type=\"Article\" data-gtm-custom-categorie=\"navigation\" data-gtm-custom-action=\"crossclick\" data-gtm-custom-label=\"Contextuel\" data-gtm-event=\"customEventSPE\" data-fig-domain=\"LEFIGARO\" target=\"_blank\" rel=\"noopener\">Fanil Sarvarov<\/a>, qui dirigeait le d\u00e9partement de la formation op\u00e9rationnelle au sein de l\u2019\u00e9tat-major des forces russes, a \u00e9t\u00e9 tu\u00e9 lundi dans l\u2019explosion d\u2019un engin d\u00e9pos\u00e9 sous une voiture.<\/p>\n<p class=\"fig-paragraph\">Depuis le d\u00e9but de<a href=\"http:\/\/www.lefigaro.fr\/international\/guerre-en-ukraine-en-2025-la-russie-a-conquis-l-equivalent-d-un-departement-francais-comme-l-aube-ou-la-savoie-20251223\" data-fig-type=\"Article\" data-gtm-custom-categorie=\"navigation\" data-gtm-custom-action=\"crossclick\" data-gtm-custom-label=\"Contextuel\" data-gtm-event=\"customEventSPE\" data-fig-domain=\"LEFIGARO\" target=\"_blank\" rel=\"noopener\">\u00a0l\u2019assaut russe contre l\u2019Ukraine<\/a>\u00a0en f\u00e9vrier 2022, plusieurs g\u00e9n\u00e9raux russes, des responsables locaux et des personnalit\u00e9s publiques soutenant cette offensive ont p\u00e9ri dans des explosions en Russie ou dans la partie occup\u00e9e de l\u2019Ukraine. Kiev les a parfois revendiqu\u00e9es.<\/p>\n","protected":false},"excerpt":{"rendered":"Lundi, un g\u00e9n\u00e9ral de l\u2019\u00e9tat-major russe avait d\u00e9j\u00e0 \u00e9t\u00e9 tu\u00e9 dans l\u2019explosion d\u2019une voiture au sud de Moscou&hellip;\n","protected":false},"author":2,"featured_media":619520,"comment_status":"","ping_status":"","sticky":false,"template":"","format":"standard","meta":{"footnotes":""},"categories":[5],"tags":[11,2688,1011,27,14,12,1072,132,28],"class_list":{"0":"post-619519","1":"post","2":"type-post","3":"status-publish","4":"format-standard","5":"has-post-thumbnail","7":"category-international","8":"tag-actualites","9":"tag-explosion","10":"tag-fr","11":"tag-france","12":"tag-international","13":"tag-news","14":"tag-police","15":"tag-russie","16":"tag-world"},"share_on_mastodon":{"url":"https:\/\/pubeurope.com\/@fr\/115773450834346498","error":""},"_links":{"self":[{"href":"https:\/\/www.europesays.com\/fr\/wp-json\/wp\/v2\/posts\/619519","targetHints":{"allow":["GET"]}}],"collection":[{"href":"https:\/\/www.europesays.com\/fr\/wp-json\/wp\/v2\/posts"}],"about":[{"href":"https:\/\/www.europesays.com\/fr\/wp-json\/wp\/v2\/types\/post"}],"author":[{"embeddable":true,"href":"https:\/\/www.europesays.com\/fr\/wp-json\/wp\/v2\/users\/2"}],"replies":[{"embeddable":true,"href":"https:\/\/www.europesays.com\/fr\/wp-json\/wp\/v2\/comments?post=619519"}],"version-history":[{"count":0,"href":"https:\/\/www.europesays.com\/fr\/wp-json\/wp\/v2\/posts\/619519\/revisions"}],"wp:featuredmedia":[{"embeddable":true,"href":"https:\/\/www.europesays.com\/fr\/wp-json\/wp\/v2\/media\/619520"}],"wp:attachment":[{"href":"https:\/\/www.europesays.com\/fr\/wp-json\/wp\/v2\/media?parent=619519"}],"wp:term":[{"taxonomy":"category","embeddable":true,"href":"https:\/\/www.europesays.com\/fr\/wp-json\/wp\/v2\/categories?post=619519"},{"taxonomy":"post_tag","embeddable":true,"href":"https:\/\/www.europesays.com\/fr\/wp-json\/wp\/v2\/tags?post=619519"}],"curies":[{"name":"wp","href":"https:\/\/api.w.org\/{rel}","templated":true}]}}