{"id":619524,"date":"2025-12-24T07:53:13","date_gmt":"2025-12-24T07:53:13","guid":{"rendered":"https:\/\/www.europesays.com\/fr\/619524\/"},"modified":"2025-12-24T07:53:13","modified_gmt":"2025-12-24T07:53:13","slug":"ce-renfort-surprise-arrive-a-saint-etienne-avant-les-fetes-de-fin-dannee","status":"publish","type":"post","link":"https:\/\/www.europesays.com\/fr\/619524\/","title":{"rendered":"Ce renfort surprise arrive \u00e0 Saint-\u00c9tienne avant les f\u00eates de fin d&rsquo;ann\u00e9e"},"content":{"rendered":"<p>\t\t<img width=\"780\" height=\"470\" class=\"attachment-jannah-image-post size-jannah-image-post wp-post-image lazyload\" alt=\"\" decoding=\"async\" fetchpriority=\"high\" src=\"https:\/\/www.europesays.com\/fr\/wp-content\/uploads\/2025\/12\/asse-ce-renfort-surprise-arrive-a-saint-780x470.jpg\"  data- data-eio-rwidth=\"780\" data-eio-rheight=\"470\"\/><\/p>\n<p>L\u2019AS Saint-\u00c9tienne poursuit sa transformation structurelle depuis l\u2019arriv\u00e9e de Kilmer Sports Ventures. Les dirigeants st\u00e9phanois r\u00e9novent d\u00e9sormais en profondeur le staff m\u00e9dical, un secteur crucial mais longtemps n\u00e9glig\u00e9. Cette refonte rev\u00eat une <strong>importance capitale pour l\u2019avenir du club<\/strong>. Face \u00e0 l\u2019accumulation des blessures, l\u2019ASSE mise sur une <strong>professionnalisation accrue de sa prise en charge m\u00e9dicale<\/strong>. Le d\u00e9part d\u2019Hubert Largeron symbolise la fin d\u2019une \u00e9poque et l\u2019ouverture d\u2019un nouveau chapitre modernisateur.<\/p>\n<p>La nouvelle direction st\u00e9phanoise renforce ses effectifs m\u00e9dicaux en accueillant Ruben Pacheco, kin\u00e9sith\u00e9rapeute provenant du Stade Lavallois. Cette acquisition repr\u00e9sente bien plus qu\u2019un simple ajout num\u00e9rique dans un secteur en reconstruction compl\u00e8te. L\u2019expertise de Pacheco intervient au moment o\u00f9 l\u2019\u00e9quipe for\u00e9zienne subit une <strong>v\u00e9ritable h\u00e9catombe physique depuis le d\u00e9but de saison<\/strong>. Son exp\u00e9rience du football professionnel fran\u00e7ais constitue un atout pr\u00e9cieux pour stabiliser le staff en mutation. Cette arriv\u00e9e s\u2019inscrit dans une <strong>strat\u00e9gie globale de sp\u00e9cialisation des comp\u00e9tences<\/strong>, o\u00f9 chaque recrutement r\u00e9pond \u00e0 un besoin sp\u00e9cifique.<\/p>\n<p>L\u2019arriv\u00e9e de Ruben Pacheco compl\u00e8te une restructuration m\u00e9dicale enti\u00e8rement repens\u00e9e par les nouveaux propri\u00e9taires. Romain Maill\u00e9, ancien de l\u2019INF Clairefontaine, avait d\u00e9j\u00e0 int\u00e9gr\u00e9 les effectifs d\u00e9but d\u00e9cembre. Son parcours impressionnant \u00e0 l\u2019Olympique Lyonnais, en \u00e9quipe de France U20 et \u00e0 la FFF t\u00e9moigne de la volont\u00e9 du club de s\u2019entourer de professionnels reconnus. Cette double arriv\u00e9e illustre la philosophie de Kilmer Sports Ventures : <strong>moderniser et sp\u00e9cialiser chaque secteur d\u2019activit\u00e9<\/strong>. La compl\u00e9mentarit\u00e9 entre Maill\u00e9 et Pacheco devrait couvrir l\u2019ensemble des besoins m\u00e9dicaux et param\u00e9dicaux.<\/p>\n<p>Depuis le rachat par Kilmer Sports Ventures, l\u2019ASSE a profond\u00e9ment restructur\u00e9 sa vision de la performance sous la direction de Donough Holohan. Les arriv\u00e9es successives de Calum Daley, Foivos Papastaikoudis et Ben Smallpietro de Crystal Palace t\u00e9moignent d\u2019une <strong>vision globalis\u00e9e du football moderne<\/strong>. Cette internationalisation du staff entra\u00eene \u00e9galement des r\u00e9organisations internes, comme la nouvelle affectation de Paolo Gaudino. Ce dernier se voit confier la r\u00e9athl\u00e9tisation et l\u2019accompagnement du groupe en pr\u00e9paration physique. Cette redistribution des responsabilit\u00e9s illustre la <strong>flexibilit\u00e9 organisationnelle<\/strong> mise en place par la direction st\u00e9phanoise.<\/p>\n","protected":false},"excerpt":{"rendered":"L\u2019AS Saint-\u00c9tienne poursuit sa transformation structurelle depuis l\u2019arriv\u00e9e de Kilmer Sports Ventures. Les dirigeants st\u00e9phanois r\u00e9novent d\u00e9sormais en&hellip;\n","protected":false},"author":2,"featured_media":619525,"comment_status":"","ping_status":"","sticky":false,"template":"","format":"standard","meta":{"footnotes":""},"categories":[9653],"tags":[1111,11,2430,1777,674,1011,27,12,25,4001],"class_list":{"0":"post-619524","1":"post","2":"type-post","3":"status-publish","4":"format-standard","5":"has-post-thumbnail","7":"category-saint-etienne","8":"tag-actu","9":"tag-actualites","10":"tag-auvergne-rhone-alpes","11":"tag-eu","12":"tag-europe","13":"tag-fr","14":"tag-france","15":"tag-news","16":"tag-republique-francaise","17":"tag-saint-etienne"},"share_on_mastodon":{"url":"https:\/\/pubeurope.com\/@fr\/115773467290534889","error":""},"_links":{"self":[{"href":"https:\/\/www.europesays.com\/fr\/wp-json\/wp\/v2\/posts\/619524","targetHints":{"allow":["GET"]}}],"collection":[{"href":"https:\/\/www.europesays.com\/fr\/wp-json\/wp\/v2\/posts"}],"about":[{"href":"https:\/\/www.europesays.com\/fr\/wp-json\/wp\/v2\/types\/post"}],"author":[{"embeddable":true,"href":"https:\/\/www.europesays.com\/fr\/wp-json\/wp\/v2\/users\/2"}],"replies":[{"embeddable":true,"href":"https:\/\/www.europesays.com\/fr\/wp-json\/wp\/v2\/comments?post=619524"}],"version-history":[{"count":0,"href":"https:\/\/www.europesays.com\/fr\/wp-json\/wp\/v2\/posts\/619524\/revisions"}],"wp:featuredmedia":[{"embeddable":true,"href":"https:\/\/www.europesays.com\/fr\/wp-json\/wp\/v2\/media\/619525"}],"wp:attachment":[{"href":"https:\/\/www.europesays.com\/fr\/wp-json\/wp\/v2\/media?parent=619524"}],"wp:term":[{"taxonomy":"category","embeddable":true,"href":"https:\/\/www.europesays.com\/fr\/wp-json\/wp\/v2\/categories?post=619524"},{"taxonomy":"post_tag","embeddable":true,"href":"https:\/\/www.europesays.com\/fr\/wp-json\/wp\/v2\/tags?post=619524"}],"curies":[{"name":"wp","href":"https:\/\/api.w.org\/{rel}","templated":true}]}}