{"id":619528,"date":"2025-12-24T07:56:16","date_gmt":"2025-12-24T07:56:16","guid":{"rendered":"https:\/\/www.europesays.com\/fr\/619528\/"},"modified":"2025-12-24T07:56:16","modified_gmt":"2025-12-24T07:56:16","slug":"le-billet-de-pierre-taribo-municipales-a-nancy-les-des-vont-rouler","status":"publish","type":"post","link":"https:\/\/www.europesays.com\/fr\/619528\/","title":{"rendered":"Le billet de Pierre Taribo. Municipales \u00e0 Nancy : les d\u00e9s vont rouler"},"content":{"rendered":"<p>Sont-ils si diff\u00e9rents\u00a0? Ils ont fait leurs armes politiques avec une facilit\u00e9 d\u00e9concertante. <a href=\"https:\/\/www.lasemaine.fr\/politique\/municipales-a-nancy-mathieu-klein-chahute-a-gauche\/\" data-type=\"post\" data-id=\"400388\" target=\"_blank\" rel=\"noopener\">Mathieu Klein<\/a> dans le sillage de Michel Dinet, <a href=\"https:\/\/www.lasemaine.fr\/politique\/municipales-2026-a-nancy-horizons-officialise-son-soutien-a-laurent-henart\/\" data-type=\"post\" data-id=\"409465\" target=\"_blank\" rel=\"noopener\">Laurent H\u00e9nart<\/a> dans celui d\u2019Andr\u00e9 Rossinot. Il ne faut jamais croire qu\u2019on n\u2019a besoin de personne. Depuis ils ont gagn\u00e9 en assurance et pris leurs quartiers dans quelques ch\u00e2teaux forts. Lorsqu\u2019il conquiert la mairie en juillet\u00a02020 apr\u00e8s avoir \u00e9chou\u00e9 en 2014, <a href=\"https:\/\/www.lasemaine.fr\/politique\/municipales-a-nancy-mathieu-klein-affute-ses-arguments\/\" data-type=\"post\" data-id=\"400687\" target=\"_blank\" rel=\"noopener\">Mathieu Klein<\/a> fait tomber un bastion qui de longue date se refusait \u00e0 la gauche. Au sortir du confinement c\u2019est comme si de but en blanc Nancy change d\u2019\u00e9poque. La p\u00e9riode n\u2019est pas franchement \u00e0 la pl\u00e9nitude mais la ville ne demande qu\u2019\u00e0 se laisser surprendre. La nouveaut\u00e9 va-t-elle faire basculer la cit\u00e9 dans le bon sens ou lui donner des airs de r\u00eaverie vite dissip\u00e9e\u00a0? C\u2019est \u00e0 la suite de le dire. Durant la p\u00e9riode du Covid <a href=\"https:\/\/www.lasemaine.fr\/politique\/municipales-2026-a-nancy-laurent-henart-se-lance-t-il-dans-la-campagne\/\" data-type=\"post\" data-id=\"394975\" target=\"_blank\" rel=\"noopener\">Laurent H\u00e9nart<\/a> doit trouver le tempo entre une campagne de deuxi\u00e8me tour mise entre parenth\u00e8ses et la gestion de l\u2019\u00e9pid\u00e9mie. Imagine-t-il la suite \u00e0 sa guise\u00a0? Il sait que tout peut arriver. Parmi les id\u00e9es qui lui roulent dans la t\u00eate, celle de l\u2019\u00e9chec se glisse dans un coin. Durant son mandat, il a accompli ses bonnes \u0153uvres politiques et gestionnaires mais l\u2019a-t-il fait suffisamment savoir\u00a0? Sous-estimer la force des apparences, est une erreur. \u00catre et para\u00eetre, o\u00f9 est la v\u00e9rit\u00e9\u00a0? Les \u00e9lecteurs tranchent. Il est battu.<\/p>\n<p>Retour \u00e0 aujourd\u2019hui qui n\u2019efface rien du pass\u00e9. Pour la troisi\u00e8me fois, Mathieu Klein et Laurent H\u00e9nart se retrouvent face \u00e0 face \u00e0 l\u2019occasion d\u2019un scrutin municipal. Un rendez-vous qui installe une rivalit\u00e9 id\u00e9ologique et g\u00e9n\u00e9rationnelle ouverte d\u00e8s 2005 lors d\u2019une \u00e9lection l\u00e9gislative partielle remport\u00e9e par Laurent H\u00e9nart. Rien de neuf donc\u00a0? Oui et non. Sur la ligne de d\u00e9part il faut conserver la m\u00e9moire d\u2019hier\u00a0et faire en sorte de r\u00e9gler son pas sur les attentes d\u2019aujourd\u2019hui. Donner \u00e0 sa parole l\u2019\u00e9clat de v\u00e9rit\u00e9, d\u00e9voiler un programme, en ciseler les assemblages, rappeler ce qui a \u00e9t\u00e9 fait et promettre ce qui le sera. Pour Mathieu Klein l\u2019exercice commence par l\u2019\u00e9vocation d\u2019une route avec ses difficult\u00e9s et ses complications\u00a0qui ne l\u2019ont pas emp\u00each\u00e9 de faire aboutir ses projets\u00a0: pi\u00e9tonnisation, verdissement de l\u2019espace urbain, transports en commun, mobilit\u00e9s douces, d\u00e9mocratie participative, maison des femmes. En somme, embellir l\u2019histoire, parler du soleil pour faire oublier les nuages\u00a0; annoncer que la continuit\u00e9 sera l\u2019action centrale de demain o\u00f9 liturgie de gauche et poids du r\u00e9el, feront bon m\u00e9nage.<\/p>\n<p>Le vitriol sortira plus tard. En ce\u00a0moment quelques gouttes suffisent.<\/p>\n<p>Laurent H\u00e9nart joue en attaque, souligne la surabondance des erreurs adverses qui nuisent \u00e0 Nancy d\u00e9sormais en totale r\u00e9gression. Il le dit et le mart\u00e8le, le d\u00e9senchantement gagne du terrain. En t\u00eate des griefs de l\u2019ancien maire\u00a0: la progression de l\u2019ins\u00e9curit\u00e9, la hausse de la fiscalit\u00e9, l\u2019abandon des grands projets, la souffrance du commerce nanc\u00e9ien. Voil\u00e0 pour le r\u00e9quisitoire ax\u00e9 sur la d\u00e9sh\u00e9rence et le d\u00e9classement de la ville, mais o\u00f9 vont s\u2019engouffrer les vents de la nouveaut\u00e9\u00a0? Quelle politique pour lever les contraintes budg\u00e9taires qui mutilent les ambitions\u00a0? L\u2019\u00e9bauche programmatique tente de rallumer la flamme des esp\u00e9rances en mati\u00e8re de s\u00e9curit\u00e9, de rayonnement, d\u2019attractivit\u00e9, d\u2019\u00e9coute des citoyens. Mais \u2013 c\u2019est valable des deux c\u00f4t\u00e9s \u2013 derri\u00e8re le jargon de campagne, c\u2019est le sens du concret et l\u2019impact des transformations annonc\u00e9es que les \u00e9lecteurs vont \u00e9valuer.<\/p>\n<p>Avant d\u2019en d\u00e9coudre les deux rivaux s\u2019efforcent de faire luire leur image. Le vitriol sortira plus tard. En ce\u00a0moment quelques gouttes suffisent. Ils ont en commun la d\u00e9licate gestion des candidatures encombrantes. LFI pour Mathieu Klein qui, il l\u2019assure, n\u2019envisage aucune compromission avec les m\u00e9lenchonistes\u00a0; Emmanuel Lacresse pour Laurent H\u00e9nart. Ignorant l\u2019aspect hypoth\u00e9tique de ses chances, le macroniste poursuit son chemin. Pas plus tard que la semaine derni\u00e8re, il \u00e9tait au march\u00e9 central pour expliquer qu\u2019\u00e9lu maire il ne changera rien rue Saint-Dizier.<\/p>\n<p>Plus l\u2019\u00e9ch\u00e9ance se rapproche et plus le maire actuel et son pr\u00e9d\u00e9cesseur vont devoir sentir les ambiances, agrandir l\u2019angle de leurs analyses, lever des perplexit\u00e9s, d\u00e9sarmer des pr\u00e9ventions et dans ces temps de grand foutoir, ressourcer une pens\u00e9e politique qui bat de l\u2019aile \u00e0 l\u2019Assembl\u00e9e nationale comme \u00e0 l\u2019\u00c9lys\u00e9e. Devant eux ils n\u2019ont que deux possibilit\u00e9s\u00a0: cr\u00e9er une communion avec les citoyens ou \u00e9chouer. Les d\u00e9s vont rouler\u00a0; faites vos jeux\u00a0!<\/p>\n","protected":false},"excerpt":{"rendered":"Sont-ils si diff\u00e9rents\u00a0? Ils ont fait leurs armes politiques avec une facilit\u00e9 d\u00e9concertante. Mathieu Klein dans le sillage&hellip;\n","protected":false},"author":2,"featured_media":619529,"comment_status":"","ping_status":"","sticky":false,"template":"","format":"standard","meta":{"footnotes":""},"categories":[9635],"tags":[1111,11,1777,674,1011,27,775,1702,12,25],"class_list":{"0":"post-619528","1":"post","2":"type-post","3":"status-publish","4":"format-standard","5":"has-post-thumbnail","7":"category-nancy","8":"tag-actu","9":"tag-actualites","10":"tag-eu","11":"tag-europe","12":"tag-fr","13":"tag-france","14":"tag-grand-est","15":"tag-nancy","16":"tag-news","17":"tag-republique-francaise"},"share_on_mastodon":{"url":"https:\/\/pubeurope.com\/@fr\/115773478246795019","error":""},"_links":{"self":[{"href":"https:\/\/www.europesays.com\/fr\/wp-json\/wp\/v2\/posts\/619528","targetHints":{"allow":["GET"]}}],"collection":[{"href":"https:\/\/www.europesays.com\/fr\/wp-json\/wp\/v2\/posts"}],"about":[{"href":"https:\/\/www.europesays.com\/fr\/wp-json\/wp\/v2\/types\/post"}],"author":[{"embeddable":true,"href":"https:\/\/www.europesays.com\/fr\/wp-json\/wp\/v2\/users\/2"}],"replies":[{"embeddable":true,"href":"https:\/\/www.europesays.com\/fr\/wp-json\/wp\/v2\/comments?post=619528"}],"version-history":[{"count":0,"href":"https:\/\/www.europesays.com\/fr\/wp-json\/wp\/v2\/posts\/619528\/revisions"}],"wp:featuredmedia":[{"embeddable":true,"href":"https:\/\/www.europesays.com\/fr\/wp-json\/wp\/v2\/media\/619529"}],"wp:attachment":[{"href":"https:\/\/www.europesays.com\/fr\/wp-json\/wp\/v2\/media?parent=619528"}],"wp:term":[{"taxonomy":"category","embeddable":true,"href":"https:\/\/www.europesays.com\/fr\/wp-json\/wp\/v2\/categories?post=619528"},{"taxonomy":"post_tag","embeddable":true,"href":"https:\/\/www.europesays.com\/fr\/wp-json\/wp\/v2\/tags?post=619528"}],"curies":[{"name":"wp","href":"https:\/\/api.w.org\/{rel}","templated":true}]}}