{"id":619532,"date":"2025-12-24T08:00:41","date_gmt":"2025-12-24T08:00:41","guid":{"rendered":"https:\/\/www.europesays.com\/fr\/619532\/"},"modified":"2025-12-24T08:00:41","modified_gmt":"2025-12-24T08:00:41","slug":"les-espoirs-du-rct-qualifies-pour-la-suite-de-la-competition","status":"publish","type":"post","link":"https:\/\/www.europesays.com\/fr\/619532\/","title":{"rendered":"Les Espoirs du RCT qualifi\u00e9s pour la suite de la comp\u00e9tition"},"content":{"rendered":"<p data-start=\"319\" data-end=\"644\">Les Espoirs du Rugby Club Toulonnais ont valid\u00e9 leur qualification pour la suite du championnat \u00e0 l\u2019issue de la <strong data-start=\"431\" data-end=\"473\">derni\u00e8re journ\u00e9e de la phase r\u00e9guli\u00e8re<\/strong>, gr\u00e2ce \u00e0 une <strong data-start=\"487\" data-end=\"527\">victoire bonifi\u00e9e face \u00e0 Montpellier<\/strong>, ce samedi. Un succ\u00e8s d\u00e9cisif qui vient r\u00e9compenser le travail et la r\u00e9gularit\u00e9 du groupe tout au long de la saison.<\/p>\n<p data-start=\"646\" data-end=\"831\">Apr\u00e8s une premi\u00e8re partie de championnat disput\u00e9e, les jeunes Rouge &amp; Noir terminent <strong data-start=\"731\" data-end=\"759\">troisi\u00e8mes de leur poule<\/strong>, d\u00e9crochant ainsi leur billet pour la deuxi\u00e8me phase de la comp\u00e9tition.<\/p>\n<p data-start=\"833\" data-end=\"1184\">\u00c0 partir du mois de <strong data-start=\"853\" data-end=\"861\">mars<\/strong>, une nouvelle phase de poules attend les Toulonnais. R\u00e9partis dans l\u2019une des <strong data-start=\"939\" data-end=\"974\">quatre poules de quatre \u00e9quipes<\/strong>, ils seront oppos\u00e9s \u00e0 des adversaires de tr\u00e8s haut niveau : <strong data-start=\"1035\" data-end=\"1090\">le Stade Toulousain, le Racing 92 et le FC Grenoble<\/strong>. Un programme relev\u00e9 qui promet des confrontations exigeantes et formatrices pour nos jeunes.<\/p>\n<p data-start=\"1186\" data-end=\"1364\">Le format est clair : <strong data-start=\"1208\" data-end=\"1245\">les deux premiers de chaque poule<\/strong> se qualifieront pour les <strong data-start=\"1271\" data-end=\"1291\">quarts de finale<\/strong>, avec pour objectif d\u2019acc\u00e9der ensuite au dernier carr\u00e9 puis \u00e0 la finale.<\/p>\n<p>Le calendrier de la phase de poules<\/p>\n<ul data-start=\"1407\" data-end=\"1616\">\n<li data-start=\"1407\" data-end=\"1441\">\n<p data-start=\"1409\" data-end=\"1441\"><strong data-start=\"1409\" data-end=\"1441\">Journ\u00e9e 1 : Toulon \u2013 Toulouse, samedi 21 mars\u00a0<\/strong><\/p>\n<\/li>\n<li data-start=\"1442\" data-end=\"1476\">\n<p data-start=\"1444\" data-end=\"1476\"><strong data-start=\"1444\" data-end=\"1476\">Journ\u00e9e 2 : Toulon \u2013 Racing 92, samedi 28 mars<\/strong><\/p>\n<\/li>\n<li data-start=\"1477\" data-end=\"1511\">\n<p data-start=\"1479\" data-end=\"1511\"><strong data-start=\"1479\" data-end=\"1511\">Journ\u00e9e 3 : Grenoble \u2013 Toulon, samedi 4 avril<\/strong><\/p>\n<\/li>\n<li data-start=\"1512\" data-end=\"1547\">\n<p data-start=\"1514\" data-end=\"1547\"><strong data-start=\"1514\" data-end=\"1547\">Journ\u00e9e 4 : Toulouse \u2013 Toulon, samedi 18 avril<\/strong><\/p>\n<\/li>\n<li data-start=\"1548\" data-end=\"1583\">\n<p data-start=\"1550\" data-end=\"1583\"><strong data-start=\"1550\" data-end=\"1583\">Journ\u00e9e 5 : Racing 92 \u2013 Toulon, samedi 25 avril<\/strong><\/p>\n<\/li>\n<li data-start=\"1584\" data-end=\"1616\">\n<p data-start=\"1586\" data-end=\"1616\"><strong data-start=\"1586\" data-end=\"1616\">Journ\u00e9e 6 : Toulon \u2013 Grenoble, samedi 9 mai<\/strong><\/p>\n<\/li>\n<\/ul>\n<p data-start=\"1618\" data-end=\"1676\">La phase finale se d\u00e9roulera selon le calendrier suivant :<\/p>\n<p data-start=\"1787\" data-end=\"2028\">Port\u00e9s par cette qualification acquise avec caract\u00e8re, les Espoirs du RCT aborderont cette deuxi\u00e8me phase avec ambition et d\u00e9termination, pr\u00eats \u00e0 d\u00e9fendre fi\u00e8rement les couleurs Rouge &amp; Noir face aux meilleures formations de l\u2019Hexagone !<\/p>\n","protected":false},"excerpt":{"rendered":"Les Espoirs du Rugby Club Toulonnais ont valid\u00e9 leur qualification pour la suite du championnat \u00e0 l\u2019issue de&hellip;\n","protected":false},"author":2,"featured_media":619533,"comment_status":"","ping_status":"","sticky":false,"template":"","format":"standard","meta":{"footnotes":""},"categories":[9619],"tags":[1111,11,1777,674,1011,27,12,882,25,2310],"class_list":{"0":"post-619532","1":"post","2":"type-post","3":"status-publish","4":"format-standard","5":"has-post-thumbnail","7":"category-toulon","8":"tag-actu","9":"tag-actualites","10":"tag-eu","11":"tag-europe","12":"tag-fr","13":"tag-france","14":"tag-news","15":"tag-provence-alpes-cote-dazur","16":"tag-republique-francaise","17":"tag-toulon"},"share_on_mastodon":{"url":"https:\/\/pubeurope.com\/@fr\/115773493988878109","error":""},"_links":{"self":[{"href":"https:\/\/www.europesays.com\/fr\/wp-json\/wp\/v2\/posts\/619532","targetHints":{"allow":["GET"]}}],"collection":[{"href":"https:\/\/www.europesays.com\/fr\/wp-json\/wp\/v2\/posts"}],"about":[{"href":"https:\/\/www.europesays.com\/fr\/wp-json\/wp\/v2\/types\/post"}],"author":[{"embeddable":true,"href":"https:\/\/www.europesays.com\/fr\/wp-json\/wp\/v2\/users\/2"}],"replies":[{"embeddable":true,"href":"https:\/\/www.europesays.com\/fr\/wp-json\/wp\/v2\/comments?post=619532"}],"version-history":[{"count":0,"href":"https:\/\/www.europesays.com\/fr\/wp-json\/wp\/v2\/posts\/619532\/revisions"}],"wp:featuredmedia":[{"embeddable":true,"href":"https:\/\/www.europesays.com\/fr\/wp-json\/wp\/v2\/media\/619533"}],"wp:attachment":[{"href":"https:\/\/www.europesays.com\/fr\/wp-json\/wp\/v2\/media?parent=619532"}],"wp:term":[{"taxonomy":"category","embeddable":true,"href":"https:\/\/www.europesays.com\/fr\/wp-json\/wp\/v2\/categories?post=619532"},{"taxonomy":"post_tag","embeddable":true,"href":"https:\/\/www.europesays.com\/fr\/wp-json\/wp\/v2\/tags?post=619532"}],"curies":[{"name":"wp","href":"https:\/\/api.w.org\/{rel}","templated":true}]}}