{"id":619536,"date":"2025-12-24T08:04:15","date_gmt":"2025-12-24T08:04:15","guid":{"rendered":"https:\/\/www.europesays.com\/fr\/619536\/"},"modified":"2025-12-24T08:04:15","modified_gmt":"2025-12-24T08:04:15","slug":"nativite-ou-assister-a-la-messe-de-noel-ce-mercredi-24-decembre-a-montpellier","status":"publish","type":"post","link":"https:\/\/www.europesays.com\/fr\/619536\/","title":{"rendered":"Nativit\u00e9\u00a0: o\u00f9 assister \u00e0 la messe de No\u00ebl ce mercredi 24\u00a0d\u00e9cembre \u00e0 Montpellier\u00a0?"},"content":{"rendered":"<p>\n                                                                Pour assister \u00e0 une messe de No\u00ebl, les Montpelli\u00e9rains ont l\u2019embarras du choix ce mercredi\u00a024 et jeudi 25\u00a0d\u00e9cembre.\n                            <\/p>\n<p>La messe de No\u00ebl est une c\u00e9r\u00e9monie incontournable de la liturgie catholique. La tradition veut qu\u2019elle se d\u00e9roule \u00e0 minuit, dans la nuit du 24 au 25\u00a0d\u00e9cembre, pour c\u00e9l\u00e9brer la nativit\u00e9 du Christ. Les horaires sont d\u00e9sormais moins tardifs. Voici la liste des messes de No\u00ebl dans les diff\u00e9rentes paroisses de Montpellier.<\/p>\n<p>Paroisse cath\u00e9drale Saint-Denis<\/p>\n<ul>\n<li>Cath\u00e9drale\u00a0: mercredi \u00e0 18\u00a0h, 23\u00a0h\u00a030, jeudi \u00e0 10\u00a0h\u00a030<\/li>\n<li>Saint-Denis\u00a0: mercredi \u00e0 18\u00a0h, jeudi \u00e0 10\u00a0h<\/li>\n<li>Notre-Dame-des-Tables mercredi \u00e0 18\u00a0h<\/li>\n<li>Saint-L\u00e9on\u00a0: mercredi \u00e0 18\u00a0h<\/li>\n<li>Saint-Roch\u00a0: mercredi \u00e0 18\u00a0h<\/li>\n<li>Sainte-Eulalie\u00a0: mercredi \u00e0 23\u00a0h\u00a030, jeudi \u00e0 10\u00a0h\u00a030<\/li>\n<li>Saint-Matthieu\u00a0: mercredi \u00e0 19\u00a0h<\/li>\n<li>Sainte-Bernadette\u00a0: mercredi \u00e0 17\u00a0h, 19\u00a0h, 22\u00a0h\u00a030, jeudi \u00e0 10\u00a0h\u00a030 et 18\u00a0h\u00a030<\/li>\n<\/ul>\n<p>Paroisse Notre Dame de la Paix<\/p>\n<ul>\n<li>Notre Dame de la Paix mercredi \u00e0 18\u00a0h et 20\u00a0h\u00a030, jeudi \u00e0 11\u00a0h<\/li>\n<\/ul>\n<p>Paroisse Saint-Augustin de l\u2019Aqueduc<\/p>\n<ul>\n<li>Sainte-Th\u00e9r\u00e8se\u00a0: mercredi \u00e0 18\u00a0h et 22\u00a0h, jeudi \u00e0 11\u00a0h et 19\u00a0h<\/li>\n<li>Saint-Esprit\u00a0: mercredi \u00e0 18\u00a0h<\/li>\n<li>Notre Dame d\u2019Esp\u00e9rance jeudi \u00e0 18\u00a0h\u00a030<\/li>\n<li>Saint Paul\u00a0: jeudi \u00e0 17\u00a0h<\/li>\n<li>Saint-Thomas\u00a0: mercredi \u00e0 18\u00a0h<\/li>\n<\/ul>\n","protected":false},"excerpt":{"rendered":"Pour assister \u00e0 une messe de No\u00ebl, les Montpelli\u00e9rains ont l\u2019embarras du choix ce mercredi\u00a024 et jeudi 25\u00a0d\u00e9cembre.&hellip;\n","protected":false},"author":2,"featured_media":619537,"comment_status":"","ping_status":"","sticky":false,"template":"","format":"standard","meta":{"footnotes":""},"categories":[9599],"tags":[1111,11,1777,674,1011,27,7089,2208,12,72955,64981,2680,25],"class_list":{"0":"post-619536","1":"post","2":"type-post","3":"status-publish","4":"format-standard","5":"has-post-thumbnail","7":"category-montpellier","8":"tag-actu","9":"tag-actualites","10":"tag-eu","11":"tag-europe","12":"tag-fr","13":"tag-france","14":"tag-herault","15":"tag-montpellier","16":"tag-news","17":"tag-nos-dossiers-locaux","18":"tag-nou00ebl","19":"tag-occitanie","20":"tag-republique-francaise"},"share_on_mastodon":{"url":"https:\/\/pubeurope.com\/@fr\/115773509686360722","error":""},"_links":{"self":[{"href":"https:\/\/www.europesays.com\/fr\/wp-json\/wp\/v2\/posts\/619536","targetHints":{"allow":["GET"]}}],"collection":[{"href":"https:\/\/www.europesays.com\/fr\/wp-json\/wp\/v2\/posts"}],"about":[{"href":"https:\/\/www.europesays.com\/fr\/wp-json\/wp\/v2\/types\/post"}],"author":[{"embeddable":true,"href":"https:\/\/www.europesays.com\/fr\/wp-json\/wp\/v2\/users\/2"}],"replies":[{"embeddable":true,"href":"https:\/\/www.europesays.com\/fr\/wp-json\/wp\/v2\/comments?post=619536"}],"version-history":[{"count":0,"href":"https:\/\/www.europesays.com\/fr\/wp-json\/wp\/v2\/posts\/619536\/revisions"}],"wp:featuredmedia":[{"embeddable":true,"href":"https:\/\/www.europesays.com\/fr\/wp-json\/wp\/v2\/media\/619537"}],"wp:attachment":[{"href":"https:\/\/www.europesays.com\/fr\/wp-json\/wp\/v2\/media?parent=619536"}],"wp:term":[{"taxonomy":"category","embeddable":true,"href":"https:\/\/www.europesays.com\/fr\/wp-json\/wp\/v2\/categories?post=619536"},{"taxonomy":"post_tag","embeddable":true,"href":"https:\/\/www.europesays.com\/fr\/wp-json\/wp\/v2\/tags?post=619536"}],"curies":[{"name":"wp","href":"https:\/\/api.w.org\/{rel}","templated":true}]}}