{"id":619540,"date":"2025-12-24T08:08:16","date_gmt":"2025-12-24T08:08:16","guid":{"rendered":"https:\/\/www.europesays.com\/fr\/619540\/"},"modified":"2025-12-24T08:08:16","modified_gmt":"2025-12-24T08:08:16","slug":"sacha-treille-et-deux-grenoblois-retenus-pour-les-jo-2026","status":"publish","type":"post","link":"https:\/\/www.europesays.com\/fr\/619540\/","title":{"rendered":"Sacha Treille et deux Grenoblois retenus pour\u00a0les JO 2026"},"content":{"rendered":"<p>Les Jeux olympiques d\u2019hiver ne commenceront qu\u2019au mois de f\u00e9vrier mais, pour le hockey fran\u00e7ais \u2013 de retour dans le grand concert des nations mondiales \u2013 Milan-Cortina a commenc\u00e9 ce 23\u00a0d\u00e9cembre. \u00c0 deux mois de l\u2019\u00e9ch\u00e9ance, et \u00e0 deux jours de No\u00ebl, Gr\u00e9gory Tarl\u00e9 et <a href=\"https:\/\/www.ledauphine.com\/p\/yorick-treille\" target=\"_blank\" rel=\"noopener\">Yorick Treille<\/a> ont d\u00e9voil\u00e9 leur s\u00e9lection respective pour les JO-2026 en Italie.<\/p>\n<p class=\"insetTitle\">La s\u00e9lection masculine<\/p>\n<p><strong>Gardiens\u00a0:<\/strong> Julian Junca, Antoine Keller, Martin Neckar.<\/p>\n<p><strong>D\u00e9fenseurs\u00a0:<\/strong> Johann Auvitu, Jules Boscq, Enzo Cantagallo, Florian Chakiachvili, Pierre Crinon, Hugo Gallet, Enzo Guebey, Thomas Thiry.<\/p>\n<p><strong>Attaquants\u00a0:<\/strong> Justin Addam, Pierre-Edouard Bellemare, Charles Bertrand, Louis Boudon, Kevin Bozon, St\u00e9phane Da Costa, Aur\u00e9lien Dair, Floran Douay, Dylan Fabre, Jordann Perret, Anthony Rech, Nicolas Ritz et Sacha Treille.<\/p>\n<p>  \u00ab\u00a0L\u2019apprendre l\u00e0\u2026 c\u2019est trop bien, et en m\u00eame temps j\u2019ai l\u2019impression que c\u2019est trop loin\u00a0\u00bb<\/p>\n<p>Apr\u00e8s <a title=\"hockey LM J27 r\u00e9su Grenoble vs Angers\" href=\"https:\/\/www.ledauphine.com\/sport\/2025\/12\/23\/grenoble-domine-angers-gap-enchaine-tous-les-resultats-de-la-27e-journee\" target=\"_blank\" rel=\"noopener\">la victoire des Grenoblois en Ligue Magnus, mardi soir \u00e0 Polesud face \u00e0 Angers<\/a> (3-1), Sacha Treille a confi\u00e9 sa joie. \u00ab\u00a0C\u2019est une immense fiert\u00e9, j\u2019ai des frissons rien que d\u2019en parler\u00a0\u00bb, a r\u00e9agi l\u2019attaquant (38 ans). \u00ab\u00a0\u00c7a fait du bien de l\u2019apprendre. Certes, j\u2019ai une histoire avec cette \u00e9quipe de France\u00a0; mais je me suis quand m\u00eame fait remonter les bretelles par le s\u00e9lectionneur (son fr\u00e8re Yorick, NDLR), ce n\u2019\u00e9tait pas garanti. Je pense que mes performances en club ont aussi beaucoup aid\u00e9. Le tournoi (des\u00a0Quatre nations) en novembre (\u00e0 \u00c9pinal) m\u2019a aussi aid\u00e9. Ce n\u2019\u00e9tait pas garanti, mais de l\u2019apprendre l\u00e0\u2026 c\u2019est trop bien, et en m\u00eame temps j\u2019ai l\u2019impression que c\u2019est trop loin.\u00a0\u00bb<\/p>\n<p>Ses co\u00e9quipiers, l\u2019attaquant Aur\u00e9lien Dair (26 ans), malade mardi soir, et le d\u00e9fenseur Pierre Crinon (30 ans), encore suspendu, n\u2019ont pas pu r\u00e9agir.<\/p>\n<p>Mais Sacha Treille, lui, a livr\u00e9 toute son \u00e9motion de futur \u201cOlympien\u201d\u00a0: \u00ab\u00a0Repr\u00e9senter son pays aux Jeux olympiques, chose qui n\u2019a pas \u00e9t\u00e9 faite depuis 2002. On sait qu\u2019il y a une part de chance, un contexte g\u00e9opolitique qui nous a aid\u00e9s \u00e0 nous qualifier. Mais on va profiter \u00e0 100\u00a0% de cette chance qu\u2019on a. Ce sera une fiert\u00e9 d\u2019aller en Italie, de repr\u00e9senter notre \u201cpetit pays\u201d, dans le monde du hockey. On sait qu\u2019on aura des adversaires de tr\u00e8s haut niveau, donc \u00e7a va \u00eatre dur. Mais ce sera une super exp\u00e9rience, de pouvoir se mesurer \u00e0 ce qui se fait de mieux au monde. On a h\u00e2te.\u00a0\u00bb<\/p>\n<p>Le tournoi f\u00e9minin de Milan-Cortina commencera le jeudi 5\u00a0f\u00e9vrier, suivi du tournoi masculin le 12\u00a0f\u00e9vrier.<\/p>\n<p class=\"insetTitle\">La s\u00e9lection f\u00e9minine<\/p>\n<p><strong>Gardiennes\u00a0:<\/strong> Margaux Mameri, Alice Philbert, Violette Pianel-Couriaut.<\/p>\n<p><strong>D\u00e9fenseures\u00a0:<\/strong> L\u00e9a Berger, Gabrielle De Serres, Sophie Leclerc, Marie-Pierre Pelissou, Lucie Quarto, L\u00e9a Villot, Elina Zilliox.<\/p>\n<p><strong>Attaquantes\u00a0:<\/strong> Chlo\u00e9 Aurard, Jade Barbirati, Lore Baudrit, Cl\u00e9mence Boudin, Estelle Duvin, Sehana Galbrun, Margot Huot-Marchant, Manon Le Scodan, Julie Mesplede, Emma Nonnenmacher, Ana\u00efs Peyne-Dingival, Clara Rozier, Ana\u00e9 Simon<\/p>\n","protected":false},"excerpt":{"rendered":"Les Jeux olympiques d\u2019hiver ne commenceront qu\u2019au mois de f\u00e9vrier mais, pour le hockey fran\u00e7ais \u2013 de retour&hellip;\n","protected":false},"author":2,"featured_media":619541,"comment_status":"","ping_status":"","sticky":false,"template":"","format":"standard","meta":{"footnotes":""},"categories":[9566],"tags":[1111,11,2430,112,1777,674,1701,1011,27,2731,2732,4638,881,4133,10145,108,21243,12,25,517],"class_list":{"0":"post-619540","1":"post","2":"type-post","3":"status-publish","4":"format-standard","5":"has-post-thumbnail","7":"category-grenoble","8":"tag-actu","9":"tag-actualites","10":"tag-auvergne-rhone-alpes","11":"tag-edition-grenoble-agglomeration","12":"tag-eu","13":"tag-europe","14":"tag-fil-info-sport","15":"tag-fr","16":"tag-france","17":"tag-grenoble","18":"tag-grenoble-bassin","19":"tag-haute-savoie","20":"tag-hautes-alpes","21":"tag-hockey-sur-glace","22":"tag-hockey-sur-glace-grenoble","23":"tag-isere","24":"tag-jeux-olympiques-dhiver","25":"tag-news","26":"tag-republique-francaise","27":"tag-sport"},"share_on_mastodon":{"url":"https:\/\/pubeurope.com\/@fr\/115773525565630648","error":""},"_links":{"self":[{"href":"https:\/\/www.europesays.com\/fr\/wp-json\/wp\/v2\/posts\/619540","targetHints":{"allow":["GET"]}}],"collection":[{"href":"https:\/\/www.europesays.com\/fr\/wp-json\/wp\/v2\/posts"}],"about":[{"href":"https:\/\/www.europesays.com\/fr\/wp-json\/wp\/v2\/types\/post"}],"author":[{"embeddable":true,"href":"https:\/\/www.europesays.com\/fr\/wp-json\/wp\/v2\/users\/2"}],"replies":[{"embeddable":true,"href":"https:\/\/www.europesays.com\/fr\/wp-json\/wp\/v2\/comments?post=619540"}],"version-history":[{"count":0,"href":"https:\/\/www.europesays.com\/fr\/wp-json\/wp\/v2\/posts\/619540\/revisions"}],"wp:featuredmedia":[{"embeddable":true,"href":"https:\/\/www.europesays.com\/fr\/wp-json\/wp\/v2\/media\/619541"}],"wp:attachment":[{"href":"https:\/\/www.europesays.com\/fr\/wp-json\/wp\/v2\/media?parent=619540"}],"wp:term":[{"taxonomy":"category","embeddable":true,"href":"https:\/\/www.europesays.com\/fr\/wp-json\/wp\/v2\/categories?post=619540"},{"taxonomy":"post_tag","embeddable":true,"href":"https:\/\/www.europesays.com\/fr\/wp-json\/wp\/v2\/tags?post=619540"}],"curies":[{"name":"wp","href":"https:\/\/api.w.org\/{rel}","templated":true}]}}