{"id":619542,"date":"2025-12-24T08:09:49","date_gmt":"2025-12-24T08:09:49","guid":{"rendered":"https:\/\/www.europesays.com\/fr\/619542\/"},"modified":"2025-12-24T08:09:49","modified_gmt":"2025-12-24T08:09:49","slug":"en-2026-rennes-metropole-craint-de-devoir-faire-avec-16-millions-deuros-en-moins","status":"publish","type":"post","link":"https:\/\/www.europesays.com\/fr\/619542\/","title":{"rendered":"En 2026, Rennes m\u00e9tropole craint de devoir faire avec 16\u00a0millions d\u2019euros en moins"},"content":{"rendered":"<p>Le gouvernement, lanc\u00e9 dans un plan d\u2019\u00e9conomie, demande aux collectivit\u00e9s locales de participer. Si cela se confirme, Rennes m\u00e9tropole estime ses pertes de recettes \u00e0 16\u00a0millions d\u2019euros pour 2026. Plus que le budget consacr\u00e9 \u00e0 la culture.<\/p>\n<p>Si le grand plan d\u2019\u00e9conomie voulu <a target=\"_self\" href=\"https:\/\/rennes.maville.com\/actu\/actudet_-budget-2026-que-contient-le-projet-de-loi-de-finances-sur-lequel-les-senateurs-doivent-se-prononcer-ce-lundi-_54135-7110102_actu.Htm\" rel=\"noopener\">par le gouvernement pour 2026 se confirme<\/a>, les collectivit\u00e9s locales pourraient \u00e0 nouveau \u00eatre mises \u00e0 contribution. \u00c0 quelle hauteur\u00a0? Les hypoth\u00e8ses varient. Les \u00a0optimistes\u00a0 \u00e9voquent 4,6\u00a0milliards d\u2019euros. Les pessimistes, comme France Urbaine, penchent plut\u00f4t pour 6,6\u00a0milliards d\u2019euros. Rennes m\u00e9tropole estime qu\u2019il lui en co\u00fbtera, pour l\u2019ann\u00e9e 2026, 16,2\u00a0millions d\u2019euros.<\/p>\n<p>Une ponction de l\u2019\u00c9tat \u00ab\u00a0injuste et disproportionn\u00e9e\u00a0\u00bb<\/p>\n<p>Une somme rondelette &#8211; \u00e0 mettre en rapport avec des recettes de fonctionnement de 388\u00a0millions d\u2019euros en 2026 &#8211; \u00a0\u00e9quivalente \u00e0 56\u00a0% de l\u2019ensemble des subventions vers\u00e9es par la collectivit\u00e9 aux acteurs associatifs et partenaires du territoire, \u00e0 la moiti\u00e9 de l\u2019investissement consacr\u00e9 par la M\u00e9tropole \u00e0 la r\u00e9alisation et \u00e0 la r\u00e9habilitation de logements sociaux sur les 43\u00a0communes, ou encore \u00e0 un montant sup\u00e9rieur au budget en faveur de la culture\u00a0, a expliqu\u00e9, jeudi 18\u00a0d\u00e9cembre, la vice-pr\u00e9sidente en charge des Finances, Marie Ducamin, lors du conseil m\u00e9tropolitain.<\/p>\n<p>Une d\u00e9lib\u00e9ration s\u2019opposant \u00e0 cette ponction \u00a0injuste et disproportionn\u00e9\u00a0 de l\u2019\u00c9tat sur les budgets locaux a d\u2019ailleurs \u00e9t\u00e9 adopt\u00e9e avant la pr\u00e9sentation du rapport d\u2019orientation budg\u00e9taire.<\/p>\n<p>Carole Gandon \u00ab\u00a0pas \u00e0 l\u2019aise avec ce v\u0153u\u00a0\u00bb<\/p>\n<p>\u00a0Nous ne sommes pas \u00e0 l\u2019aise avec ce v\u0153u\u00a0, a fait savoir l\u2019\u00e9lue d\u2019opposition Carole Gandon, qui votera contre, estimant qu\u2019il \u00a0rel\u00e8ve davantage de la posture politique que d\u2019une r\u00e9ponse utile et responsable.\u00a0 Elle a reconnu que ces 16\u00a0millions n\u2019\u00e9taient pas une somme anodine. \u00a016\u00a0millions d\u2019euros, c\u2019est 16\u00a0% du d\u00e9rapage de 100\u00a0millions d\u2019euros que vous nous imposez du fait de votre gestion catastrophique du dossier de l\u2019UVE\u00a0!\u00a0\u00a0<a target=\"_self\" href=\"https:\/\/rennes.maville.com\/info\/info-locale\/incinerateur-de-rennes-a-larret-un-cout-financier-et-ecologique-considerable-pour-la-metropole-b36df85a-1819-11ef-89e1-9d0ea397ae43#:~:text=2%2C8%20millions%20d&#039;euros%20par%20mois&amp;text=Un%20chauffage%20moins%20cher%20pour,et%20plus%20propre%2C%20%C3%A9cologiquement%20parlant.&amp;text=Mais%20les%2018%20mois%20de,chantier%20stopp%C3%A9%20depuis%20un%20an.\" rel=\"noopener\">R\u00e9f\u00e9rence au chantier de l\u2019incin\u00e9rateur<\/a> de d\u00e9chets de Villejean (L\u2019Unit\u00e9 de valorisation \u00e9nerg\u00e9tique) en cours de modernisation et qui <a rel=\"nofollow noopener\" target=\"_blank\" href=\"https:\/\/rennes.maville.com\/actu\/actudet_--nous-restons-sur-ce-planning-la-l-incinerateur-de-dechets-de-rennes-reprendra-bien-du-service-a-l-ete-2026-_52674-7116150_actu.Htm\">devrait \u00eatre remis en service \u00e0 l\u2019\u00e9t\u00e9 2026<\/a> avec deux ans et demi de retard.<\/p>\n<p>\u00a0<\/p>\n","protected":false},"excerpt":{"rendered":"Le gouvernement, lanc\u00e9 dans un plan d\u2019\u00e9conomie, demande aux collectivit\u00e9s locales de participer. Si cela se confirme, Rennes&hellip;\n","protected":false},"author":2,"featured_media":619543,"comment_status":"","ping_status":"","sticky":false,"template":"","format":"standard","meta":{"footnotes":""},"categories":[2821],"tags":[11707,5734,1111,11,829,7145,1777,674,4658,4560,1011,27,2800,4657,12,584,25],"class_list":{"0":"post-619542","1":"post","2":"type-post","3":"status-publish","4":"format-standard","5":"has-post-thumbnail","7":"category-rennes","8":"tag-11707","9":"tag-5734","10":"tag-actu","11":"tag-actualites","12":"tag-bretagne","13":"tag-craint","14":"tag-eu","15":"tag-europe","16":"tag-euros","17":"tag-faire","18":"tag-fr","19":"tag-france","20":"tag-metropole","21":"tag-millions","22":"tag-news","23":"tag-rennes","24":"tag-republique-francaise"},"share_on_mastodon":{"url":"https:\/\/pubeurope.com\/@fr\/115773533247657351","error":""},"_links":{"self":[{"href":"https:\/\/www.europesays.com\/fr\/wp-json\/wp\/v2\/posts\/619542","targetHints":{"allow":["GET"]}}],"collection":[{"href":"https:\/\/www.europesays.com\/fr\/wp-json\/wp\/v2\/posts"}],"about":[{"href":"https:\/\/www.europesays.com\/fr\/wp-json\/wp\/v2\/types\/post"}],"author":[{"embeddable":true,"href":"https:\/\/www.europesays.com\/fr\/wp-json\/wp\/v2\/users\/2"}],"replies":[{"embeddable":true,"href":"https:\/\/www.europesays.com\/fr\/wp-json\/wp\/v2\/comments?post=619542"}],"version-history":[{"count":0,"href":"https:\/\/www.europesays.com\/fr\/wp-json\/wp\/v2\/posts\/619542\/revisions"}],"wp:featuredmedia":[{"embeddable":true,"href":"https:\/\/www.europesays.com\/fr\/wp-json\/wp\/v2\/media\/619543"}],"wp:attachment":[{"href":"https:\/\/www.europesays.com\/fr\/wp-json\/wp\/v2\/media?parent=619542"}],"wp:term":[{"taxonomy":"category","embeddable":true,"href":"https:\/\/www.europesays.com\/fr\/wp-json\/wp\/v2\/categories?post=619542"},{"taxonomy":"post_tag","embeddable":true,"href":"https:\/\/www.europesays.com\/fr\/wp-json\/wp\/v2\/tags?post=619542"}],"curies":[{"name":"wp","href":"https:\/\/api.w.org\/{rel}","templated":true}]}}