{"id":619544,"date":"2025-12-24T08:11:28","date_gmt":"2025-12-24T08:11:28","guid":{"rendered":"https:\/\/www.europesays.com\/fr\/619544\/"},"modified":"2025-12-24T08:11:28","modified_gmt":"2025-12-24T08:11:28","slug":"les-elevages-de-rennes-face-au-rechauffement-climatique","status":"publish","type":"post","link":"https:\/\/www.europesays.com\/fr\/619544\/","title":{"rendered":"Les \u00e9levages de rennes face au r\u00e9chauffement climatique"},"content":{"rendered":"<p>\t\t  Les \u00e9levages de rennes face au r\u00e9chauffement climatique | France Culture                                <\/p>\n<p class=\"qg-visually-hidden\" tabindex=\"-1\">Les \u00e9levages de rennes face au r\u00e9chauffement climatique <\/p>\n<ul class=\"SkipLinks-list svelte-ahqaie\">\n<li>  Contenu  <\/li>\n<li>  Lecteur audio  <\/li>\n<li>  Menu  <\/li>\n<li>  Pied de page  <\/li>\n<\/ul>\n<p role=\"heading\" aria-level=\"1\" class=\"qg-sr-only svelte-mociyb\">France Culture<\/p>\n<p>             <img decoding=\"async\" src=\"https:\/\/www.europesays.com\/fr\/wp-content\/uploads\/2025\/12\/1766563886_912_1200x680\" width=\"1024\" height=\"580\" alt=\"Un p\u00e8re sami avec son fils et ses rennes, dans le village de Ravttas, pr\u00e8s de Kiruna, en Laponie su\u00e9doise. \u00a9Getty - Wolfgang Kaehler\" loading=\"lazy\" fetchpriority=\"low\" data-testid=\"image-tag\" style=\"&#10;--_image-preview:url(data:image\/svg+xml,%3Csvg%20height%3D%221%22%20width%3D%221%22%0Axmlns%3D%22http%3A%2F%2Fwww.w3.org%2F2000%2Fsvg%22%3E%3Cdefs%3E%3Cfilter%20id%3D%22f1%22%20x%3D%220%22%20y%3D%220%22%0Axmlns%3D%22http%3A%2F%2Fwww.w3.org%2F2000%2Fsvg%22%3E%3CfeGaussianBlur%20in%3D%22SourceGraphic%22%20stdDeviation%3D%2230%22%0A%2F%3E%3C%2Ffilter%3E%3C%2Fdefs%3E%3Crect%20width%3D%22100%25%22%20height%3D%22100%25%22%20fill%3D%22%23%22%0Afilter%3D%22url(%23f1)%22%20%2F%3E%3C%2Fsvg%3E);\" aria-hidden=\"true\" class=\"svelte-1afbni6 ratio\" onload=\"this.__e=event\" onerror=\"this.__e=event\"\/> <\/p>\n<p>Un p\u00e8re sami avec son fils et ses rennes, dans le village de Ravttas, pr\u00e8s de Kiruna, en Laponie su\u00e9doise. \u00a9Getty &#8211; Wolfgang Kaehler<\/p>\n<p>           <img decoding=\"async\" src=\"https:\/\/www.europesays.com\/fr\/wp-content\/uploads\/2025\/11\/400x400_sc_fc-les-chantiers-de-la-recherche-3000x3000-v2.jpg\" width=\"400\" height=\"400\" alt=\"Les Chantiers de la recherche\" loading=\"lazy\" fetchpriority=\"low\" data-testid=\"image-tag\" style=\"--_image-preview:url('data:image\/svg+xml,&lt;svg height=&quot;100%&quot; width=&quot;100%&quot; xmlns=&quot;http:\/\/www.w3.org\/2000\/svg&quot;&gt;&lt;defs&gt;&lt;filter id=&quot;f1&quot; x=&quot;0&quot; y=&quot;0&quot; xmlns=&quot;http:\/\/www.w3.org\/2000\/svg&quot;&gt;&lt;feGaussianBlur in=&quot;SourceGraphic&quot; stdDeviation=&quot;30&quot; \/&gt;&lt;\/filter&gt;&lt;\/defs&gt;&lt;rect width=&quot;100%&quot; height=&quot;100%&quot; fill=&quot;%23782888&quot; filter=&quot;url(%23f1)&quot; \/&gt;&lt;\/svg&gt;');\" aria-hidden=\"true\" class=\"svelte-1n5zs1o ratio\" onload=\"this.__e=event\" onerror=\"this.__e=event\"\/>   <\/p>\n<p class=\"ExpressionSummary-standFirst qg-tt4 qg-xtra-lh svelte-ccn03w\" data-testid=\"ExpressionSummary-standFirst\"><strong>Alors que le P\u00e8re-No\u00ebl s\u2019appr\u00eate \u00e0 prendre la route avec ses rennes pour livrer ses cadeaux, nous recevons aux Chantiers de la Recherche un anthropologue qui a l\u2019habitude de c\u00f4toyer les rennes et leurs \u00e9leveurs en Norv\u00e8ge, les Samis.<\/strong><\/p>\n<p>Avec<\/p>\n<ul class=\"svelte-ccn03w\">\n<li class=\"qg-tx2 qg-xtra-lh svelte-ccn03w\">Nicolas Bureau, chercheur post doctorant en anthropologie, \u00e0 l\u2019UMR METIS \u00e0 Sorbonne Universit\u00e9<\/li>\n<\/ul>\n","protected":false},"excerpt":{"rendered":"Les \u00e9levages de rennes face au r\u00e9chauffement climatique | France Culture Les \u00e9levages de rennes face au r\u00e9chauffement&hellip;\n","protected":false},"author":2,"featured_media":619545,"comment_status":"","ping_status":"","sticky":false,"template":"","format":"standard","meta":{"footnotes":""},"categories":[2821],"tags":[1111,11,829,1777,674,1011,27,12,584,25],"class_list":{"0":"post-619544","1":"post","2":"type-post","3":"status-publish","4":"format-standard","5":"has-post-thumbnail","7":"category-rennes","8":"tag-actu","9":"tag-actualites","10":"tag-bretagne","11":"tag-eu","12":"tag-europe","13":"tag-fr","14":"tag-france","15":"tag-news","16":"tag-rennes","17":"tag-republique-francaise"},"share_on_mastodon":{"url":"https:\/\/pubeurope.com\/@fr\/115773538669020229","error":""},"_links":{"self":[{"href":"https:\/\/www.europesays.com\/fr\/wp-json\/wp\/v2\/posts\/619544","targetHints":{"allow":["GET"]}}],"collection":[{"href":"https:\/\/www.europesays.com\/fr\/wp-json\/wp\/v2\/posts"}],"about":[{"href":"https:\/\/www.europesays.com\/fr\/wp-json\/wp\/v2\/types\/post"}],"author":[{"embeddable":true,"href":"https:\/\/www.europesays.com\/fr\/wp-json\/wp\/v2\/users\/2"}],"replies":[{"embeddable":true,"href":"https:\/\/www.europesays.com\/fr\/wp-json\/wp\/v2\/comments?post=619544"}],"version-history":[{"count":0,"href":"https:\/\/www.europesays.com\/fr\/wp-json\/wp\/v2\/posts\/619544\/revisions"}],"wp:featuredmedia":[{"embeddable":true,"href":"https:\/\/www.europesays.com\/fr\/wp-json\/wp\/v2\/media\/619545"}],"wp:attachment":[{"href":"https:\/\/www.europesays.com\/fr\/wp-json\/wp\/v2\/media?parent=619544"}],"wp:term":[{"taxonomy":"category","embeddable":true,"href":"https:\/\/www.europesays.com\/fr\/wp-json\/wp\/v2\/categories?post=619544"},{"taxonomy":"post_tag","embeddable":true,"href":"https:\/\/www.europesays.com\/fr\/wp-json\/wp\/v2\/tags?post=619544"}],"curies":[{"name":"wp","href":"https:\/\/api.w.org\/{rel}","templated":true}]}}