{"id":619546,"date":"2025-12-24T08:13:33","date_gmt":"2025-12-24T08:13:33","guid":{"rendered":"https:\/\/www.europesays.com\/fr\/619546\/"},"modified":"2025-12-24T08:13:33","modified_gmt":"2025-12-24T08:13:33","slug":"barseghian-lance-sa-campagne-pour-rassembler-la-gauche-strasbourgeoise","status":"publish","type":"post","link":"https:\/\/www.europesays.com\/fr\/619546\/","title":{"rendered":"Barseghian lance sa campagne pour rassembler la gauche strasbourgeoise"},"content":{"rendered":"<p><b>Le 17 d\u00e9cembre, Jeanne Barseghian est officiellement entr\u00e9e en campagne pour faire de Strasbourg une ville \u00ab juste et vivante \u00bb. L\u2019occasion de r\u00e9aliser une revue des troupes qui l\u2019accompagnent dans son objectif de r\u00e9\u00e9lection, alors que la maire se positionne comme la candidate de gauche qui rassemble, et contre LFI et Catherine Trautmann. <\/b><\/p>\n<p class=\"p2\">\u00ab\u00a0Notre ADN c\u2019est vraiment le collectif.\u00a0\u00bb Ce 17 d\u00e9cembre, Jeanne Barseghian avait des airs de Liam Rosenior [le coach du Racing, ndlr]. Bien install\u00e9e dans le salon de son local de campagne r\u00e9cemment inaugur\u00e9, <b>la maire de Strasbourg a d\u00e9cid\u00e9 qu\u2019il \u00e9tait temps de lancer officiellement la campagne pour sa r\u00e9\u00e9lection<\/b>.<\/p>\n<p class=\"p2\">Pourquoi maintenant ? Selon l\u2019\u00e9dile, <a href=\"https:\/\/pokaa.fr\/2025\/12\/09\/aide-durgence-au-neudorf-projet-xxl-a-la-robertsau-et-polesi-ce-que-strasbourg-a-decide-hier\/\" target=\"_blank\" rel=\"noopener\">le vote du dernier budget de la Ville de Strasbourg<\/a> le 8 d\u00e9cembre dernier permet d\u00e9sormais de se concentrer sur la campagne. <b>Les esprits plus contradicteurs remarqueront que cette conf\u00e9rence arrive deux jours seulement apr\u00e8s l\u2019annonce du ralliement des communistes \u00e0 la liste de Jeanne Barseghian<\/b>, la derni\u00e8re grosse force politique qui leur manquait. Car si la maire-candidate s\u2019est pos\u00e9e en rassembleuse, ce n\u2019est pas pour rien.<\/p>\n<p>    <img width=\"800\" height=\"600\" src=\"https:\/\/www.europesays.com\/fr\/wp-content\/uploads\/2025\/12\/img-3319-grande-800x600.jpeg\" class=\"attachment-image-size-L size-image-size-L\" alt=\"affiche barseghian\" decoding=\"async\" loading=\"lazy\"  \/>         \u00a9 Nicolas Kaspar \/ Pokaa <\/p>\n<p>Jeanne Barseghian, pr\u00e9sent\u00e9e comme la candidate de la gauche unie<\/p>\n<p class=\"p2\">Cette conf\u00e9rence de presse avait un but pr\u00e9cis : <b>montrer toutes les forces de gauche r\u00e9unies derri\u00e8re Jeanne Barseghian, allant de Place Publique au Parti communiste fran\u00e7ais (PCF)<\/b>. Dans les faits, cette union s\u2019est ressentie par les prises de parole de chaque force politique ou citoyenne qui a rejoint la d\u00e9marche de rassemblement.<\/p>\n<blockquote><p>\n        C\u2019est une candidature autour d\u2019un rassemblement pour porter un projet pour les Strasbourgeois(es) pour les 6 prochaines ann\u00e9es.    <\/p><\/blockquote>\n<p>            Jeanne Barseghian<\/p>\n<p>                <img width=\"375\" height=\"500\" src=\"https:\/\/www.europesays.com\/fr\/wp-content\/uploads\/2025\/12\/img-3288-grande-375x500.jpeg\" class=\"attachment-gallery size-gallery\" alt=\"barseghian lafay\" data-full-url=\"https:\/\/pokaa.fr\/wp-content\/uploads\/2025\/12\/18\/img-3288-grande.jpeg\" decoding=\"async\" loading=\"lazy\"  \/>            <\/p>\n<p>                <img width=\"375\" height=\"500\" src=\"https:\/\/www.europesays.com\/fr\/wp-content\/uploads\/2025\/12\/img-3290-grande-375x500.jpeg\" class=\"attachment-gallery size-gallery\" alt=\"soutiens barseghian\" data-full-url=\"https:\/\/pokaa.fr\/wp-content\/uploads\/2025\/12\/18\/img-3290-grande.jpeg\" decoding=\"async\" loading=\"lazy\"  \/>            <\/p>\n<p>                    \u00a9 Nicolas Kaspar \/ Pokaa<\/p>\n<p class=\"p2\"><b>On en d\u00e9nombre 9<\/b> : Strasbourg citoyenne, Les \u00c9cologistes, le PCF, Place Publique, G\u00e9n\u00e9ration.s, Debout ! [parti de Fran\u00e7ois Ruffin, ndlr], L\u2019Apr\u00e8s [association politique fond\u00e9e notamment par Cl\u00e9mentine Autain et Alexis Corbi\u00e8re apr\u00e8s leur d\u00e9part de LFI, ndlr], G\u00e9n\u00e9ration \u00e9cologie et le Parti Animaliste. De quoi faire une jolie photo de famille\u2026 <b>\u00e0 laquelle manquait n\u00e9anmoins H\u00fclliya Turan, adjointe communiste du mandat actuel<\/b>.<\/p>\n<p class=\"p2\">Une union de la gauche qui a inspir\u00e9 le \u00ab logo \u00bb de la campagne. Selon la maire-candidate, <b>il repr\u00e9sente \u00ab la pluralit\u00e9 repr\u00e9sent\u00e9e par les diff\u00e9rentes couleurs politiques, autour d\u2019un projet commun, le cercle, une plan\u00e8te \u00bb.<\/b> D\u2019autres y verront plus un ballon de volley de plage ou un fruit souvent associ\u00e9 au mandat \u00e9cologiste. Les go\u00fbts et les couleurs\u2026<\/p>\n<p>    <img width=\"800\" height=\"600\" src=\"https:\/\/www.europesays.com\/fr\/wp-content\/uploads\/2025\/12\/img-3300-grande-800x600.jpeg\" class=\"attachment-image-size-L size-image-size-L\" alt=\"\u00e9quipe campagne barseghian\" decoding=\"async\" loading=\"lazy\"  \/>         \u00a9 Nicolas Kaspar \/ Pokaa <\/p>\n<p>\u00ab\u00a0Strasbourg, juste et vivante\u00a0\u00bb : un projet pour une ville qui a chang\u00e9<\/p>\n<p class=\"p2\">Rassembler la gauche n\u2019est jamais une mince affaire, donc il est naturel que Jeanne Barseghian s\u2019en f\u00e9licite et veuille le mettre en avant. <b>Mais la maire-candidate avait \u00e9galement un projet \u00e0 pr\u00e9senter : \u00ab Strasbourg, juste et vivante \u00bb<\/b>. Une ambition qui ne sera pas un \u00ab\u00a0copier-coller de 2020\u00a0\u00bb ; car si le cap autour de la justice sociale et de l\u2019\u00e9cologie sera conserv\u00e9, \u00ab la Strasbourg en 2026 n\u2019est pas celle de 2020 \u00bb.<\/p>\n<p class=\"p2\">La maire \u00e9voque la hausse de la pr\u00e9carit\u00e9, mais aussi \u00ab l\u2019aspiration tr\u00e8s forte au niveau \u00e9cologique, avec un renforcement de l\u2019accompagnement n\u00e9cessaire pour qu\u2019elle soit la plus juste et \u00e9quitable possible \u00bb. <b>Elle souhaite tirer les le\u00e7ons des \u00e9checs du mandat \u00e9coul\u00e9<\/b>, notamment sur la m\u00e9thode des participations sur les grands projets urbains et sur les questions de proximit\u00e9.<\/p>\n<blockquote><p>\n        \u00ab Strasbourg, juste et vivante\u00a0\u00bb, c\u2019est une ville qui bouge, qui refuse de s\u2019arr\u00eater ou reculer, une ville qui assume d\u2019avancer.    <\/p><\/blockquote>\n<p>            Jeanne Barseghian<\/p>\n<p>                <img width=\"375\" height=\"500\" src=\"https:\/\/www.europesays.com\/fr\/wp-content\/uploads\/2025\/12\/img-3301-grande-375x500.jpeg\" class=\"attachment-gallery size-gallery\" alt=\"local barseghian\" data-full-url=\"https:\/\/pokaa.fr\/wp-content\/uploads\/2025\/12\/18\/img-3301-grande.jpeg\" decoding=\"async\" loading=\"lazy\"  \/>            <\/p>\n<p>                <img width=\"375\" height=\"500\" src=\"https:\/\/www.europesays.com\/fr\/wp-content\/uploads\/2025\/12\/img-3302-grande-375x500.jpeg\" class=\"attachment-gallery size-gallery\" alt=\"local barseghian\" data-full-url=\"https:\/\/pokaa.fr\/wp-content\/uploads\/2025\/12\/18\/img-3302-grande.jpeg\" decoding=\"async\" loading=\"lazy\"  \/>            <\/p>\n<p>                    \u00a9 Nicolas Kaspar \/ Pokaa<\/p>\n<p class=\"p2\">Enfin, dans un grand inventaire \u00e0 la Pr\u00e9vert, Jeanne Barseghian \u00e9voque son souhait pour Strasbourg : \u00ab\u00a0Une ville qui prot\u00e8ge face aux difficult\u00e9s de la vie, o\u00f9 l\u2019on se sent pleinement en s\u00e9curit\u00e9. <b>Une ville abordable o\u00f9 l\u2019on peut se loger dans de bonnes conditions, o\u00f9 l\u2019on peut se d\u00e9placer facilement<\/b>. Une ville qui est le c\u0153ur battant de la d\u00e9mocratie europ\u00e9enne pour la paix et la d\u00e9fense du droit international. \u00bb Tout un programme\u2026 qui sera d\u2019ailleurs pr\u00e9sent\u00e9 au mois de janvier.<\/p>\n<p class=\"p2\">Dans les prises de parole de ses alli\u00e9(e)s, on peut retenir la volont\u00e9 du PCF [qui aura une place plus importante sur la liste qu\u2019il y a 6 ans, ndlr] de lutter pour une alimentation saine de qualit\u00e9, le d\u00e9ploiement des services publics,<b> et de travailler le sujet des gratuit\u00e9s, que cela soit pour les transports en commun ou d\u2019autres services<\/b>. Pour continuer de faire de Strasbourg \u00ab une ville qui s\u2019adapte r\u00e9guli\u00e8rement aux mouvements de la soci\u00e9t\u00e9 \u00bb.<\/p>\n<p>    <img width=\"800\" height=\"600\" src=\"https:\/\/www.europesays.com\/fr\/wp-content\/uploads\/2025\/12\/img-3280-grande-800x600.jpeg\" class=\"attachment-image-size-L size-image-size-L\" alt=\"local barseghian\" decoding=\"async\" loading=\"lazy\"  \/>         \u00a9 Nicolas Kaspar \/ Pokaa <\/p>\n<p>Jeanne Barseghian vs Catherine Trautmann et Florian Kobryn<\/p>\n<p class=\"p2\">Apr\u00e8s cette \u00ab\u00a0d\u00e9monstration de force\u00a0\u00bb derri\u00e8re une gauche rassembl\u00e9e, Jeanne Barseghian s\u2019est positionn\u00e9e face \u00e0 deux de ses rivaux : Catherine Trautmann et Florian Kobryn. Pour la premi\u00e8re, <b>la maire-candidate a d\u00e9j\u00e0 d\u00e9voil\u00e9, non sans gourmandise, que \u00ab des socialistes qui ne se reconnaissent pas dans la campagne de Catherine Trautmann souhaitent nous rejoindre \u00bb.<\/b> On a bien quelques noms en t\u00eate, qui ont plut\u00f4t \u00e9t\u00e9 dans les critiques envers l\u2019ancienne maire PS.<\/p>\n<p class=\"p2\">Concernant <a href=\"https:\/\/pokaa.fr\/2025\/12\/10\/municipales-2026-un-nouveau-sondage-place-trautmann-largement-en-tete-a-strasbourg\/\" target=\"_blank\" rel=\"noopener\">la favorite des sondages<\/a>, Jeanne Barseghian s\u2019inscrit en faux : \u00ab\u00a0Je n\u2019interpr\u00e8te pas les sondages parce que ceux de 2020 \u00e9taient tous faux.\u00a0\u00bb Elle se pose plut\u00f4t la question du \u00ab\u00a0positionnement de Catherine Trautmann sur l\u2019\u00e9chiquier politique, <b>elle qui s\u2019est beaucoup rapproch\u00e9e des positions tenues par la droite macroniste et r\u00e9publicaine<\/b> \u00bb.\u00a0Si l\u2019ancienne maire avait besoin d\u2019une veste chaude pour l\u2019hiver, elle l\u2019a d\u00e9sormais.<\/p>\n<p>    <img width=\"800\" height=\"600\" src=\"https:\/\/www.europesays.com\/fr\/wp-content\/uploads\/2025\/12\/img-3316-grande-800x600.jpeg\" class=\"attachment-image-size-L size-image-size-L\" alt=\"affiche barseghian\" decoding=\"async\" loading=\"lazy\"  \/>         \u00a9 Nicolas Kaspar \/ Pokaa <\/p>\n<p class=\"p2\">Quant \u00e0 LFI, alors que Florian Kobryn se pr\u00e9parait \u00e0 sortir sa fameuse vid\u00e9o, Jeanne Barseghian a r\u00e9p\u00e9t\u00e9 qu\u2019elle ne regrettait pas une liste LFI autonome : \u00ab\u00a0<b>C\u2019est sain qu\u2019il puisse y avoir au premier tour une pr\u00e9sentation des projets politiques<\/b>.\u00a0Cela permettra de clarifier les positions et valeurs des uns et des autres. J\u2019ai besoin de les entendre sur les sujets locaux.\u00a0\u00bb <\/p>\n<p class=\"p2\">Sur le sujet, la maire-candidate ne s\u2019est n\u00e9anmoins pas priv\u00e9e de critiquer <a href=\"https:\/\/pokaa.fr\/2025\/12\/02\/municipales-2026-florian-kobryn-lfi-veut-rendre-le-marche-de-noel-payant-aux-touristes\/\" target=\"_blank\" rel=\"noopener\">leur proposition de rendre le march\u00e9 de No\u00ebl payant les week-ends<\/a> et leur opposition \u00e0 la ZFE [les communistes s\u2019\u00e9taient abstenus en 2021 \u00e0 l\u2019Eurom\u00e9tropole, ndlr]. <b>Avec une partie de la gauche pr\u00eate \u00e0 partir derri\u00e8re elle, Jeanne Barseghian se sent donc pousser des ailes<\/b>. Reste \u00e0 voir jusqu\u2019o\u00f9 elles pourront l\u2019emmener.<\/p>\n<p>                <a href=\"https:\/\/pokaa.fr\/2025\/12\/18\/lfi-vs-ecolos-a-strasbourg-une-plainte-pour-diffamation-ravive-les-tensions-a-gauche\/\" target=\"_blank\" rel=\"noopener\"><br \/>\n                    <img width=\"450\" height=\"270\" src=\"https:\/\/www.europesays.com\/fr\/wp-content\/uploads\/2025\/12\/a11-450x270.jpg\" class=\"attachment-card-horizontal--same-subject size-card-horizontal--same-subject wp-post-image\" alt=\"\" decoding=\"async\" loading=\"lazy\"\/>                <\/a><\/p>\n","protected":false},"excerpt":{"rendered":"Le 17 d\u00e9cembre, Jeanne Barseghian est officiellement entr\u00e9e en campagne pour faire de Strasbourg une ville \u00ab juste&hellip;\n","protected":false},"author":2,"featured_media":619547,"comment_status":"","ping_status":"","sticky":false,"template":"","format":"standard","meta":{"footnotes":""},"categories":[2820],"tags":[1111,11,1777,674,1011,27,775,7125,3434,12,316,25,640],"class_list":{"0":"post-619546","1":"post","2":"type-post","3":"status-publish","4":"format-standard","5":"has-post-thumbnail","7":"category-strasbourg","8":"tag-actu","9":"tag-actualites","10":"tag-eu","11":"tag-europe","12":"tag-fr","13":"tag-france","14":"tag-grand-est","15":"tag-jeanne-barseghian","16":"tag-municipales-2026","17":"tag-news","18":"tag-politique","19":"tag-republique-francaise","20":"tag-strasbourg"},"share_on_mastodon":{"url":"https:\/\/pubeurope.com\/@fr\/115773547333548760","error":""},"_links":{"self":[{"href":"https:\/\/www.europesays.com\/fr\/wp-json\/wp\/v2\/posts\/619546","targetHints":{"allow":["GET"]}}],"collection":[{"href":"https:\/\/www.europesays.com\/fr\/wp-json\/wp\/v2\/posts"}],"about":[{"href":"https:\/\/www.europesays.com\/fr\/wp-json\/wp\/v2\/types\/post"}],"author":[{"embeddable":true,"href":"https:\/\/www.europesays.com\/fr\/wp-json\/wp\/v2\/users\/2"}],"replies":[{"embeddable":true,"href":"https:\/\/www.europesays.com\/fr\/wp-json\/wp\/v2\/comments?post=619546"}],"version-history":[{"count":0,"href":"https:\/\/www.europesays.com\/fr\/wp-json\/wp\/v2\/posts\/619546\/revisions"}],"wp:featuredmedia":[{"embeddable":true,"href":"https:\/\/www.europesays.com\/fr\/wp-json\/wp\/v2\/media\/619547"}],"wp:attachment":[{"href":"https:\/\/www.europesays.com\/fr\/wp-json\/wp\/v2\/media?parent=619546"}],"wp:term":[{"taxonomy":"category","embeddable":true,"href":"https:\/\/www.europesays.com\/fr\/wp-json\/wp\/v2\/categories?post=619546"},{"taxonomy":"post_tag","embeddable":true,"href":"https:\/\/www.europesays.com\/fr\/wp-json\/wp\/v2\/tags?post=619546"}],"curies":[{"name":"wp","href":"https:\/\/api.w.org\/{rel}","templated":true}]}}