{"id":619550,"date":"2025-12-24T08:18:12","date_gmt":"2025-12-24T08:18:12","guid":{"rendered":"https:\/\/www.europesays.com\/fr\/619550\/"},"modified":"2025-12-24T08:18:12","modified_gmt":"2025-12-24T08:18:12","slug":"neuf-victimes-prises-en-charge-par-les-pompiers","status":"publish","type":"post","link":"https:\/\/www.europesays.com\/fr\/619550\/","title":{"rendered":"neuf victimes prises en charge par les pompiers"},"content":{"rendered":"<p>                    Par<br \/>\n        <strong><br \/>\n            <a href=\"https:\/\/actu.fr\/auteur\/ugo-maillard\" title=\"Consulter tous les articles de Ugo Maillard\" target=\"_blank\" rel=\"noopener\">Ugo Maillard<\/a><br \/>\n                    <\/strong><\/p>\n<p>        Publi\u00e9 le<\/p>\n<p>            24 d\u00e9c. 2025 \u00e0 9h06        <\/p>\n<p>Peu apr\u00e8s 23h30, le mardi 23\u00a0d\u00e9cembre 2025, les sapeurs-pompiers des <a href=\"https:\/\/actu.fr\/provence-alpes-cote-d-azur\/alpes-maritimes_06\" target=\"_blank\" rel=\"noopener\">Alpes-Maritimes<\/a> ont \u00e9t\u00e9 d\u00e9ploy\u00e9s en tr\u00e8s grand nombre sur l\u2019autoroute A8. Un <strong>accident de la circulation<\/strong> s\u2019est produit sur l\u2019axe autoroutier dans le sens Italie \u2013 Marseille, \u00e0 hauteur de la commune de <strong>Mougins<\/strong>.<\/p>\n<p>    <a href=\"https:\/\/www.google.com\/maps\/embed?pb=!1m18!1m12!1m3!1d113184.0793248787!2d6.937504260580007!3d43.594432176189805!2m3!1f0!2f0!3f0!3m2!1i1024!2i768!4f13.1!3m3!1m2!1s0x12cc298c1a3f87fd%3A0x696272c195ffade6!2s06250%20Mougins!5e0!3m2!1sfr!2sfr!4v1766563421027!5m2!1sfr!2sfr\" title=\"Ouvrie le lien\" target=\"_blank\" rel=\"noopener\">Cliquez ici pour visualiser le contenu<\/a><\/p>\n<p class=\" wall-content\">Plusieurs v\u00e9hicules ont \u00e9t\u00e9 impliqu\u00e9s dans l\u2019accident. Le bilan des pompiers communiqu\u00e9 \u00e0 <a href=\"https:\/\/actu.fr\/nice\/\" target=\"_blank\" rel=\"noopener\">actu Nice<\/a> fait \u00e9tat de <strong>neuf personnes bless\u00e9es<\/strong> et prises en charge par les secours.<\/p>\n<p>Des bless\u00e9s l\u00e9gers<\/p>\n<p class=\" wall-content\">Apr\u00e8s expertise d\u2019un m\u00e9decin, les neuf victimes sont l\u00e9g\u00e8rement bless\u00e9es. Elles ont \u00e9t\u00e9 transport\u00e9es vers les diff\u00e9rents centres hospitaliers de la r\u00e9gion.<\/p>\n<p class=\" wall-content\">Aux alentours de 2h30, les \u00e9quipes de secours ont indiqu\u00e9 que la chauss\u00e9e avait \u00e9t\u00e9 d\u00e9gag\u00e9e par les services autoroutiers.<\/p>\n<p class=\" wall-content\">Au total, cette intervention aura mobilis\u00e9 neuf engins de secours et <strong>35 sapeurs-pompiers<\/strong>.<\/p>\n<p class=\" wall-content\">Personnalisez votre actualit\u00e9 en ajoutant vos villes et m\u00e9dias en favori avec <a href=\"https:\/\/moncompte.actu.fr\" title=\"D\u00e9couvez Mon Actu\" rel=\"nofollow noopener\" data-trk=\"{&quot;cta&quot;:{&quot;action&quot;:&quot;https:\\\/\\\/moncompte.actu.fr&quot;,&quot;category&quot;:&quot;mon compte&quot;,&quot;from&quot;:&quot;article footer&quot;,&quot;name&quot;:&quot;Mon actu&quot;,&quot;type&quot;:&quot;cta&quot;}}\" target=\"_blank\">Mon Actu<\/a>.<\/p>\n","protected":false},"excerpt":{"rendered":"Par Ugo Maillard Publi\u00e9 le 24 d\u00e9c. 2025 \u00e0 9h06 Peu apr\u00e8s 23h30, le mardi 23\u00a0d\u00e9cembre 2025, les&hellip;\n","protected":false},"author":2,"featured_media":619551,"comment_status":"","ping_status":"","sticky":false,"template":"","format":"standard","meta":{"footnotes":""},"categories":[2819],"tags":[119,1111,11,1777,674,118,1011,27,12,2401,1311,882,25],"class_list":{"0":"post-619550","1":"post","2":"type-post","3":"status-publish","4":"format-standard","5":"has-post-thumbnail","7":"category-nice","8":"tag-accident","9":"tag-actu","10":"tag-actualites","11":"tag-eu","12":"tag-europe","13":"tag-faits-divers","14":"tag-fr","15":"tag-france","16":"tag-news","17":"tag-nice","18":"tag-pompiers","19":"tag-provence-alpes-cote-dazur","20":"tag-republique-francaise"},"share_on_mastodon":{"url":"https:\/\/pubeurope.com\/@fr\/115773564811720135","error":""},"_links":{"self":[{"href":"https:\/\/www.europesays.com\/fr\/wp-json\/wp\/v2\/posts\/619550","targetHints":{"allow":["GET"]}}],"collection":[{"href":"https:\/\/www.europesays.com\/fr\/wp-json\/wp\/v2\/posts"}],"about":[{"href":"https:\/\/www.europesays.com\/fr\/wp-json\/wp\/v2\/types\/post"}],"author":[{"embeddable":true,"href":"https:\/\/www.europesays.com\/fr\/wp-json\/wp\/v2\/users\/2"}],"replies":[{"embeddable":true,"href":"https:\/\/www.europesays.com\/fr\/wp-json\/wp\/v2\/comments?post=619550"}],"version-history":[{"count":0,"href":"https:\/\/www.europesays.com\/fr\/wp-json\/wp\/v2\/posts\/619550\/revisions"}],"wp:featuredmedia":[{"embeddable":true,"href":"https:\/\/www.europesays.com\/fr\/wp-json\/wp\/v2\/media\/619551"}],"wp:attachment":[{"href":"https:\/\/www.europesays.com\/fr\/wp-json\/wp\/v2\/media?parent=619550"}],"wp:term":[{"taxonomy":"category","embeddable":true,"href":"https:\/\/www.europesays.com\/fr\/wp-json\/wp\/v2\/categories?post=619550"},{"taxonomy":"post_tag","embeddable":true,"href":"https:\/\/www.europesays.com\/fr\/wp-json\/wp\/v2\/tags?post=619550"}],"curies":[{"name":"wp","href":"https:\/\/api.w.org\/{rel}","templated":true}]}}