{"id":619556,"date":"2025-12-24T08:21:19","date_gmt":"2025-12-24T08:21:19","guid":{"rendered":"https:\/\/www.europesays.com\/fr\/619556\/"},"modified":"2025-12-24T08:21:19","modified_gmt":"2025-12-24T08:21:19","slug":"a-bordeaux-la-solidarite-sorganise-depuis-la-fermeture-du-supermarche-auchan-au-grand-parc","status":"publish","type":"post","link":"https:\/\/www.europesays.com\/fr\/619556\/","title":{"rendered":"\u00c0 Bordeaux, la solidarit\u00e9 s\u2019organise depuis la fermeture du supermarch\u00e9 Auchan au Grand-Parc"},"content":{"rendered":"<p>Ce lundi 22\u00a0d\u00e9cembre, c\u2019est avec \u00ab\u00a0un g\u00e2teau slovaque, la recette d\u2019une amie\u00a0\u00bb qu\u2019Anne a d\u00e9cid\u00e9 de venir passer un moment avec d\u2019autres habitantes lors du caf\u00e9 des voisins. Un temps d\u2019\u00e9change hebdomadaire tr\u00e8s f\u00e9minin \u2013 \u00ab\u00a0avec quelques hommes parfois\u00a0\u00bb \u2013 o\u00f9 l\u2019on parle de ses tracas et, aussi, o\u00f9 l\u2019on vient chercher des solutions pour faciliter son quotidien. \u00c0 l\u2019ordre du jour, notamment\u00a0: le devenir du centre commercial du Grand-Parc et la fermeture du supermarch\u00e9 Auchan Europe en octobre.<\/p>\n<p>        <img decoding=\"async\" id=\"27194003\" src=\"https:\/\/www.europesays.com\/fr\/wp-content\/uploads\/2025\/12\/img-8249.jpeg\" alt=\"Les habitantes pr\u00e9sentes au Caf\u00e9 des voisins se plaignent toutes du \u00ab\u00a0manque de vie\u00a0\u00bb du centre commercial du Grand-Parc.\" itemprop=\"contentURL\"\/><\/p>\n<p>    Les habitantes pr\u00e9sentes au Caf\u00e9 des voisins se plaignent toutes du \u00ab\u00a0manque de vie\u00a0\u00bb du centre commercial du Grand-Parc.<\/p>\n<p>C.\u00a0L.<\/p>\n<p>    Un probl\u00e8me, trois solutions<\/p>\n<p><a href=\"https:\/\/www.sudouest.fr\/gironde\/bordeaux\/grande-distribution-auchan-va-vendre-19-de-ses-supermarches-a-lidl-dont-trois-en-gironde-25272979.php\" target=\"_blank\" rel=\"follow noopener\">Le projet de reprise par Lidl<\/a> a \u00e9t\u00e9 pr\u00e9sent\u00e9 aux instances repr\u00e9sentatives du personnel d\u2019Auchan le 16\u00a0juillet\u00a02025 et la cession de son activit\u00e9 a \u00e9t\u00e9 act\u00e9e en septembre. Depuis, les habitants s\u2019inqui\u00e8tent\u00a0: \u00ab\u00a0\u2018\u2018On va aller faire nos courses plus loin\u2019\u2019 et \u2018\u2018les travaux vont durer, \u00e7a va \u00eatre long\u2019\u2019 sont des remarques que nous avons beaucoup entendues\u00a0\u00bb, t\u00e9moigne Yasmina Dabo, charg\u00e9e d\u2019accueil et d\u2019accompagnement dans les d\u00e9marches administratives au comptoir de La\u00a0Fourmili\u00e8re. En effet, depuis <a href=\"https:\/\/www.sudouest.fr\/premium\/dans-vos-departements\/incendie-au-grand-parc-a-bordeaux-un-mois-apres-les-commercants-en-colere-2974754.php\" target=\"_blank\" rel=\"follow noopener\">l\u2019incendie de plusieurs magasins en 2018<\/a> et malgr\u00e9<a href=\"https:\/\/www.sudouest.fr\/politique\/urbanisme\/abandon-de-la-restauration-du-centre-commercial-bordeaux-grand-parc-on-va-rester-un-quartier-de-merde-22624574.php\" target=\"_blank\" rel=\"follow noopener\"> la morosit\u00e9 ambiante<\/a>, quelques commerces perdurent (notamment un primeur, une boucherie et une boulangerie), mais tous ne permettent pas de faire les \u00ab\u00a0grandes courses\u00a0\u00bb.<\/p>\n<blockquote><p>\u00ab\u00a0Le v\u00e9lo-chat n\u2019est pas tr\u00e8s maniable, il faut s\u2019y habituer mais apr\u00e8s quelques s\u00e9ances on le ma\u00eetrise\u00a0\u00bb<\/p><\/blockquote>\n<p>Un probl\u00e8me qui n\u2019est pas rest\u00e9 longtemps sans solution. \u00ab\u00a0Nous avons lanc\u00e9 d\u00e9but d\u00e9cembre un dispositif qui permet notamment d\u2019accompagner les seniors, les personnes isol\u00e9es ou \u00e0 mobilit\u00e9 r\u00e9duite d\u2019aller faire leurs achats dans quelques supermarch\u00e9s du secteur\u00a0\u00bb, explique Yasmina Dabo. Pour cela, La Fourmili\u00e8re a mis en place trois dispositifs dont les deux premiers sont sur rendez-vous quarante-huit heures \u00e0 l\u2019avance (1).<\/p>\n<p>        <img decoding=\"async\" id=\"27193403\" src=\"https:\/\/www.europesays.com\/fr\/wp-content\/uploads\/2025\/12\/img-8252.jpeg\" alt=\"Un magasin Lidl doit voir le jour \u00e0 la place du supermarch\u00e9 Auchan Europe.\" itemprop=\"contentURL\"\/><\/p>\n<p>    Un magasin Lidl doit voir le jour \u00e0 la place du supermarch\u00e9 Auchan Europe.<\/p>\n<p>C.\u00a0L.<\/p>\n<p>Ainsi, les mardis (de 9\u00a0heures \u00e0 midi), jeudis (de 14 \u00e0 17\u00a0heures) et samedis (de 9\u00a0h\u00a030 \u00e0 12\u00a0h\u00a030), tout habitant peut se rendre \u00e0 La\u00a0Fourmili\u00e8re et b\u00e9n\u00e9ficier ainsi d\u2019un accompagnement pour faire ses courses en ligne. Deuxi\u00e8me solution\u00a0: les seniors souhaitant aller faire leurs courses peuvent quant \u00e0 eux r\u00e9server leurs cr\u00e9neaux les lundis et mardis ou jeudis et vendredis de 10\u00a0heures \u00e0 midi ou de 14 \u00e0 17\u00a0heures. Enfin, pour \u00eatre livr\u00e9 chez soi (un service r\u00e9serv\u00e9 aux personnes ne pouvant pas se d\u00e9placer), l\u2019EBE se propose de r\u00e9cup\u00e9rer les courses des b\u00e9n\u00e9ficiaires les mardis et jeudis pour une livraison pr\u00e9vue entre 15\u00a0h\u00a030 et 17\u00a0heures.<\/p>\n<p>Dispositif gratuit<\/p>\n<p>Derri\u00e8re les deux derni\u00e8res solutions\u00a0: <a href=\"https:\/\/www.sudouest.fr\/gironde\/bordeaux\/bordeaux-au-grand-parc-le-velo-pousse-pousse-sort-les-seniors-de-l-isolement-25279545.php\" target=\"_blank\" rel=\"follow noopener\">un v\u00e9hicule roulant \u00e0 trois roues nomm\u00e9 v\u00e9lo-chat, <\/a>avec un fauteuil \u00e0 l\u2019avant pouvant accueillir deux personnes. \u00ab\u00a0Il n\u2019est pas tr\u00e8s maniable, il faut s\u2019y habituer mais apr\u00e8s quelques s\u00e9ances on le ma\u00eetrise\u00a0\u00bb, assure Meryem, membre de l\u2019\u00e9quipe de lutte contre l\u2019isolement avec Isabelle et Salaam. Toutes trois sont salari\u00e9es de La\u00a0Fourmili\u00e8re, avec des parcours professionnels diff\u00e9rents.<\/p>\n<p>La premi\u00e8re, qui a \u00ab\u00a0travaill\u00e9 dans le sanitaire et social\u00a0\u00bb, est salari\u00e9e en CDI de La\u00a0Fourmili\u00e8re depuis un an. Vingt heures par semaine qui lui permettent de b\u00e9n\u00e9ficier d\u2019un accompagnement dans son projet de r\u00e9orientation professionnelle d\u2019assistante dentaire tout en conciliant sa vie de m\u00e8re c\u00e9libataire. Isabelle aussi est \u00ab\u00a0maman solo de quatre enfants\u00a0\u00bb. Ce qu\u2019elle aime en travaillant ici\u00a0? \u00ab\u00a0La bonne ambiance et le fait de se sentir utile dans [ses] missions.\u00a0\u00bb Toutes trois ont un autre point commun\u00a0: d\u00e9marcher les habitants d\u00e9sirant profiter de ce dispositif de soutien. Si pour l\u2019instant l\u2019unique b\u00e9n\u00e9ficiaire se nomme Sarah et qu\u2019elle a\u00a073 ans, l\u2019id\u00e9e est d\u2019\u00e9largir ce service gratuit au plus grand nombre.<\/p>\n<p>(1) La prise de rendez-vous se fait au 05\u00a033\u00a089\u00a012\u00a013.<\/p>\n","protected":false},"excerpt":{"rendered":"Ce lundi 22\u00a0d\u00e9cembre, c\u2019est avec \u00ab\u00a0un g\u00e2teau slovaque, la recette d\u2019une amie\u00a0\u00bb qu\u2019Anne a d\u00e9cid\u00e9 de venir passer&hellip;\n","protected":false},"author":2,"featured_media":619557,"comment_status":"","ping_status":"","sticky":false,"template":"","format":"standard","meta":{"footnotes":""},"categories":[2817],"tags":[1111,11,1997,1777,674,1011,27,12,2219,25],"class_list":{"0":"post-619556","1":"post","2":"type-post","3":"status-publish","4":"format-standard","5":"has-post-thumbnail","7":"category-bordeaux","8":"tag-actu","9":"tag-actualites","10":"tag-bordeaux","11":"tag-eu","12":"tag-europe","13":"tag-fr","14":"tag-france","15":"tag-news","16":"tag-nouvelle-aquitaine","17":"tag-republique-francaise"},"share_on_mastodon":{"url":"https:\/\/pubeurope.com\/@fr\/115773577470178066","error":""},"_links":{"self":[{"href":"https:\/\/www.europesays.com\/fr\/wp-json\/wp\/v2\/posts\/619556","targetHints":{"allow":["GET"]}}],"collection":[{"href":"https:\/\/www.europesays.com\/fr\/wp-json\/wp\/v2\/posts"}],"about":[{"href":"https:\/\/www.europesays.com\/fr\/wp-json\/wp\/v2\/types\/post"}],"author":[{"embeddable":true,"href":"https:\/\/www.europesays.com\/fr\/wp-json\/wp\/v2\/users\/2"}],"replies":[{"embeddable":true,"href":"https:\/\/www.europesays.com\/fr\/wp-json\/wp\/v2\/comments?post=619556"}],"version-history":[{"count":0,"href":"https:\/\/www.europesays.com\/fr\/wp-json\/wp\/v2\/posts\/619556\/revisions"}],"wp:featuredmedia":[{"embeddable":true,"href":"https:\/\/www.europesays.com\/fr\/wp-json\/wp\/v2\/media\/619557"}],"wp:attachment":[{"href":"https:\/\/www.europesays.com\/fr\/wp-json\/wp\/v2\/media?parent=619556"}],"wp:term":[{"taxonomy":"category","embeddable":true,"href":"https:\/\/www.europesays.com\/fr\/wp-json\/wp\/v2\/categories?post=619556"},{"taxonomy":"post_tag","embeddable":true,"href":"https:\/\/www.europesays.com\/fr\/wp-json\/wp\/v2\/tags?post=619556"}],"curies":[{"name":"wp","href":"https:\/\/api.w.org\/{rel}","templated":true}]}}