{"id":619558,"date":"2025-12-24T08:22:21","date_gmt":"2025-12-24T08:22:21","guid":{"rendered":"https:\/\/www.europesays.com\/fr\/619558\/"},"modified":"2025-12-24T08:22:21","modified_gmt":"2025-12-24T08:22:21","slug":"michael-ciani-donne-le-discours-de-jean-louis-triaud-a-son-depart-de-bordeaux-pour-la-lazio","status":"publish","type":"post","link":"https:\/\/www.europesays.com\/fr\/619558\/","title":{"rendered":"Micha\u00ebl Ciani donne le discours de Jean-Louis Triaud \u00e0 son d\u00e9part de Bordeaux pour la Lazio"},"content":{"rendered":"<p><img width=\"570\" height=\"380\" data-lazy-type=\"image\" src=\"https:\/\/www.europesays.com\/fr\/wp-content\/uploads\/2025\/12\/Triaud-6.png\" class=\"lazy lazy-hidden attachment-alchemists_thumbnail-lg size-alchemists_thumbnail-lg wp-post-image\" alt=\"\" decoding=\"async\" fetchpriority=\"high\"  \/><\/p>\n<p>Dans \u00ab\u00a0Ballon, Main, Corps\u00a0\u00bb, l\u2019ancien d\u00e9fenseur<br \/>\ncentral des Girondins de Bordeaux, <strong>Micha\u00ebl Ciani<\/strong>,<br \/>\ns\u2019est souvenu de son d\u00e9part de Gironde pour la Lazio de Rome, et le<br \/>\ndiscours tenu par <strong>Jean-Louis Triaud<\/strong> \u00e0<br \/>\nl\u2019\u00e9poque.<\/p>\n<blockquote>\n<p>\u00ab J\u2019ai la proposition pour l\u2019Italie, on est vendredi, et le<br \/>\ndimanche c\u2019est le 31 ao\u00fbt, donc le mercato ferme. Il me restait un<br \/>\nan de contrat avec Bordeaux, et dans la semaine j\u2019ai le Pr\u00e9sident<br \/>\nJean-Louis Triaud qui m\u2019appelle, et qui me dit \u2018Micha, on t\u2019adore,<br \/>\ntu apportes beaucoup au club, mais par contre\u2026 \u00c7a ne nous d\u00e9range<br \/>\npas que tu restes, mais on ne pourra pas t\u2019augmenter. On pourra te<br \/>\nprolonger mais si on te prolonge, on n\u2019est pas s\u00fbrs qu\u2019on pourra te<br \/>\nmettre au m\u00eame salaire que tu as. Donc si tu as quelque chose pour<br \/>\npartir\u2026 On ne te met pas \u00e0 la porte, si tu as quelque chose sache<br \/>\nqu\u2019on ne te mettra pas de b\u00e2tons dans les roues\u2019. J\u2019en parle \u00e0 mon<br \/>\nagent, qui me dit qu\u2019il y a la Lazio. La Lazio, c\u2019est aussi tous<br \/>\nles probl\u00e8mes de racisme, et quand tu es black l\u00e0-bas c\u2019est dur de<br \/>\ns\u2019int\u00e9grer. La premi\u00e8re chose que je fais, c\u2019est appeler Ousmane<br \/>\nDabo. Il est \u00e9logieux de ouf, en disant qu\u2019il n\u2019a jamais eu de<br \/>\nprobl\u00e8me, que \u00e7a s\u2019est super bien pass\u00e9, que je vais beaucoup<br \/>\napprendre\u2026 Je me renseigne un peu, en deux jours, et je d\u00e9cide d\u2019y<br \/>\naller. Le samedi je vais dans le bureau de Francis Gillot qui \u00e9tait<br \/>\nmon entraineur \u00e0 Bordeaux, et qui me dit \u2018je sais que tu dois<br \/>\npartir, dis-moi que tu joues contre Paris avant de partir\u2019. C\u2019est<br \/>\nce fameux match avec Zlatan, mon dernier match avec Bordeaux. Il me<br \/>\ndit qu\u2019il a besoin d\u2019une grosse \u00e9quipe, qu\u2019il me veut titulaire,<br \/>\nmais que si j\u2019ai la t\u00eate ailleurs, il faut que je lui dise. Je lui<br \/>\ndis que non, tant que j\u2019ai le maillot des Girondins, je serai \u00e0<br \/>\n150%. Je joue ce match du coup, on fait 0-0, et d\u00e9fensivement<br \/>\nc\u2019\u00e9tait un gros match. Le lendemain, je signe en Italie, et je me<br \/>\nrends compte dans quel club je suis arriv\u00e9 \u00bb.<\/p>\n<\/blockquote>\n<p style=\"text-align: right;\"><a href=\"http:\/\/girondins4ever.com\" target=\"_blank\" rel=\"noopener\">Retranscription Girondins4Ever<\/a><\/p><\/p>\n","protected":false},"excerpt":{"rendered":"Dans \u00ab\u00a0Ballon, Main, Corps\u00a0\u00bb, l\u2019ancien d\u00e9fenseur central des Girondins de Bordeaux, Micha\u00ebl Ciani, s\u2019est souvenu de son d\u00e9part&hellip;\n","protected":false},"author":2,"featured_media":619559,"comment_status":"","ping_status":"","sticky":false,"template":"","format":"standard","meta":{"footnotes":""},"categories":[2817],"tags":[1111,11,1997,1777,674,1011,27,12,2219,25],"class_list":{"0":"post-619558","1":"post","2":"type-post","3":"status-publish","4":"format-standard","5":"has-post-thumbnail","7":"category-bordeaux","8":"tag-actu","9":"tag-actualites","10":"tag-bordeaux","11":"tag-eu","12":"tag-europe","13":"tag-fr","14":"tag-france","15":"tag-news","16":"tag-nouvelle-aquitaine","17":"tag-republique-francaise"},"share_on_mastodon":{"url":"https:\/\/pubeurope.com\/@fr\/115773580627329031","error":""},"_links":{"self":[{"href":"https:\/\/www.europesays.com\/fr\/wp-json\/wp\/v2\/posts\/619558","targetHints":{"allow":["GET"]}}],"collection":[{"href":"https:\/\/www.europesays.com\/fr\/wp-json\/wp\/v2\/posts"}],"about":[{"href":"https:\/\/www.europesays.com\/fr\/wp-json\/wp\/v2\/types\/post"}],"author":[{"embeddable":true,"href":"https:\/\/www.europesays.com\/fr\/wp-json\/wp\/v2\/users\/2"}],"replies":[{"embeddable":true,"href":"https:\/\/www.europesays.com\/fr\/wp-json\/wp\/v2\/comments?post=619558"}],"version-history":[{"count":0,"href":"https:\/\/www.europesays.com\/fr\/wp-json\/wp\/v2\/posts\/619558\/revisions"}],"wp:featuredmedia":[{"embeddable":true,"href":"https:\/\/www.europesays.com\/fr\/wp-json\/wp\/v2\/media\/619559"}],"wp:attachment":[{"href":"https:\/\/www.europesays.com\/fr\/wp-json\/wp\/v2\/media?parent=619558"}],"wp:term":[{"taxonomy":"category","embeddable":true,"href":"https:\/\/www.europesays.com\/fr\/wp-json\/wp\/v2\/categories?post=619558"},{"taxonomy":"post_tag","embeddable":true,"href":"https:\/\/www.europesays.com\/fr\/wp-json\/wp\/v2\/tags?post=619558"}],"curies":[{"name":"wp","href":"https:\/\/api.w.org\/{rel}","templated":true}]}}