{"id":619560,"date":"2025-12-24T08:24:13","date_gmt":"2025-12-24T08:24:13","guid":{"rendered":"https:\/\/www.europesays.com\/fr\/619560\/"},"modified":"2025-12-24T08:24:13","modified_gmt":"2025-12-24T08:24:13","slug":"un-homme-transporte-en-urgence-absolue-vers-le-chu-de-toulouse-apres-une-chute-de-grande-hauteur","status":"publish","type":"post","link":"https:\/\/www.europesays.com\/fr\/619560\/","title":{"rendered":"Un homme transport\u00e9 en urgence absolue vers le CHU de Toulouse, apr\u00e8s une chute de grande hauteur"},"content":{"rendered":"<p>                    Par<br \/>\n        <strong><br \/>\n            <a href=\"https:\/\/actu.fr\/auteur\/lucie-2\" title=\"Consulter tous les articles de Lucie Fraisse\" target=\"_blank\" rel=\"noopener\">Lucie Fraisse<\/a><br \/>\n                    <\/strong><\/p>\n<p>        Publi\u00e9 le<\/p>\n<p>            24 d\u00e9c. 2025 \u00e0 7h23        <\/p>\n<p>Les sapeurs-pompiers de <strong>la Haute-Garonne<\/strong> sont intervenus dans le quartier des Sept deniers, <a href=\"https:\/\/actu.fr\/toulouse\/\" target=\"_blank\" rel=\"noopener\">\u00e0 Toulouse<\/a>, au milieu de la nuit, apr\u00e8s qu\u2019un homme a chut\u00e9\u00a0d\u2019une grande hauteur sur la voie publique.<\/p>\n<p>Transport\u00e9 vers le CHU de Toulouse<\/p>\n<p class=\" wall-content\">Selon les pompiers, les raisons de la chute sont inconnues. L\u2019homme de 53\u00a0ans a \u00e9t\u00e9 transport\u00e9 en urgence absolue par une \u00e9quipe du Samu vers le CHU de Toulouse.<\/p>\n<p class=\" wall-content\">La police nationale \u00e9tait pr\u00e9sente sur place.<\/p>\n<p class=\" wall-content\">Personnalisez votre actualit\u00e9 en ajoutant vos villes et m\u00e9dias en favori avec <a href=\"https:\/\/moncompte.actu.fr\" title=\"D\u00e9couvez Mon Actu\" rel=\"nofollow noopener\" data-trk=\"{&quot;cta&quot;:{&quot;action&quot;:&quot;https:\\\/\\\/moncompte.actu.fr&quot;,&quot;category&quot;:&quot;mon compte&quot;,&quot;from&quot;:&quot;article footer&quot;,&quot;name&quot;:&quot;Mon actu&quot;,&quot;type&quot;:&quot;cta&quot;}}\" target=\"_blank\">Mon Actu<\/a>.<\/p>\n","protected":false},"excerpt":{"rendered":"Par Lucie Fraisse Publi\u00e9 le 24 d\u00e9c. 2025 \u00e0 7h23 Les sapeurs-pompiers de la Haute-Garonne sont intervenus dans&hellip;\n","protected":false},"author":2,"featured_media":480950,"comment_status":"","ping_status":"","sticky":false,"template":"","format":"standard","meta":{"footnotes":""},"categories":[2816],"tags":[1111,11,2630,1777,674,118,1011,27,12,2680,25,2312],"class_list":{"0":"post-619560","1":"post","2":"type-post","3":"status-publish","4":"format-standard","5":"has-post-thumbnail","7":"category-toulouse","8":"tag-actu","9":"tag-actualites","10":"tag-chu-de-toulouse","11":"tag-eu","12":"tag-europe","13":"tag-faits-divers","14":"tag-fr","15":"tag-france","16":"tag-news","17":"tag-occitanie","18":"tag-republique-francaise","19":"tag-toulouse"},"share_on_mastodon":{"url":"https:\/\/pubeurope.com\/@fr\/115773588481843379","error":""},"_links":{"self":[{"href":"https:\/\/www.europesays.com\/fr\/wp-json\/wp\/v2\/posts\/619560","targetHints":{"allow":["GET"]}}],"collection":[{"href":"https:\/\/www.europesays.com\/fr\/wp-json\/wp\/v2\/posts"}],"about":[{"href":"https:\/\/www.europesays.com\/fr\/wp-json\/wp\/v2\/types\/post"}],"author":[{"embeddable":true,"href":"https:\/\/www.europesays.com\/fr\/wp-json\/wp\/v2\/users\/2"}],"replies":[{"embeddable":true,"href":"https:\/\/www.europesays.com\/fr\/wp-json\/wp\/v2\/comments?post=619560"}],"version-history":[{"count":0,"href":"https:\/\/www.europesays.com\/fr\/wp-json\/wp\/v2\/posts\/619560\/revisions"}],"wp:featuredmedia":[{"embeddable":true,"href":"https:\/\/www.europesays.com\/fr\/wp-json\/wp\/v2\/media\/480950"}],"wp:attachment":[{"href":"https:\/\/www.europesays.com\/fr\/wp-json\/wp\/v2\/media?parent=619560"}],"wp:term":[{"taxonomy":"category","embeddable":true,"href":"https:\/\/www.europesays.com\/fr\/wp-json\/wp\/v2\/categories?post=619560"},{"taxonomy":"post_tag","embeddable":true,"href":"https:\/\/www.europesays.com\/fr\/wp-json\/wp\/v2\/tags?post=619560"}],"curies":[{"name":"wp","href":"https:\/\/api.w.org\/{rel}","templated":true}]}}