{"id":619565,"date":"2025-12-24T08:27:15","date_gmt":"2025-12-24T08:27:15","guid":{"rendered":"https:\/\/www.europesays.com\/fr\/619565\/"},"modified":"2025-12-24T08:27:15","modified_gmt":"2025-12-24T08:27:15","slug":"meteo-a-lille-les-previsions-du-mercredi-24-decembre-2025","status":"publish","type":"post","link":"https:\/\/www.europesays.com\/fr\/619565\/","title":{"rendered":"M\u00e9t\u00e9o \u00e0 Lille : les pr\u00e9visions du mercredi 24 d\u00e9cembre 2025"},"content":{"rendered":"<p>\u00c0 Lille, mercredi 24 d\u00e9cembre 2025, le ciel reste d\u00e9gag\u00e9 toute la journ\u00e9e avec des temp\u00e9ratures froides, autour de 2 \u00e0 4 \u00b0C, accentu\u00e9es par un vent soutenu de nord-est. Aucun risque de pluie, mais la sensation de froid sera marqu\u00e9e.<\/p>\n<p>    Alerte en cours<\/p>\n<p>Le d\u00e9partement du Nord, incluant Lille, est plac\u00e9 aujourd\u2019hui en vigilance <b>Jaune<\/b> \u00ab Grand froid \u00bb. Les temp\u00e9ratures n\u00e9gatives et le vent sensible peuvent occasionner une hypothermie rapide.<\/p>\n<p>Quelques gestes simples prot\u00e8gent :<\/p>\n<ul>\n<li>S\u2019habiller en couches isolantes, t\u00eate et mains couvertes.<\/li>\n<li>Limiter les activit\u00e9s ext\u00e9rieures prolong\u00e9es.<\/li>\n<li>Surveiller voisins isol\u00e9s et sans-abri.<\/li>\n<\/ul>\n<p>Le niveau <b>Jaune<\/b> indique que la situation reste g\u00e9rable, mais n\u00e9cessite une attention particuli\u00e8re de la part des collectivit\u00e9s et du public.<\/p>\n<p>Les \u00e9coles et structures d\u2019accueil surveillent la temp\u00e9rature des locaux ; les maraudes sont renforc\u00e9es pour soutenir les sans-abri.<\/p>\n<p>Une exposition prolong\u00e9e de dix minutes sans gants peut d\u00e9j\u00e0 provoquer un engourdissement des doigts.<\/p>\n<p>Pour suivre l\u2019\u00e9volution de la vigilance, rendez-vous sur notre <a href=\"https:\/\/www.meteocity.com\/france\/alertes\" target=\"_blank\" rel=\"noopener\">page d\u00e9di\u00e9e aux alertes m\u00e9t\u00e9orologiques<\/a>.<\/p>\n<p>Matin : ciel limpide au lever du soleil<\/p>\n<p>Le soleil s\u2019est lev\u00e9 \u00e0 08 h 48 sous un ciel parfaitement d\u00e9gag\u00e9.<\/p>\n<p>\u00c0 09 h, la temp\u00e9rature affiche <b>2 \u00b0C<\/b>, mais, sous l\u2019effet d\u2019un vent de nord-est soufflant \u00e0 22 km\/h et de rafales atteignant 42 km\/h, le ressenti tombe \u00e0 <b>-4 \u00b0C<\/b>.<\/p>\n<p>L\u2019humidit\u00e9 est \u00e0 84 %, la pression \u00e9lev\u00e9e \u00e0 1 029 hPa : l\u2019air reste sec et aucune pluie n\u2019est attendue.<\/p>\n<p>Un bonnet et des gants sont recommand\u00e9s pour les achats de derni\u00e8re minute avant le r\u00e9veillon.<\/p>\n<p>La haute pression, sup\u00e9rieure \u00e0 1 030 hPa, maintient l\u2019humidit\u00e9 au sol et assure une atmosph\u00e8re limpide, tout en accentuant la perte de chaleur.<\/p>\n<p>La sensation piquante sur la peau est renforc\u00e9e par un taux d\u2019humidit\u00e9 relativement \u00e9lev\u00e9 pour la saison, laissant peu de marge au corps pour \u00e9vacuer la transpiration.<\/p>\n<p>Apr\u00e8s-midi : fra\u00eecheur persistante<\/p>\n<p>\u00c0 15 h, le ciel reste parfaitement d\u00e9gag\u00e9 et le thermom\u00e8tre indique toujours <b>2 \u00b0C<\/b>, avec un ressenti glacial de <b>-4 \u00b0C<\/b>.<\/p>\n<p>Le vent de nord-est se renforce \u00e0 28 km\/h, avec des rafales pouvant atteindre 49 km\/h, accentuant la sensation de froid mordant.<\/p>\n<p>La temp\u00e9rature maximale du jour devrait plafonner \u00e0 <b>4 \u00b0C<\/b>, bien en-dessous des normales saisonni\u00e8res.<\/p>\n<p>Routes et trottoirs peuvent rester humides ; attention aux plaques de givre dans les zones ombrag\u00e9es.<\/p>\n<p>Malgr\u00e9 le soleil, l\u2019indice de froid augmente si l\u2019on reste immobile ; bouger r\u00e9guli\u00e8rement aide \u00e0 maintenir la temp\u00e9rature corporelle.<\/p>\n<p>Soir : ambiance glaciale avant la veill\u00e9e<\/p>\n<p>Le soleil se couchera \u00e0 16 h 46, laissant place \u00e0 une nuit claire.<\/p>\n<p>\u00c0 21 h, le thermom\u00e8tre descend \u00e0 <b>-1 \u00b0C<\/b> pour un ressenti polaire de <b>-8 \u00b0C<\/b>.<\/p>\n<p>Le vent de nord-est reste stable \u00e0 28 km\/h, avec des rafales proches de 50 km\/h : il faudra bien se couvrir lors des d\u00e9placements vers la messe de minuit.<\/p>\n<p>En l\u2019absence totale de nuages, la chaleur s\u2019\u00e9chappe rapidement apr\u00e8s 22 h, entra\u00eenant une baisse marqu\u00e9e des temp\u00e9ratures.<\/p>\n<p>Ce froid sec est li\u00e9 \u00e0 un flux continental persistant ; selon les analyses Copernicus, ces situations anticycloniques hivernales deviennent plus fr\u00e9quentes.<\/p>\n<p>Les march\u00e9s de No\u00ebl resteront agr\u00e9ables visuellement gr\u00e2ce au ciel clair ; cependant, les boissons chaudes seront indispensables pour profiter pleinement de la promenade.<\/p>\n<tr>IndiceValeur<\/tr>\n<tr>\n<td>Temp\u00e9rature maxi<\/td>\n<td><b>4 \u00b0C<\/b><\/td>\n<\/tr>\n<tr>\n<td>Temp\u00e9rature mini<\/td>\n<td><b>-1 \u00b0C<\/b><\/td>\n<\/tr>\n<tr>\n<td>Ressenti mini<\/td>\n<td><b>-8 \u00b0C<\/b><\/td>\n<\/tr>\n<tr>\n<td>Rafale maxi<\/td>\n<td><b>51 km\/h<\/b><\/td>\n<\/tr>\n<p>Tendance pour le 25 d\u00e9cembre<\/p>\n<p>La journ\u00e9e de No\u00ebl s\u2019annonce lumineuse mais glaciale.<\/p>\n<p>Pr\u00e9vision : minima de <b>-4 \u00b0C<\/b>, maxima limit\u00e9s \u00e0 <b>0 \u00b0C<\/b> sous un ciel d\u00e9gag\u00e9, sans aucune pr\u00e9cipitation attendue.<\/p>\n<p>Le vent d\u2019est-nord-est soufflera autour de 30 km\/h, avec des rafales jusqu\u2019\u00e0 54 km\/h, renfor\u00e7ant un ressenti pouvant atteindre <b>-10 \u00b0C<\/b> au petit matin.<\/p>\n<p>Pensez \u00e0 v\u00e9rifier batteries de voiture et canalisations ext\u00e9rieures pour \u00e9viter le gel.<\/p>\n<p>Aucune chute de neige n\u2019est pr\u00e9vue, le flux restant trop sec ; seules quelques gel\u00e9es blanches viendront orner les jardins au lever du jour.<\/p>\n<p>La persistance du froid pourrait entra\u00eener une hausse de la demande en chauffage, un point surveill\u00e9 par les gestionnaires de r\u00e9seau.<\/p>\n<p>Pour le d\u00e9tail heure par heure, consultez <a href=\"https:\/\/www.meteocity.com\/france\/lille-v2998324\/meteo-demain\" target=\"_blank\" rel=\"noopener\">nos pr\u00e9visions de demain<\/a>.<\/p>\n","protected":false},"excerpt":{"rendered":"\u00c0 Lille, mercredi 24 d\u00e9cembre 2025, le ciel reste d\u00e9gag\u00e9 toute la journ\u00e9e avec des temp\u00e9ratures froides, autour&hellip;\n","protected":false},"author":2,"featured_media":619566,"comment_status":"","ping_status":"","sticky":false,"template":"","format":"standard","meta":{"footnotes":""},"categories":[2815],"tags":[1111,11,1777,674,1011,27,811,1307,12,25],"class_list":{"0":"post-619565","1":"post","2":"type-post","3":"status-publish","4":"format-standard","5":"has-post-thumbnail","7":"category-lille","8":"tag-actu","9":"tag-actualites","10":"tag-eu","11":"tag-europe","12":"tag-fr","13":"tag-france","14":"tag-hauts-de-france","15":"tag-lille","16":"tag-news","17":"tag-republique-francaise"},"share_on_mastodon":{"url":"https:\/\/pubeurope.com\/@fr\/115773600244302579","error":""},"_links":{"self":[{"href":"https:\/\/www.europesays.com\/fr\/wp-json\/wp\/v2\/posts\/619565","targetHints":{"allow":["GET"]}}],"collection":[{"href":"https:\/\/www.europesays.com\/fr\/wp-json\/wp\/v2\/posts"}],"about":[{"href":"https:\/\/www.europesays.com\/fr\/wp-json\/wp\/v2\/types\/post"}],"author":[{"embeddable":true,"href":"https:\/\/www.europesays.com\/fr\/wp-json\/wp\/v2\/users\/2"}],"replies":[{"embeddable":true,"href":"https:\/\/www.europesays.com\/fr\/wp-json\/wp\/v2\/comments?post=619565"}],"version-history":[{"count":0,"href":"https:\/\/www.europesays.com\/fr\/wp-json\/wp\/v2\/posts\/619565\/revisions"}],"wp:featuredmedia":[{"embeddable":true,"href":"https:\/\/www.europesays.com\/fr\/wp-json\/wp\/v2\/media\/619566"}],"wp:attachment":[{"href":"https:\/\/www.europesays.com\/fr\/wp-json\/wp\/v2\/media?parent=619565"}],"wp:term":[{"taxonomy":"category","embeddable":true,"href":"https:\/\/www.europesays.com\/fr\/wp-json\/wp\/v2\/categories?post=619565"},{"taxonomy":"post_tag","embeddable":true,"href":"https:\/\/www.europesays.com\/fr\/wp-json\/wp\/v2\/tags?post=619565"}],"curies":[{"name":"wp","href":"https:\/\/api.w.org\/{rel}","templated":true}]}}