{"id":619567,"date":"2025-12-24T08:28:11","date_gmt":"2025-12-24T08:28:11","guid":{"rendered":"https:\/\/www.europesays.com\/fr\/619567\/"},"modified":"2025-12-24T08:28:11","modified_gmt":"2025-12-24T08:28:11","slug":"pour-les-marins-pompiers-de-marseille-une-fin-dannee-chargee-apres-un-exercice-record","status":"publish","type":"post","link":"https:\/\/www.europesays.com\/fr\/619567\/","title":{"rendered":"Pour les marins-pompiers de Marseille, une fin d&rsquo;ann\u00e9e charg\u00e9e apr\u00e8s \u00ab\u00a0un exercice record\u00a0\u00bb"},"content":{"rendered":"<p>Pour le <a href=\"https:\/\/www.laprovence.com\/article\/faits-divers-justice\/1477039022653115\/a-marseille-17-marins-pompiers-et-le-drapeau-du-bataillon-honores\" target=\"_blank\" rel=\"noopener\">Bataillon de marins-pompiers de Marseille<\/a> (BMPM), les f\u00eates de fin d\u2019ann\u00e9e ont d\u00e9but\u00e9 le 7\u00a0d\u00e9cembre. \u00ab\u00a0Depuis le premier dimanche du mois, nous avons renforc\u00e9 notre r\u00e9ponse op\u00e9rationnelle en journ\u00e9e, dans le centre-ville mais aussi autour des <a href=\"https:\/\/www.laprovence.com\/article\/economie\/3504255418716114\/moins-de-place-pour-lhypermarche-retour-de-quick-a-la-valentine-le-grand-chamboule-tout\" target=\"_blank\" rel=\"noopener\">centres commerciaux de la Valentine<\/a> et de <a href=\"https:\/\/www.laprovence.com\/article\/societe\/2036956535726715\/craignant-pour-leur-securite-les-agents-de-grand-littoral-a-marseille-prevoient-une-greve-vendredi\" target=\"_blank\" rel=\"noopener\">Grand Littoral<\/a>, d\u00e9crit le capitaine de fr\u00e9gate Bruno, chef des op\u00e9rations du Bataillon. 70 marins-pompiers \u00e9taient \u00e9galement mobilis\u00e9s pour encadrer le <a href=\"https:\/\/www.laprovence.com\/article\/region\/86084466988249\/feu-dartifice-drones-et-concert-le-noel-marseillais-a-ambiance-le-vieux-port\" target=\"_blank\" rel=\"noopener\">feu d\u2019artifice et ses 80\u00a0000 spectateurs<\/a>, samedi dernier, pour porter secours \u00e0 une vingtaine de victimes l\u00e9g\u00e8res. La nuit de No\u00ebl ne pr\u00e9sente pas de pr\u00e9occupation particuli\u00e8re, contrairement \u00e0 celle du 31 d\u00e9cembre qui va entra\u00eener une demande de secours soutenue.\u00a0\u00bb<\/p>\n<p>Activit\u00e9 soutenue \u00ab\u00a0entre 22\u00a0h et 3 h\u00a0\u00bb pour la nuit du 31\u00a0d\u00e9cembre<\/p>\n<p>Si la ville ne conna\u00eet \u00ab\u00a0pas de ph\u00e9nom\u00e8ne de feux de voiture ou de quartier qui s\u2019embrase\u00a0\u00bb pour la Saint-Sylvestre, les urgences sanitaires vont grimper \u00ab\u00a0\u00e0 partir de 22\u00a0h et jusqu\u2019\u00e0 3\u00a0h du matin\u00a0\u00bb.<\/p>\n<p>\u00ab\u00a0M\u00eame si on met en garde contre le sentiment d\u2019invuln\u00e9rabilit\u00e9 et les <a href=\"https:\/\/www.laprovence.com\/article\/societe\/96172622722951\/ici-tout-le-monde-roule-bourre-la-conduite-en-etat-divresse-banalisee-par-les-marseillais\" target=\"_blank\" rel=\"noopener\">dangers de l\u2019alcool<\/a> au volant notamment, nous allons faire face \u00e0 des comportements imprudents, \u00e0 des personnes qui peuvent faire quelques exc\u00e8s\u2026 Cela peut condu&#8230;<\/p>\n","protected":false},"excerpt":{"rendered":"Pour le Bataillon de marins-pompiers de Marseille (BMPM), les f\u00eates de fin d\u2019ann\u00e9e ont d\u00e9but\u00e9 le 7\u00a0d\u00e9cembre. \u00ab\u00a0Depuis&hellip;\n","protected":false},"author":2,"featured_media":619568,"comment_status":"","ping_status":"","sticky":false,"template":"","format":"standard","meta":{"footnotes":""},"categories":[2814],"tags":[17,1111,11,72015,1777,674,5729,1011,27,151,18640,884,12,471,882,16,25,96],"class_list":{"0":"post-619567","1":"post","2":"type-post","3":"status-publish","4":"format-standard","5":"has-post-thumbnail","7":"category-marseille","8":"tag-17","9":"tag-actu","10":"tag-actualites","11":"tag-dannee","12":"tag-eu","13":"tag-europe","14":"tag-fin","15":"tag-fr","16":"tag-france","17":"tag-les","18":"tag-marins-pompiers","19":"tag-marseille","20":"tag-news","21":"tag-pour","22":"tag-provence-alpes-cote-dazur","23":"tag-region","24":"tag-republique-francaise","25":"tag-une"},"share_on_mastodon":{"url":"https:\/\/pubeurope.com\/@fr\/115773604166380087","error":""},"_links":{"self":[{"href":"https:\/\/www.europesays.com\/fr\/wp-json\/wp\/v2\/posts\/619567","targetHints":{"allow":["GET"]}}],"collection":[{"href":"https:\/\/www.europesays.com\/fr\/wp-json\/wp\/v2\/posts"}],"about":[{"href":"https:\/\/www.europesays.com\/fr\/wp-json\/wp\/v2\/types\/post"}],"author":[{"embeddable":true,"href":"https:\/\/www.europesays.com\/fr\/wp-json\/wp\/v2\/users\/2"}],"replies":[{"embeddable":true,"href":"https:\/\/www.europesays.com\/fr\/wp-json\/wp\/v2\/comments?post=619567"}],"version-history":[{"count":0,"href":"https:\/\/www.europesays.com\/fr\/wp-json\/wp\/v2\/posts\/619567\/revisions"}],"wp:featuredmedia":[{"embeddable":true,"href":"https:\/\/www.europesays.com\/fr\/wp-json\/wp\/v2\/media\/619568"}],"wp:attachment":[{"href":"https:\/\/www.europesays.com\/fr\/wp-json\/wp\/v2\/media?parent=619567"}],"wp:term":[{"taxonomy":"category","embeddable":true,"href":"https:\/\/www.europesays.com\/fr\/wp-json\/wp\/v2\/categories?post=619567"},{"taxonomy":"post_tag","embeddable":true,"href":"https:\/\/www.europesays.com\/fr\/wp-json\/wp\/v2\/tags?post=619567"}],"curies":[{"name":"wp","href":"https:\/\/api.w.org\/{rel}","templated":true}]}}