{"id":619575,"date":"2025-12-24T08:37:30","date_gmt":"2025-12-24T08:37:30","guid":{"rendered":"https:\/\/www.europesays.com\/fr\/619575\/"},"modified":"2025-12-24T08:37:30","modified_gmt":"2025-12-24T08:37:30","slug":"ile-de-france-seulement-deux-kilometres-de-bouchons-releves-ce-mercredi-a-8h30-mais-ca-ne-devrait-pas-durer","status":"publish","type":"post","link":"https:\/\/www.europesays.com\/fr\/619575\/","title":{"rendered":"\u00cele-de-France\u00a0: seulement deux kilom\u00e8tres de bouchons relev\u00e9s ce mercredi \u00e0 8h30\u2026 mais \u00e7a ne devrait pas durer"},"content":{"rendered":"<p class=\"paragraph text_align_left lp-f-body-02\">Et si on vous apportait un petit peu de bonnes nouvelles\u00a0? D\u2019ordinaire, \u00e0 cette heure-ci, vous apprenez que <a href=\"https:\/\/www.leparisien.fr\/info-paris-ile-de-france-oise\/\" target=\"_self\" rel=\"noopener\">l\u2019\u00cele-de-France<\/a> est congestionn\u00e9e, <a href=\"https:\/\/www.leparisien.fr\/info-paris-ile-de-france-oise\/transports\/ile-de-france-lundi-matin-tres-complique-sur-les-routes-450-km-de-bouchons-recenses-17-11-2025-JEGNALNYVRHELOYP7ERD4GAPCY.php\" target=\"_self\" rel=\"noopener\">soumise \u00e0 des bouchons aux quatre coins de la r\u00e9gion<\/a>, avec parfois des cumuls qui d\u00e9passent les 200, 300, <a href=\"https:\/\/www.leparisien.fr\/info-paris-ile-de-france-oise\/transports\/ile-de-france-avec-455-km-de-bouchons-la-galere-continue-pour-les-automobilistes-ce-mardi-04-11-2025-4E5ZNXJA6VHHTMNWPQRJYXOJAI.php\" target=\"_self\" rel=\"noopener\">voire 400\u00a0km, quand ce n\u2019est pas plus<\/a>.<\/p>\n<p class=\"\">Sauf que ce mercredi 24\u00a0d\u00e9cembre au matin, seuls deux petits kilom\u00e8tres de bouchons sont relev\u00e9s en \u00cele-de-France par le site Sytadin, de la Direction des routes d\u2019\u00cele-de-France (Dirif). Depuis le d\u00e9but de la journ\u00e9e, la courbe du cumul des ralentissements reste au plus bas, bien loin des zones orange, voire rouge, avec lesquelles elle flirte hors vacances scolaires.<\/p>\n<p><img decoding=\"async\" class=\"image \" loading=\"lazy\" src=\"https:\/\/www.europesays.com\/fr\/wp-content\/uploads\/2025\/12\/C5MK3D3KVFAL5FWNTP2S4VX7HY.jpg\" alt=\"Le cumul des bouchons est tr\u00e8s loin de la moyenne. Et pour une fois, reste dans le vert. Sytadin\" align=\"\" data-rubrique-principale=\"\" data-article-type=\"\" fetchpriority=\"auto\"\/>Le cumul des bouchons est tr\u00e8s loin de la moyenne. Et pour une fois, reste dans le vert. Sytadin<\/p>\n<p class=\"\">\u00c0 8h30, le cumul des bouchons atteignait\u2026 deux kilom\u00e8tres, apr\u00e8s avoir dangereusement d\u00e9pass\u00e9 les trois kilom\u00e8tres quelques minutes plus t\u00f4t. Mais depuis le d\u00e9but de matin\u00e9e, la barre des cinq kilom\u00e8tres est rest\u00e9e tr\u00e8s loin. La moyenne \u00e0 cette heure-ci, \u00e0 savoir 260\u00a0km, encore plus.<\/p>\n<p>Bison fut\u00e9 voit rouge<\/p>\n<p class=\"\">Reste \u00e0 savoir si cette situation idyllique va se poursuivre dans la journ\u00e9e. Car <a href=\"https:\/\/www.leparisien.fr\/info-paris-ile-de-france-oise\/transports\/bison-fute-de-noel-24-ou-25-decembre-quel-jour-partir-pour-eviter-les-bouchons-pendant-les-fetes-de-fin-dannee-23-12-2025-3RDMMP6GTZBY5FDURRCIXA6JHI.php\" target=\"_self\" rel=\"noopener\">Bison fut\u00e9 a class\u00e9 la r\u00e9gion en rouge ce 24\u00a0d\u00e9cembre<\/a>, veille de No\u00ebl. Le trafic devrait se densifier, avant d\u2019\u00eatre \u00ab\u00a0satur\u00e9\u00a0\u00bb dans le sens des d\u00e9parts une heure plus tard, pendant la mi-journ\u00e9e.<\/p>\n<p class=\"\">Dans la r\u00e9gion, \u00ab\u00a0les d\u00e9placements seront nombreux d\u00e8s le milieu de la matin\u00e9e. La combinaison des nombreux d\u00e9placements li\u00e9s aux derniers pr\u00e9paratifs du r\u00e9veillon de No\u00ebl, aux trajets pendulaires et aux trajets vers les lieux des festivit\u00e9s, pourrait rendre la circulation tr\u00e8s intense sur l\u2019ensemble de l\u2019\u00cele-de-France jusqu\u2019en d\u00e9but de soir\u00e9e\u00a0\u00bb, pr\u00e9vient Bison fut\u00e9.<\/p>\n","protected":false},"excerpt":{"rendered":"Et si on vous apportait un petit peu de bonnes nouvelles\u00a0? D\u2019ordinaire, \u00e0 cette heure-ci, vous apprenez que&hellip;\n","protected":false},"author":2,"featured_media":619576,"comment_status":"","ping_status":"","sticky":false,"template":"","format":"standard","meta":{"footnotes":""},"categories":[1592],"tags":[1111,11,1777,674,1011,27,662,1944,12,626,25,2382],"class_list":{"0":"post-619575","1":"post","2":"type-post","3":"status-publish","4":"format-standard","5":"has-post-thumbnail","7":"category-ile-de-france","8":"tag-actu","9":"tag-actualites","10":"tag-eu","11":"tag-europe","12":"tag-fr","13":"tag-france","14":"tag-ile-de-france","15":"tag-ma-ville","16":"tag-news","17":"tag-paris","18":"tag-republique-francaise","19":"tag-transport-idf-oise"},"share_on_mastodon":{"url":"https:\/\/pubeurope.com\/@fr\/115773640492757602","error":""},"_links":{"self":[{"href":"https:\/\/www.europesays.com\/fr\/wp-json\/wp\/v2\/posts\/619575","targetHints":{"allow":["GET"]}}],"collection":[{"href":"https:\/\/www.europesays.com\/fr\/wp-json\/wp\/v2\/posts"}],"about":[{"href":"https:\/\/www.europesays.com\/fr\/wp-json\/wp\/v2\/types\/post"}],"author":[{"embeddable":true,"href":"https:\/\/www.europesays.com\/fr\/wp-json\/wp\/v2\/users\/2"}],"replies":[{"embeddable":true,"href":"https:\/\/www.europesays.com\/fr\/wp-json\/wp\/v2\/comments?post=619575"}],"version-history":[{"count":0,"href":"https:\/\/www.europesays.com\/fr\/wp-json\/wp\/v2\/posts\/619575\/revisions"}],"wp:featuredmedia":[{"embeddable":true,"href":"https:\/\/www.europesays.com\/fr\/wp-json\/wp\/v2\/media\/619576"}],"wp:attachment":[{"href":"https:\/\/www.europesays.com\/fr\/wp-json\/wp\/v2\/media?parent=619575"}],"wp:term":[{"taxonomy":"category","embeddable":true,"href":"https:\/\/www.europesays.com\/fr\/wp-json\/wp\/v2\/categories?post=619575"},{"taxonomy":"post_tag","embeddable":true,"href":"https:\/\/www.europesays.com\/fr\/wp-json\/wp\/v2\/tags?post=619575"}],"curies":[{"name":"wp","href":"https:\/\/api.w.org\/{rel}","templated":true}]}}