{"id":619577,"date":"2025-12-24T08:39:16","date_gmt":"2025-12-24T08:39:16","guid":{"rendered":"https:\/\/www.europesays.com\/fr\/619577\/"},"modified":"2025-12-24T08:39:16","modified_gmt":"2025-12-24T08:39:16","slug":"mort-demile-lavocat-de-la-grand-mere-maternelle-du-petit-garcon-annonce-vouloir-remettre-des-elements-a-la-justice","status":"publish","type":"post","link":"https:\/\/www.europesays.com\/fr\/619577\/","title":{"rendered":"Mort d\u2019\u00c9mile\u00a0: l\u2019avocat de la grand-m\u00e8re maternelle du petit gar\u00e7on annonce vouloir remettre des \u00ab\u00a0\u00e9l\u00e9ments\u00a0\u00bb \u00e0 la justice"},"content":{"rendered":"<p class=\"paragraph text_align_left lp-f-body-02\">\u00ab Elle veut savoir. \u00bb Me Julien Pinelli, avocat d\u2019Anne Vedovini, \u00e9voque ce mercredi \u00ab le compl\u00e9ment d\u2019enqu\u00eate \u00bb men\u00e9 par la grand-m\u00e8re maternelle d\u2019<a href=\"https:\/\/www.leparisien.fr\/faits-divers\/mort-demile-deux-ans-apres-sa-disparition-ou-en-est-lenquete-08-07-2025-OTJSAKNGN5AUBOJ6IQS55XTH7I.php\" target=\"_blank\" rel=\"noreferrer noopener\">\u00c9mile<\/a> et son mari, et annonce qu\u2019ils rendront en janvier \u00ab deux s\u00e9ries d\u2019\u00e9l\u00e9ments au magistrat instructeur \u00bb.<\/p>\n<p class=\"\">\u00ab D\u2019une part, des notes, qui sont la somme de nos r\u00e9flexions et de nos travaux sur place, de fa\u00e7on \u00e0 l\u2019\u00e9clairer peut-\u00eatre dans son travail, au m\u00eame titre que les enqu\u00eateurs \u00bb, d\u00e9taille l\u2019avocat sur <a href=\"https:\/\/www.rtl.fr\/actu\/justice-faits-divers\/elle-veut-savoir-l-avocat-de-la-grand-mere-d-emile-dit-qu-elle-attend-d-etre-entendue-par-le-juge-pour-lui-faire-part-des-elements-a-sa-disposition-7900582255\" target=\"_blank\" rel=\"noreferrer noopener\">RTL<\/a>. Avant de poursuivre : \u00ab Et des demandes d\u2019actes compl\u00e9mentaires, des demandes d\u2019instruction (\u2026) Il y aura des compl\u00e9ments par rapport \u00e0 ce qui a d\u00e9j\u00e0 \u00e9t\u00e9 fait et des demandes d\u2019actes qui eux n\u2019ont jamais \u00e9t\u00e9 r\u00e9alis\u00e9s \u00e0 ce jour, en l\u2019\u00e9tat du dossier dont nous disposons \u00bb.<\/p>\n<p>\u00ab Ils connaissent tr\u00e8s bien les lieux \u00bb<\/p>\n<p class=\"\">Me Julien Pinelli estime que le \u00ab compl\u00e9ment d\u2019enqu\u00eate \u00bb men\u00e9 par ses <a href=\"https:\/\/www.leparisien.fr\/faits-divers\/mort-demile-les-grands-parents-un-oncle-et-une-tante-du-petit-garcon-auditionnes-par-les-juges-dinstruction-10-12-2025-7WRWMTXO4BF67ML6MNEYL2AADU.php\" target=\"_blank\" rel=\"noreferrer noopener\">clients<\/a> n\u2019a pas pour but de \u00ab critiquer ou de remettre en question le travail que les enqu\u00eateurs ont accompli jusqu\u2019\u00e0 ce jour \u00bb. \u00ab Il s\u2019agit de le compl\u00e9ter par des \u00e9l\u00e9ments dont peuvent disposer mes clients qui connaissent tr\u00e8s bien les lieux, pour y avoir v\u00e9cu pendant de tr\u00e8s nombreuses ann\u00e9es \u00bb, indique-t-il.<\/p>\n<p class=\"\">Pour mener cette enqu\u00eate, ses clients se sont rendus sur place et, \u00e0 partir du dossier, ils ont notamment confront\u00e9 les t\u00e9moignages. L\u2019avocat dit que sa cliente \u00ab attend de pouvoir rencontrer \u00e0 nouveau le magistrat enqu\u00eateur pour lui faire part des \u00e9l\u00e9ments qui sont \u00e0 sa disposition \u00bb.<\/p>\n<p class=\"title-embed-dailymotion lp-color-text lp-f-subtitle-04\">Vid\u00e9oMort du petit \u00c9mile : des charges \u00ab insuffisantes pour une mise en examen \u00bb du grand-p\u00e8re et des gard\u00e9s \u00e0 vue<\/p>\n<p class=\"lp-card-podcast-highlighting__title  lp-f-subtitle-05\">[2\/2] Vengeance et colis pi\u00e9g\u00e9\u00a0: le myst\u00e9rieux attentat de La\u00a0Baule<\/p>\n<p><a class=\"lp-card-podcast-highlighting__call-to-action\" data-page-type=\"HP\" data-block-name=\"podcast-highlight\">\u00c9couter<\/a><\/p>\n<p class=\"\">Il raconte que sa cliente vit cette situation \u00ab avec une charge \u00e9motionnelle \u00bb, mais qu\u2019elle parvient \u00e0 passer au-dessus \u00ab pour se plonger sur les \u00e9l\u00e9ments des investigations \u00bb auxquels elle a acc\u00e8s par son interm\u00e9diaire. \u00ab Ce qui guide chacune de ses pens\u00e9es, ce qui appelle chacun de ses souffles, c\u2019est la recherche de la v\u00e9rit\u00e9. Elle veut savoir. \u00bb<\/p>\n<p class=\"\">Sur la r\u00e9cente perquisition dans la r\u00e9sidence secondaire des grands-parents du <a href=\"https:\/\/www.leparisien.fr\/faits-divers\/mort-du-petit-emile-que-sait-on-des-capacites-dun-garconnet-a-parcourir-pres-de-2-km-26-03-2025-ZY5SOBWZC5CUDAZSB747SJSMKE.php\" rel=\"noopener\" target=\"_blank\">petit \u00c9mile<\/a> et les deux v\u00e9los saisis, sans pouvoir \u00ab rentrer dans le d\u00e9tail \u00bb, Me Julien Pinelli rappelle que ces objets \u00e9taient \u00ab \u00e0 la disposition des enqu\u00eateurs \u00bb et assure qu\u2019il faut \u00ab proc\u00e9der \u00e0 toutes les v\u00e9rifications possibles \u00bb.<\/p>\n<p class=\"\">C\u2019est au Haut-Vernet que le gar\u00e7onnet de deux ans et demi a disparu le 8 juillet 2023, au lendemain de son arriv\u00e9e chez ses grands-parents pour des vacances. Le cr\u00e2ne et les dents de l\u2019enfant ont \u00e9t\u00e9 d\u00e9couverts neuf mois plus tard, <a href=\"https:\/\/www.leparisien.fr\/faits-divers\/je-savais-que-cetait-lui-la-randonneuse-qui-a-retrouve-le-crane-du-petit-emile-se-confie-17-08-2024-7NU6VPFQOVBDJKRQUIATDMZDGA.php\" rel=\"noopener\" target=\"_blank\">fin mars 2024 par une promeneuse<\/a> \u00e0 environ 1,7 km du hameau.<\/p>\n","protected":false},"excerpt":{"rendered":"\u00ab Elle veut savoir. \u00bb Me Julien Pinelli, avocat d\u2019Anne Vedovini, \u00e9voque ce mercredi \u00ab le compl\u00e9ment d\u2019enqu\u00eate&hellip;\n","protected":false},"author":2,"featured_media":619578,"comment_status":"","ping_status":"","sticky":false,"template":"","format":"standard","meta":{"footnotes":""},"categories":[1888],"tags":[1111,1928,11,1927,459,1777,674,118,1011,27,12,1926,626,1925,25],"class_list":{"0":"post-619577","1":"post","2":"type-post","3":"status-publish","4":"format-standard","5":"has-post-thumbnail","7":"category-paris","8":"tag-actu","9":"tag-actu-paris","10":"tag-actualites","11":"tag-actualites-paris","12":"tag-departements-horsidfo","13":"tag-eu","14":"tag-europe","15":"tag-faits-divers","16":"tag-fr","17":"tag-france","18":"tag-news","19":"tag-news-paris","20":"tag-paris","21":"tag-paris-news","22":"tag-republique-francaise"},"share_on_mastodon":{"url":"https:\/\/pubeurope.com\/@fr\/115773647344778176","error":""},"_links":{"self":[{"href":"https:\/\/www.europesays.com\/fr\/wp-json\/wp\/v2\/posts\/619577","targetHints":{"allow":["GET"]}}],"collection":[{"href":"https:\/\/www.europesays.com\/fr\/wp-json\/wp\/v2\/posts"}],"about":[{"href":"https:\/\/www.europesays.com\/fr\/wp-json\/wp\/v2\/types\/post"}],"author":[{"embeddable":true,"href":"https:\/\/www.europesays.com\/fr\/wp-json\/wp\/v2\/users\/2"}],"replies":[{"embeddable":true,"href":"https:\/\/www.europesays.com\/fr\/wp-json\/wp\/v2\/comments?post=619577"}],"version-history":[{"count":0,"href":"https:\/\/www.europesays.com\/fr\/wp-json\/wp\/v2\/posts\/619577\/revisions"}],"wp:featuredmedia":[{"embeddable":true,"href":"https:\/\/www.europesays.com\/fr\/wp-json\/wp\/v2\/media\/619578"}],"wp:attachment":[{"href":"https:\/\/www.europesays.com\/fr\/wp-json\/wp\/v2\/media?parent=619577"}],"wp:term":[{"taxonomy":"category","embeddable":true,"href":"https:\/\/www.europesays.com\/fr\/wp-json\/wp\/v2\/categories?post=619577"},{"taxonomy":"post_tag","embeddable":true,"href":"https:\/\/www.europesays.com\/fr\/wp-json\/wp\/v2\/tags?post=619577"}],"curies":[{"name":"wp","href":"https:\/\/api.w.org\/{rel}","templated":true}]}}