{"id":619587,"date":"2025-12-24T08:44:21","date_gmt":"2025-12-24T08:44:21","guid":{"rendered":"https:\/\/www.europesays.com\/fr\/619587\/"},"modified":"2025-12-24T08:44:21","modified_gmt":"2025-12-24T08:44:21","slug":"le-plan-americain-pour-la-paix-nexige-pas-que-le-pays-renonce-formellement-a-adherer-a-lotan","status":"publish","type":"post","link":"https:\/\/www.europesays.com\/fr\/619587\/","title":{"rendered":"le plan am\u00e9ricain pour la paix n\u2019exige pas que le pays renonce formellement \u00e0 adh\u00e9rer \u00e0 l\u2019Otan"},"content":{"rendered":"<p>Le pr\u00e9sident ukrainien Volodymyr Zelensky a assur\u00e9, mercredi 24\u00a0d\u00e9cembre 2025, que la nouvelle version du plan am\u00e9ricain pour mettre fin <a target=\"_self\" href=\"https:\/\/www.lanouvellerepublique.fr\/france-monde\/ukraine\" rel=\"noopener\">\u00e0 la guerre avec la Russie<\/a> n\u2019exigeait pas que l\u2019Ukraine renonce formellement \u00e0 int\u00e9grer l\u2019Otan, ce qui \u00e9tait une demande majeure de Moscou.<\/p>\n<p>\u00ab\u00a0C\u2019est \u00e0 l\u2019Otan de d\u00e9cider si elle souhaite ou non accueillir l\u2019Ukraine parmi ses membres. Et notre choix est fait. Nous avons renonc\u00e9 \u00e0 modifier la Constitution ukrainienne pour y inscrire que le pays ne rejoindra pas l\u2019Otan\u00a0\u00bb, a d\u00e9clar\u00e9 Volodymyr Zelensky, faisant r\u00e9f\u00e9rence \u00e0 une pr\u00e9c\u00e9dente version r\u00e9dig\u00e9e par les \u00c9tats-Unis, qui exigeait de Kiev un engagement juridique \u00e0 ne pas rejoindre l\u2019Alliance.<\/p>\n<p>Volodymyr Zelensky a par ailleurs annonc\u00e9 qu\u2019il organisera une \u00e9lection pr\u00e9sidentielle apr\u00e8s la signature d\u2019un accord mettant fin \u00e0 la guerre. Il a d\u00e9clar\u00e9 aux journalistes, dont ceux de l\u2019AFP, que cette nouvelle mouture du document, qui a \u00e9t\u00e9 envoy\u00e9 \u00e0 Moscou pour commentaires, stipule que \u00ab\u00a0l\u2019Ukraine doit organiser des \u00e9lections d\u00e8s que possible apr\u00e8s la signature de l\u2019accord\u00a0\u00bb.<\/p>\n<p>Sur ce plan am\u00e9ricain, L\u2019Ukraine s\u2019attend \u00e0 une r\u00e9ponse ce mercredi de la Russie.<\/p>\n<p>Plus d\u2019informations \u00e0 venir\u2026<\/p>\n","protected":false},"excerpt":{"rendered":"Le pr\u00e9sident ukrainien Volodymyr Zelensky a assur\u00e9, mercredi 24\u00a0d\u00e9cembre 2025, que la nouvelle version du plan am\u00e9ricain pour&hellip;\n","protected":false},"author":2,"featured_media":619588,"comment_status":"","ping_status":"","sticky":false,"template":"","format":"standard","meta":{"footnotes":""},"categories":[1590],"tags":[328,11,1777,674,329,74,12,220],"class_list":{"0":"post-619587","1":"post","2":"type-post","3":"status-publish","4":"format-standard","5":"has-post-thumbnail","7":"category-ukraine","8":"tag-a-la-une","9":"tag-actualites","10":"tag-eu","11":"tag-europe","12":"tag-france-monde","13":"tag-monde","14":"tag-news","15":"tag-ukraine"},"share_on_mastodon":{"url":"https:\/\/pubeurope.com\/@fr\/115773667114741794","error":""},"_links":{"self":[{"href":"https:\/\/www.europesays.com\/fr\/wp-json\/wp\/v2\/posts\/619587","targetHints":{"allow":["GET"]}}],"collection":[{"href":"https:\/\/www.europesays.com\/fr\/wp-json\/wp\/v2\/posts"}],"about":[{"href":"https:\/\/www.europesays.com\/fr\/wp-json\/wp\/v2\/types\/post"}],"author":[{"embeddable":true,"href":"https:\/\/www.europesays.com\/fr\/wp-json\/wp\/v2\/users\/2"}],"replies":[{"embeddable":true,"href":"https:\/\/www.europesays.com\/fr\/wp-json\/wp\/v2\/comments?post=619587"}],"version-history":[{"count":0,"href":"https:\/\/www.europesays.com\/fr\/wp-json\/wp\/v2\/posts\/619587\/revisions"}],"wp:featuredmedia":[{"embeddable":true,"href":"https:\/\/www.europesays.com\/fr\/wp-json\/wp\/v2\/media\/619588"}],"wp:attachment":[{"href":"https:\/\/www.europesays.com\/fr\/wp-json\/wp\/v2\/media?parent=619587"}],"wp:term":[{"taxonomy":"category","embeddable":true,"href":"https:\/\/www.europesays.com\/fr\/wp-json\/wp\/v2\/categories?post=619587"},{"taxonomy":"post_tag","embeddable":true,"href":"https:\/\/www.europesays.com\/fr\/wp-json\/wp\/v2\/tags?post=619587"}],"curies":[{"name":"wp","href":"https:\/\/api.w.org\/{rel}","templated":true}]}}