{"id":619593,"date":"2025-12-24T08:47:13","date_gmt":"2025-12-24T08:47:13","guid":{"rendered":"https:\/\/www.europesays.com\/fr\/619593\/"},"modified":"2025-12-24T08:47:13","modified_gmt":"2025-12-24T08:47:13","slug":"la-suisse-extrade-un-espion-russe-presume-vers-lallemagne","status":"publish","type":"post","link":"https:\/\/www.europesays.com\/fr\/619593\/","title":{"rendered":"La Suisse extrade un espion russe pr\u00e9sum\u00e9 vers l\u2019Allemagne"},"content":{"rendered":"<p>Plus de sept mois apr\u00e8s son arrestation dans le canton de Thurgovie, un agent russe pr\u00e9sum\u00e9 a \u00e9t\u00e9 extrad\u00e9 mardi vers l\u2019Allemagne. Il a \u00e9t\u00e9 pr\u00e9sent\u00e9 \u00e0 Karlsruhe devant le juge d\u2019instruction de la Cour f\u00e9d\u00e9rale allemande de justice.<\/p>\n<p>L\u2019homme a \u00e9t\u00e9 plac\u00e9 en d\u00e9tention provisoire pour activit\u00e9 pr\u00e9sum\u00e9e d\u2019agent au profit de la Russie, a indiqu\u00e9 le Minist\u00e8re public allemand.<\/p>\n<p>Selon ce dernier, l\u2019accus\u00e9 et deux complices auraient propos\u00e9 \u00e0 plusieurs personnes suppos\u00e9ment mandat\u00e9es par la Russie de commettre des attentats incendiaires et \u00e0 l\u2019explosif contre le transport de marchandises en Allemagne.<\/p>\n<p>Dispositifs explosifs ou incendiaires<\/p>\n<p>Ces personnes devaient, \u00ab\u00a0en se r\u00e9partissant les t\u00e2ches, envoyer depuis l\u2019Allemagne \u00e0 des destinataires en Ukraine des colis contenant des dispositifs explosifs ou incendiaires qui s\u2019enflammeraient pendant le transport\u00a0\u00bb.<\/p>\n<p>L\u2019un d\u2019eux aurait d\u00e9pos\u00e9 fin mars \u00e0 Cologne deux colis tests contenant notamment des traceurs GPS. D\u2019apr\u00e8s l\u2019enqu\u00eate, l\u2019ordre aurait \u00e9t\u00e9 donn\u00e9 par l\u2019homme d\u00e9sormais pr\u00e9sent\u00e9 \u00e0 Karlsruhe. Celui-ci avait \u00e9t\u00e9 arr\u00eat\u00e9 \u00e0 la mi-mai dans le canton de Thurgovie \u00e0 la demande du parquet f\u00e9d\u00e9ral allemand.<\/p>\n<p class=\"sources\">ats\/gma<\/p>\n","protected":false},"excerpt":{"rendered":"Plus de sept mois apr\u00e8s son arrestation dans le canton de Thurgovie, un agent russe pr\u00e9sum\u00e9 a \u00e9t\u00e9&hellip;\n","protected":false},"author":2,"featured_media":619594,"comment_status":"","ping_status":"","sticky":false,"template":"","format":"standard","meta":{"footnotes":""},"categories":[1587],"tags":[11,672,2441,1804,3063,12784,2951,1805,554,1803,8616,4777,1777,674,27324,1801,418,72961,12,316,1802,132,3067],"class_list":{"0":"post-619593","1":"post","2":"type-post","3":"status-publish","4":"format-standard","5":"has-post-thumbnail","7":"category-allemagne","8":"tag-actualites","9":"tag-allemagne","10":"tag-arrestation","11":"tag-bundesrepublik-deutschland","12":"tag-canton-de-thurgovie","13":"tag-colis","14":"tag-criminalite","15":"tag-de","16":"tag-defense","17":"tag-deutschland","18":"tag-droit-et-justice","19":"tag-espionnage","20":"tag-eu","21":"tag-europe","22":"tag-explosif","23":"tag-germany","24":"tag-gouvernement","25":"tag-karlsruhe","26":"tag-news","27":"tag-politique","28":"tag-republique-federale-dallemagne","29":"tag-russie","30":"tag-suisse"},"share_on_mastodon":{"url":"https:\/\/pubeurope.com\/@fr\/115773678826903619","error":""},"_links":{"self":[{"href":"https:\/\/www.europesays.com\/fr\/wp-json\/wp\/v2\/posts\/619593","targetHints":{"allow":["GET"]}}],"collection":[{"href":"https:\/\/www.europesays.com\/fr\/wp-json\/wp\/v2\/posts"}],"about":[{"href":"https:\/\/www.europesays.com\/fr\/wp-json\/wp\/v2\/types\/post"}],"author":[{"embeddable":true,"href":"https:\/\/www.europesays.com\/fr\/wp-json\/wp\/v2\/users\/2"}],"replies":[{"embeddable":true,"href":"https:\/\/www.europesays.com\/fr\/wp-json\/wp\/v2\/comments?post=619593"}],"version-history":[{"count":0,"href":"https:\/\/www.europesays.com\/fr\/wp-json\/wp\/v2\/posts\/619593\/revisions"}],"wp:featuredmedia":[{"embeddable":true,"href":"https:\/\/www.europesays.com\/fr\/wp-json\/wp\/v2\/media\/619594"}],"wp:attachment":[{"href":"https:\/\/www.europesays.com\/fr\/wp-json\/wp\/v2\/media?parent=619593"}],"wp:term":[{"taxonomy":"category","embeddable":true,"href":"https:\/\/www.europesays.com\/fr\/wp-json\/wp\/v2\/categories?post=619593"},{"taxonomy":"post_tag","embeddable":true,"href":"https:\/\/www.europesays.com\/fr\/wp-json\/wp\/v2\/tags?post=619593"}],"curies":[{"name":"wp","href":"https:\/\/api.w.org\/{rel}","templated":true}]}}