{"id":619603,"date":"2025-12-24T08:53:24","date_gmt":"2025-12-24T08:53:24","guid":{"rendered":"https:\/\/www.europesays.com\/fr\/619603\/"},"modified":"2025-12-24T08:53:24","modified_gmt":"2025-12-24T08:53:24","slug":"difficile-de-produire-en-france-le-patron-de-rungis-alerte-sur-le-deficit-de-notre-balance-commerciale-agricole","status":"publish","type":"post","link":"https:\/\/www.europesays.com\/fr\/619603\/","title":{"rendered":"\u00ab\u00a0Difficile de produire en France\u00a0\u00bb : le patron de Rungis alerte sur le d\u00e9ficit de notre balance commerciale agricole"},"content":{"rendered":"<ul class=\"jsx-862013697 ArticleChapo__List\">\n<li class=\"jsx-862013697 ArticleChapo__List_Item flex\">Christophe Beaugrand a re\u00e7u le pr\u00e9sident du March\u00e9 International de Rungis ce mercredi matin sur TF1.<\/li>\n<li class=\"jsx-862013697 ArticleChapo__List_Item flex\">St\u00e9phane Layani a \u00e9voqu\u00e9 le rush de No\u00ebl et incit\u00e9 les consommateurs \u00e0 privil\u00e9gier le \u00ab\u00a0made in France\u00a0\u00bb.<\/li>\n<li class=\"jsx-862013697 ArticleChapo__List_Item flex\">Il regrette qu&rsquo;il soit aujourd&rsquo;hui devenu difficile de produire dans notre pays, avec de lourdes normes qui rendent moins attractifs les m\u00e9tiers agricoles.<\/li>\n<\/ul>\n<p data-module=\"article-paragraph\" class=\"jsx-157965717 Paragraph\">En ce 24 d\u00e9cembre, St\u00e9phane Layani \u00e9tait l&rsquo;invit\u00e9 de \u00ab\u00a0Bonjour ! La Matinale TF1\u00a0\u00bb. Le patron de Rungis, qui n&rsquo;est autre que le plus grand march\u00e9 de produits frais au monde, a profit\u00e9 de cette p\u00e9riode de f\u00eates pour rappeler l&rsquo;importance de la souverainet\u00e9 alimentaire.\u00a0<\/p>\n<p data-module=\"article-paragraph\" class=\"jsx-157965717 Paragraph\">\u00ab\u00a0La souverainet\u00e9, c&rsquo;est tr\u00e8s important pour le consommateur\u00a0\u00bb, a-t-il assur\u00e9, que ce soit pour \u00ab\u00a0avoir les produits dont il a besoin au moment o\u00f9 il en a besoin\u00a0\u00bb ou pour b\u00e9n\u00e9ficier de \u00ab\u00a0la qualit\u00e9 France\u00a0\u00bb. Une vraie garantie, avec des denr\u00e9es \u00ab\u00a0contr\u00f4l\u00e9es\u00a0\u00bb, qui s&rsquo;accompagnent de \u00ab\u00a0normes \u00e9cologiques\u00a0\u00bb.\u00a0<\/p>\n<p data-module=\"article-paragraph\" class=\"jsx-157965717 Paragraph Paragraph__End\">Dans un contexte de crise agricole et de craintes autour de l&rsquo;accord de libre-\u00e9change entre le Mercosur et l&rsquo;Union europ\u00e9enne, St\u00e9phane Layani a soulign\u00e9 que pour \u00ab\u00a0la premi\u00e8re fois depuis quasiment 50 ans\u00a0\u00bb, la \u00ab\u00a0balance commerciale agricole est d\u00e9ficitaire\u00a0\u00bb dans notre pays. \u00ab\u00a0C&rsquo;est-\u00e0-dire qu&rsquo;on importe plus de produits qu&rsquo;on en vend et qu&rsquo;on en renvoie \u00e0 l&rsquo;\u00e9tranger.\u00a0\u00bb<\/p>\n<p><a href=\"https:\/\/www.tf1info.fr\/international\/mercosur-l-accord-commercial-repousse-en-janvier-2026-emmanuel-macron-prudent-2413738.html\" rel=\"noopener\" class=\"jsx-3308031228 Link flex\" target=\"_blank\"><img decoding=\"async\" src=\"https:\/\/www.europesays.com\/fr\/wp-content\/uploads\/2025\/12\/emmanuel-macron-conseil-europeen-19-decembre-2025-d2ab9b-0@1x.jpeg\" alt=\"Emmanuel Macron lors d'une conf\u00e9rence de presse \u00e0 Bruxelles apr\u00e8s un Conseil europ\u00e9en le 19 d\u00e9cembre 2025.\" loading=\"lazy\" importance=\"low\" fetchpriority=\"low\" class=\"\" aria-hidden=\"true\"\/><\/p>\n<p class=\"jsx-3657663356 ReadMoreArticle__Title\">Lire aussi<\/p>\n<p class=\"jsx-3657663356\">L&rsquo;accord UE-Mercosur repouss\u00e9 en janvier 2026, Emmanuel Macron prudent <\/p>\n<p><\/a><\/p>\n<p data-module=\"article-paragraph\" class=\"jsx-157965717 Paragraph Paragraph__End\">M\u00eame si la France reste \u00ab\u00a0le pays agricole par excellence, en tout cas \u00e0 la base\u00a0\u00bb, il est aujourd&rsquo;hui \u00ab\u00a0plus difficile de produire\u00a0\u00bb dans l&rsquo;Hexagone, estime le patron de Rungis. \u00ab\u00a0Les agriculteurs ont des tas de contraintes, des charges. On a des r\u00e8gles plus complexes que certains voisins. Et le m\u00e9tier devient de moins en moins attractif pour les jeunes.\u00a0\u00bb Dans ce contexte, il esp\u00e8re une prise de conscience de la part des pouvoirs publics, afin de valoriser ces professions et de \u00ab\u00a0donner envie aux jeunes Fran\u00e7ais de devenir agriculteurs\u00a0\u00bb.\u00a0<\/p>\n<p>TD<\/p>\n","protected":false},"excerpt":{"rendered":"Christophe Beaugrand a re\u00e7u le pr\u00e9sident du March\u00e9 International de Rungis ce mercredi matin sur TF1. St\u00e9phane Layani&hellip;\n","protected":false},"author":2,"featured_media":619604,"comment_status":"","ping_status":"","sticky":false,"template":"","format":"standard","meta":{"footnotes":""},"categories":[4],"tags":[1111,11,327,1921,6778,70814,1011,27,1922,72026,12,25,133,5010],"class_list":{"0":"post-619603","1":"post","2":"type-post","3":"status-publish","4":"format-standard","5":"has-post-thumbnail","7":"category-france","8":"tag-actu","9":"tag-actualites","10":"tag-agriculture","11":"tag-article-video","12":"tag-bonjour-la-matinale-tf1","13":"tag-dermatose-nodulaire","14":"tag-fr","15":"tag-france","16":"tag-info","17":"tag-mercosur-les-agriculteurs-mobilises","18":"tag-news","19":"tag-republique-francaise","20":"tag-video","21":"tag-video-sujets-de-societe"},"share_on_mastodon":{"url":"https:\/\/pubeurope.com\/@fr\/115773703139474019","error":""},"_links":{"self":[{"href":"https:\/\/www.europesays.com\/fr\/wp-json\/wp\/v2\/posts\/619603","targetHints":{"allow":["GET"]}}],"collection":[{"href":"https:\/\/www.europesays.com\/fr\/wp-json\/wp\/v2\/posts"}],"about":[{"href":"https:\/\/www.europesays.com\/fr\/wp-json\/wp\/v2\/types\/post"}],"author":[{"embeddable":true,"href":"https:\/\/www.europesays.com\/fr\/wp-json\/wp\/v2\/users\/2"}],"replies":[{"embeddable":true,"href":"https:\/\/www.europesays.com\/fr\/wp-json\/wp\/v2\/comments?post=619603"}],"version-history":[{"count":0,"href":"https:\/\/www.europesays.com\/fr\/wp-json\/wp\/v2\/posts\/619603\/revisions"}],"wp:featuredmedia":[{"embeddable":true,"href":"https:\/\/www.europesays.com\/fr\/wp-json\/wp\/v2\/media\/619604"}],"wp:attachment":[{"href":"https:\/\/www.europesays.com\/fr\/wp-json\/wp\/v2\/media?parent=619603"}],"wp:term":[{"taxonomy":"category","embeddable":true,"href":"https:\/\/www.europesays.com\/fr\/wp-json\/wp\/v2\/categories?post=619603"},{"taxonomy":"post_tag","embeddable":true,"href":"https:\/\/www.europesays.com\/fr\/wp-json\/wp\/v2\/tags?post=619603"}],"curies":[{"name":"wp","href":"https:\/\/api.w.org\/{rel}","templated":true}]}}