{"id":619607,"date":"2025-12-24T08:57:18","date_gmt":"2025-12-24T08:57:18","guid":{"rendered":"https:\/\/www.europesays.com\/fr\/619607\/"},"modified":"2025-12-24T08:57:18","modified_gmt":"2025-12-24T08:57:18","slug":"quatre-joueurs-de-gourdon-remportent-un-tournoi-a-dubai-avec-les-blue-black-7s","status":"publish","type":"post","link":"https:\/\/www.europesays.com\/fr\/619607\/","title":{"rendered":"quatre joueurs de Gourdon remportent un tournoi \u00e0 Duba\u00ef avec les Blue Black 7&rsquo;s"},"content":{"rendered":"<p>                    Par<br \/>\n        <strong><br \/>\n            <a href=\"https:\/\/actu.fr\/auteur\/redaction-viequercynoise\" title=\"Consulter tous les articles de R\u00e9daction Cahors\" target=\"_blank\" rel=\"noopener\">R\u00e9daction Cahors<\/a><br \/>\n                    <\/strong><\/p>\n<p>        Publi\u00e9 le<\/p>\n<p>            23 d\u00e9c. 2025 \u00e0 11h46        <\/p>\n<p>\u00c0 l\u2019occasion du <b>tournoi international Duba\u00ef Rugby Sevens<\/b>, les <b>Blue Black 7\u2019s<\/b> ont une nouvelle fois port\u00e9 haut les couleurs du <a href=\"https:\/\/actu.fr\/lot\/\" target=\"_blank\" rel=\"noopener\"><b>Lot<\/b><\/a> et de la Dordogne. Engag\u00e9e dans la cat\u00e9gorie \u00ab International Super Social \u00bb, l\u2019\u00e9quipe, compos\u00e9e de joueurs amateurs, a remport\u00e9 la tr\u00e8s convoit\u00e9e \u00ab International Social Cup Men \u00bb, face \u00e0 des formations venues du monde entier.<\/p>\n<p class=\" wall-content\">Quatre joueurs du club <b>Gourdon XV<\/b> ont particip\u00e9 \u00e0 cette aventure : <b>Max Sabatier, Robin Genneson, Aubin Foures et Guillaume Barb\u00e8s<\/b>.<\/p>\n<p>4 joueurs du Gourdon XV \u00e0 Duba\u00ef<\/p>\n<p class=\" wall-content\">L\u2019\u00e9quipe des Blue Black 7\u2019s a \u00e9t\u00e9 cr\u00e9\u00e9e en avril 2023 \u00e0 Sarlat. Elle regroupe des joueurs de rugby \u00e0 XV et de rugby \u00e0 7 d\u2019une dizaine de clubs diff\u00e9rents du territoire, entre Dordogne et Lot, dont le Gourdon XV. Le club a particip\u00e9 les 29 et 30 novembre 2025 \u00e0 un tournoi international de rugby \u00e0 7, le Duba\u00ef Rugby Sevens.<\/p>\n<p class=\" wall-content\">L\u2019\u00e9quipe des Blue Black 7\u2019s a remport\u00e9 \u00e0 Duba\u00ef, aux <b>\u00c9mirats arabes unis<\/b>, le tournoi dans la cat\u00e9gorie \u00ab\u00a0International Super Social\u00a0\u00bb. L\u2019\u00e9quipe a remport\u00e9 ses six matchs face \u00e0 des \u00e9quipes du monde entier, comme les \u00c9tats-Unis, l\u2019Afrique du Sud, la Colombie\u2026, inscrivant 217 points et en encaissant seulement 17. L\u2019an prochain, l\u2019\u00e9quipe va monter d\u2019une cat\u00e9gorie, pour se rapprocher du niveau pro.<\/p>\n<p class=\" wall-content\">Une performance remarquable pour cette s\u00e9lection de rugby \u00e0 sept, emmen\u00e9e par <b>St\u00e9phane Marty, pr\u00e9sident de l\u2019associatio<\/b>n. Parmi les joueurs ayant fait le d\u00e9placement \u00e0 Duba\u00ef, quatre sont issus du club de Gourdon : Max Sabatier, Robin Genneson, Aubin Foures et Guillaume Barb\u00e8s. Une s\u00e9lection qui ne doit rien au hasard.<\/p>\n<p>Vid\u00e9os : en ce moment sur Actu<\/p>\n<p class=\" wall-content\">St\u00e9phane Marty : \u00ab Pour la troisi\u00e8me ann\u00e9e, nous sommes tr\u00e8s fiers d\u2019\u00eatre arriv\u00e9s jusque-l\u00e0. Cela demande \u00e9norm\u00e9ment de travail, beaucoup d\u2019investissement, autant de la part du staff que des joueurs. Cela fait trois ans que certains viennent avec nous. Ils ont acquis de l\u2019exp\u00e9rience, mais surtout, nous s\u00e9lectionnons les joueurs pour leur engagement, leur pr\u00e9sence aux entra\u00eenements et leur \u00e9tat d\u2019esprit. Ils correspondent parfaitement aux valeurs de notre association\u2026 Un tel d\u00e9placement repr\u00e9sente toutefois un investissement important, notamment financier. Les joueurs participent via une petite cotisation, mais ce sont surtout nos partenaires et sponsors qui font vivre l\u2019association. D\u00e9marcher les sponsors est un travail tr\u00e8s prenant, presque \u00e0 plein temps, mais sans eux, ces aventures internationales ne pourraient pas avoir lieu \u00bb.<\/p>\n<p class=\" wall-content\">Le tournoi s\u2019est d\u00e9roul\u00e9 du 27 au 30 novembre, r\u00e9unissant des \u00e9quipes internationales dans une ambiance aussi comp\u00e9titive que conviviale. \u00c0 l\u2019issue du challenge, les Blue Black 7\u2019s se sont hiss\u00e9s \u00e0 la premi\u00e8re place, remportant ainsi le troph\u00e9e tant convoit\u00e9.<\/p>\n<p>Votre r\u00e9gion, votre actu !<\/p>\n<p>Recevez chaque jour les infos qui comptent pour vous.<\/p>\n<p>\t<a href=\"https:\/\/actu.fr\/newsletter\" class=\"ac-btn ac-btn--corner ac-btn--medium ac-btn--blue800\" target=\"_blank\" rel=\"noopener\">S&rsquo;incrire<\/a><\/p>\n<p class=\" wall-content\">Cette r\u00e9ussite est aussi collective.<b> Le pr\u00e9sident tient \u00e0 remercier \u00ab le club de Gourdon ainsi que les autres clubs du Lot \u00bb<\/b>. \u00ab Sans l\u2019accord des pr\u00e9sidents de ces clubs pour nous pr\u00eater leurs joueurs, rien ne serait possible. Le Lot s\u2019est particuli\u00e8rement d\u00e9marqu\u00e9 \u00bb, souligne-t-il.<\/p>\n<p>D\u2019autres tournois en 2026<\/p>\n<p class=\" wall-content\">L\u2019aventure ne s\u2019arr\u00eate pas l\u00e0. Les Blue Black 7\u2019s pr\u00e9parent d\u00e9j\u00e0 la suite de la saison, avec plusieurs tournois en France, notamment le <b>Winter Seven<\/b>, pr\u00e9vu autour du 20 f\u00e9vrier \u00e0 Blagnac, ainsi que d\u2019autres comp\u00e9titions au printemps et \u00e0 l\u2019\u00e9t\u00e9. D\u00e9sormais affili\u00e9 \u00e0 la F\u00e9d\u00e9ration, le club de rugby \u00e0 sept peut ainsi participer \u00e0 des tournois tout au long de l\u2019ann\u00e9e.<\/p>\n<p class=\" wall-content\">Olivier AGEORGES<\/p>\n<p><a href=\"https:\/\/blueblack-sevens.fr\/\" target=\"_blank\" rel=\"noopener\">Site : https:\/\/blueblack-sevens.fr\/<\/a><\/p>\n<p class=\" wall-content\">Personnalisez votre actualit\u00e9 en ajoutant vos villes et m\u00e9dias en favori avec <a href=\"https:\/\/moncompte.actu.fr\" title=\"D\u00e9couvez Mon Actu\" rel=\"nofollow noopener\" data-trk=\"{&quot;cta&quot;:{&quot;action&quot;:&quot;https:\\\/\\\/moncompte.actu.fr&quot;,&quot;category&quot;:&quot;mon compte&quot;,&quot;from&quot;:&quot;article footer&quot;,&quot;name&quot;:&quot;Mon actu&quot;,&quot;type&quot;:&quot;cta&quot;}}\" target=\"_blank\">Mon Actu<\/a>.<\/p>\n","protected":false},"excerpt":{"rendered":"Par R\u00e9daction Cahors Publi\u00e9 le 23 d\u00e9c. 2025 \u00e0 11h46 \u00c0 l\u2019occasion du tournoi international Duba\u00ef Rugby Sevens,&hellip;\n","protected":false},"author":2,"featured_media":619608,"comment_status":"","ping_status":"","sticky":false,"template":"","format":"standard","meta":{"footnotes":""},"categories":[1416],"tags":[1011,27,25167,479,13891,1468,60],"class_list":{"0":"post-619607","1":"post","2":"type-post","3":"status-publish","4":"format-standard","5":"has-post-thumbnail","7":"category-rugby","8":"tag-fr","9":"tag-france","10":"tag-le-lot","11":"tag-rugby","12":"tag-rugby-a-7","13":"tag-rugby-football","14":"tag-sports"},"share_on_mastodon":{"url":"https:\/\/pubeurope.com\/@fr\/115773718223651773","error":""},"_links":{"self":[{"href":"https:\/\/www.europesays.com\/fr\/wp-json\/wp\/v2\/posts\/619607","targetHints":{"allow":["GET"]}}],"collection":[{"href":"https:\/\/www.europesays.com\/fr\/wp-json\/wp\/v2\/posts"}],"about":[{"href":"https:\/\/www.europesays.com\/fr\/wp-json\/wp\/v2\/types\/post"}],"author":[{"embeddable":true,"href":"https:\/\/www.europesays.com\/fr\/wp-json\/wp\/v2\/users\/2"}],"replies":[{"embeddable":true,"href":"https:\/\/www.europesays.com\/fr\/wp-json\/wp\/v2\/comments?post=619607"}],"version-history":[{"count":0,"href":"https:\/\/www.europesays.com\/fr\/wp-json\/wp\/v2\/posts\/619607\/revisions"}],"wp:featuredmedia":[{"embeddable":true,"href":"https:\/\/www.europesays.com\/fr\/wp-json\/wp\/v2\/media\/619608"}],"wp:attachment":[{"href":"https:\/\/www.europesays.com\/fr\/wp-json\/wp\/v2\/media?parent=619607"}],"wp:term":[{"taxonomy":"category","embeddable":true,"href":"https:\/\/www.europesays.com\/fr\/wp-json\/wp\/v2\/categories?post=619607"},{"taxonomy":"post_tag","embeddable":true,"href":"https:\/\/www.europesays.com\/fr\/wp-json\/wp\/v2\/tags?post=619607"}],"curies":[{"name":"wp","href":"https:\/\/api.w.org\/{rel}","templated":true}]}}