{"id":619615,"date":"2025-12-24T09:04:11","date_gmt":"2025-12-24T09:04:11","guid":{"rendered":"https:\/\/www.europesays.com\/fr\/619615\/"},"modified":"2025-12-24T09:04:11","modified_gmt":"2025-12-24T09:04:11","slug":"venus-williams-devoile-toutes-les-robes-de-son-mariage-qui-a-dure-une-semaine","status":"publish","type":"post","link":"https:\/\/www.europesays.com\/fr\/619615\/","title":{"rendered":"Venus Williams d\u00e9voile toutes les robes de son mariage qui a dur\u00e9 une semaine"},"content":{"rendered":"<p>                             Par C.L<\/p>\n<p>                Le 24 d\u00e9cembre 2025 \u00e0 07h39<\/p>\n<p>    Venus Williams et Andrea Preti lors de leur semaine de festivit\u00e9s nuptiales.<br \/>\n                Capture \u00e9cran Instagram @venuswilliams<\/p>\n<p>\n    La s\u0153ur de Serena Williams a \u00e9pous\u00e9 l\u2019acteur italien Andrea Preti en Floride, le 19 d\u00e9cembre. Il s\u2019\u00e9tait d\u00e9j\u00e0 dit oui, en Italie, en septembre dernier.<\/p>\n<p class=\"fig-paragraph\">\u00abOn dit toujours que les mariages passent tr\u00e8s vite, et c\u2019est vrai\u00bb, confie-t-elle. C\u2019est pour cette raison que\u00a0<a href=\"http:\/\/madame.lefigaro.fr\/celebrites\/reperee-avec-une-bague-en-diamant-a-son-annulaire-gauche-venus-williams-est-elle-fiancee-20250207\" data-fig-type=\"Article\" data-gtm-custom-categorie=\"navigation\" data-gtm-custom-action=\"crossclick\" data-gtm-custom-label=\"Contextuel\" data-gtm-event=\"customEventSPE\" data-fig-domain=\"MADAME\" target=\"_blank\" rel=\"noopener\">Venus Williams<\/a>\u00a0a opt\u00e9 pour un mariage dont les festivit\u00e9s ont dur\u00e9 une semaine enti\u00e8re. C\u2019est ce que la s\u0153ur de\u00a0<a href=\"https:\/\/madame.lefigaro.fr\/tag\/serena-williams\" target=\"_blank\" data-fig-type=\"Keyword\" rel=\"sponsored noopener\" data-gtm-custom-categorie=\"navigation\" data-gtm-custom-action=\"crossclick\" data-gtm-custom-label=\"Contextuel\" data-gtm-event=\"customEventSPE\" data-fig-domain=\"MADAME\">Serena Williams<\/a>\u00a0a confi\u00e9 au magazine Vogue qui titrait, le 23 d\u00e9cembre, sur\u00a0<a href=\"https:\/\/www.vogue.com\/slideshow\/venus-williams-and-andrea-preti-wedding\" target=\"_blank\" rel=\"sponsored noopener\" data-gtm-custom-categorie=\"navigation\" data-gtm-custom-action=\"crossclick\" data-gtm-custom-label=\"Contextuel\" data-gtm-event=\"customEventSPE\">son mariage avec Andrea Preti<\/a>. Dans la foul\u00e9e, la jeune mari\u00e9e a d\u00e9voil\u00e9, sur Instagram, tous les looks arbor\u00e9s lors de cette semaine.<\/p>\n<p>                                                                Une semaine de mariage<\/p>\n<p class=\"fig-paragraph\">\u00abNous avons commenc\u00e9 lundi, raconte Venus \u00e0 Vogue au sujet de sa semaine de mariage. Serena nous a offert un magnifique yacht et s\u2019est occup\u00e9e de tout organiser, y compris le repas. Nous avons r\u00e9uni 10 \u00e0 12 de nos proches et amis qui se trouvaient en ville sur le bateau, et nous avons chant\u00e9, dans\u00e9, bavard\u00e9 et pass\u00e9 un moment tr\u00e8s agr\u00e9able ensemble.\u00bb La semaine s\u2019est poursuivie sur un enterrement de vie de jeune fille et un d\u00eener romantique au club priv\u00e9 Sopra, \u00e0 Miami.<\/p>\n<p>                                                                <a class=\"fig-a11y-skip\" href=\"#fig-a11y-skip-main-inarticle\" data-module=\"a11y-skip\" data-context=\"was @visible\"><br \/>\n    Passer la publicit\u00e9<br \/>\n<\/a>            <\/p>\n<p class=\"fig-paragraph\">Finalement, Venus Williams et Andrea Preti se sont dit \u00aboui\u00bb lors d\u2019une c\u00e9r\u00e9monie civile qui s\u2019est tenue le 19 d\u00e9cembre \u00e0 West Palm Beach, en Floride. La mari\u00e9e portait une robe sign\u00e9e Morilee New York. \u00abJ\u2019ai demand\u00e9 une seule robe, ils en ont confectionn\u00e9 dix, toutes sur mesure, a racont\u00e9 Venus \u00e0 Vogue. La robe que j\u2019ai finalement port\u00e9e \u00e9tait tout simplement divine. J\u2019avais \u00e9galement une tenue \u00e0 porter lorsque nous sommes partis afin de ne pas attirer l\u2019attention sur moi. Il s\u2019agissait d\u2019une jupe courte classique et d\u2019un haut, et j\u2019avais le couvre-chef parfait pour aller avec.\u00bb<\/p>\n<p class=\"fig-paragraph\">Deux c\u00e9r\u00e9monies valant mieux qu\u2019une, une autre a eu lieu juste apr\u00e8s, \u00e0 domicile. Venus portait alors \u00abla plus incroyable des robes\u00bb, cr\u00e9\u00e9e par Georges Hobieka. \u00abJe voulais porter une robe qui plairait \u00e0 Andrea et qui capturerait l\u2019essence du mariage en Floride que nous \u00e9tions en train de cr\u00e9er\u00bb, explique-t-elle. Au cours de cette semaine de mariage, la mari\u00e9e a \u00e9galement port\u00e9 des looks sign\u00e9s Natali &amp; Meital, Veni Infantino ou encore Eve of Milady.<\/p>\n<p>                                                                Des noces secr\u00e8tes en Italie<\/p>\n<p class=\"fig-paragraph\"><a href=\"http:\/\/madame.lefigaro.fr\/mariage\/venus-williams-officialise-enfin-ses-fiancailles-avec-l-acteur-italien-andrea-preti-20251202\" data-fig-type=\"Article\" data-gtm-custom-categorie=\"navigation\" data-gtm-custom-action=\"crossclick\" data-gtm-custom-label=\"Contextuel\" data-gtm-event=\"customEventSPE\" data-fig-domain=\"MADAME\" target=\"_blank\" rel=\"noopener\">La joueuse de tennis a officialis\u00e9 ses fian\u00e7ailles<\/a>, sur Instagram, le 2 d\u00e9cembre, pr\u00e9cisant qu\u2019elles dataient du 25 janvier dernier. En r\u00e9alit\u00e9, Venus Williams et Andrea Preti s\u2019\u00e9taient d\u00e9j\u00e0 mari\u00e9s officieusement, le 18 septembre, \u00e0 Ischia, en Italie. \u00abNous r\u00eavions de nous marier en Italie, mais nous n\u2019avons pas eu le temps de remplir toutes les formalit\u00e9s administratives, explique la mari\u00e9e. Comme je suis \u00e9trang\u00e8re, cela peut prendre environ huit mois. Nous avons donc d\u00e9cid\u00e9 d\u2019organiser un deuxi\u00e8me mariage.\u00bb<\/p>\n<p>                                                                Le message \u00e9mouvant de Serena Williams<\/p>\n<p class=\"fig-paragraph\">Sur Instagram, Serena Williams a \u00e9galement publi\u00e9 quelques images des festivit\u00e9s en adressant un message \u00e9mouvant \u00e0 sa grande s\u0153ur, sa \u00abmeilleure amie, (sa) protectrice, (sa) professeure\u00bb. \u00abTe voir aussi heureuse, aussi aim\u00e9e, aussi radieuse&#8230; cela signifie tout pour moi, \u00e9crit-elle l\u00e9gende de sa publication. Je ne pourrais \u00eatre plus fi\u00e8re d\u2019\u00eatre \u00e0 tes c\u00f4t\u00e9s, non seulement aujourd\u2019hui, mais pour toujours.\u00bb<\/p>\n","protected":false},"excerpt":{"rendered":"Par C.L Le 24 d\u00e9cembre 2025 \u00e0 07h39 Venus Williams et Andrea Preti lors de leur semaine de&hellip;\n","protected":false},"author":2,"featured_media":619616,"comment_status":"","ping_status":"","sticky":false,"template":"","format":"standard","meta":{"footnotes":""},"categories":[1359],"tags":[58,59,1011,27,1930,973,10988,2201],"class_list":{"0":"post-619615","1":"post","2":"type-post","3":"status-publish","4":"format-standard","5":"has-post-thumbnail","7":"category-people","8":"tag-divertissement","9":"tag-entertainment","10":"tag-fr","11":"tag-france","12":"tag-mariage","13":"tag-people","14":"tag-robe-de-mariee","15":"tag-serena-williams"},"share_on_mastodon":{"url":"https:\/\/pubeurope.com\/@fr\/115773745822383779","error":""},"_links":{"self":[{"href":"https:\/\/www.europesays.com\/fr\/wp-json\/wp\/v2\/posts\/619615","targetHints":{"allow":["GET"]}}],"collection":[{"href":"https:\/\/www.europesays.com\/fr\/wp-json\/wp\/v2\/posts"}],"about":[{"href":"https:\/\/www.europesays.com\/fr\/wp-json\/wp\/v2\/types\/post"}],"author":[{"embeddable":true,"href":"https:\/\/www.europesays.com\/fr\/wp-json\/wp\/v2\/users\/2"}],"replies":[{"embeddable":true,"href":"https:\/\/www.europesays.com\/fr\/wp-json\/wp\/v2\/comments?post=619615"}],"version-history":[{"count":0,"href":"https:\/\/www.europesays.com\/fr\/wp-json\/wp\/v2\/posts\/619615\/revisions"}],"wp:featuredmedia":[{"embeddable":true,"href":"https:\/\/www.europesays.com\/fr\/wp-json\/wp\/v2\/media\/619616"}],"wp:attachment":[{"href":"https:\/\/www.europesays.com\/fr\/wp-json\/wp\/v2\/media?parent=619615"}],"wp:term":[{"taxonomy":"category","embeddable":true,"href":"https:\/\/www.europesays.com\/fr\/wp-json\/wp\/v2\/categories?post=619615"},{"taxonomy":"post_tag","embeddable":true,"href":"https:\/\/www.europesays.com\/fr\/wp-json\/wp\/v2\/tags?post=619615"}],"curies":[{"name":"wp","href":"https:\/\/api.w.org\/{rel}","templated":true}]}}