{"id":619617,"date":"2025-12-24T09:05:24","date_gmt":"2025-12-24T09:05:24","guid":{"rendered":"https:\/\/www.europesays.com\/fr\/619617\/"},"modified":"2025-12-24T09:05:24","modified_gmt":"2025-12-24T09:05:24","slug":"cornimont-olivier-claudon-mis-a-lhonneur","status":"publish","type":"post","link":"https:\/\/www.europesays.com\/fr\/619617\/","title":{"rendered":"Cornimont \u2013 Olivier Claudon mis \u00e0 l\u2019honneur"},"content":{"rendered":"<p>\t\t\t<img loading=\"lazy\" width=\"930\" height=\"450\" src=\"https:\/\/www.europesays.com\/fr\/wp-content\/uploads\/2025\/12\/Capture-decran-2025-12-23-224852-e1766526581596.png\" class=\"attachment-apostrophe-2-featured size-apostrophe-2-featured wp-post-image\" alt=\"\" decoding=\"async\" data-attachment-id=\"309052\" data-permalink=\"https:\/\/remiremontvallees.com\/2025\/12\/24\/cornimont-olivier-claudon-mis-a-lhonneur\/capture-decran-2025-12-23-224852\/\" data-orig-file=\"https:\/\/i0.wp.com\/remiremontvallees.com\/wp-content\/uploads\/2025\/12\/Capture-decran-2025-12-23-224852-e1766526581596.png?fit=705%2C415&amp;ssl=1\" data-orig-size=\"705,415\" data-comments-opened=\"1\" data-image-meta=\"{&quot;aperture&quot;:&quot;0&quot;,&quot;credit&quot;:&quot;&quot;,&quot;camera&quot;:&quot;&quot;,&quot;caption&quot;:&quot;&quot;,&quot;created_timestamp&quot;:&quot;0&quot;,&quot;copyright&quot;:&quot;&quot;,&quot;focal_length&quot;:&quot;0&quot;,&quot;iso&quot;:&quot;0&quot;,&quot;shutter_speed&quot;:&quot;0&quot;,&quot;title&quot;:&quot;&quot;,&quot;orientation&quot;:&quot;0&quot;}\" data-image-title=\"Capture d\u2019\u00e9cran 2025-12-23 224852\" data-image-description=\"\" data-image-caption=\"\" data-medium-file=\"https:\/\/i0.wp.com\/remiremontvallees.com\/wp-content\/uploads\/2025\/12\/Capture-decran-2025-12-23-224852-e1766526581596.png?fit=300%2C177&amp;ssl=1\" data-large-file=\"https:\/\/i0.wp.com\/remiremontvallees.com\/wp-content\/uploads\/2025\/12\/Capture-decran-2025-12-23-224852-e1766526581596.png?fit=705%2C415&amp;ssl=1\"\/>\t\t<\/p>\n<p>Olivier CLAUDON, peintre illustrateur habitant Cornimont, a \u00e9t\u00e9 prim\u00e9 au 129\u00e8me Salon Art\u2019Stom en recevant le Prix de l\u2019Association des Artistes Lorrains.<\/p>\n<p>Cette distinction lui a \u00e9t\u00e9 attribu\u00e9e pour deux \u0153uvres repr\u00e9sentant des esp\u00e8ces vivant en milieux extr\u00eames : le chamois sous le Hohneck et l\u2019invisible panth\u00e8re des neiges sur les hauteurs du Tibet.<\/p>\n<p>Olivier a particip\u00e9 \u00e0 d\u2019autres manifestations durant cette ann\u00e9e 2025 :<\/p>\n<ul>\n<li>52\u00e8me Exposition de Peinture et Sculpture de Wittelsheim<\/li>\n<li>Prix du public de la 62\u00e8me Exposition d\u2019Art Contemporain de Fougerolles<\/li>\n<li>Salon d\u2019Automne \u00e0 Paris section dessin<\/li>\n<li>et en fin d\u2019ann\u00e9e lors du 49\u00e8me Salon National des Artistes Animaliers de Bry-sur-Marne.<\/li>\n<\/ul>\n<p>Par ses cr\u00e9ations animali\u00e8res, il s\u00e9duit le public comme le jury en repr\u00e9sentant l\u2019animal local ou plus exotique, domestiqu\u00e9 ou sauvage, cherchant \u00e0 imiter la Nature sans la compromettre.<\/p>\n<p>\t\t\tPartager cet article sur le r\u00e9seau de votre choix :J\u2019aime \u00e7a\u00a0:<\/p>\n<p>J\u2019aime chargement\u2026<\/p>\n<p><a class=\"sd-link-color\"\/><\/p>\n<p>\n\tArticles similaires<\/p>\n","protected":false},"excerpt":{"rendered":"Olivier CLAUDON, peintre illustrateur habitant Cornimont, a \u00e9t\u00e9 prim\u00e9 au 129\u00e8me Salon Art\u2019Stom en recevant le Prix de&hellip;\n","protected":false},"author":2,"featured_media":619618,"comment_status":"","ping_status":"","sticky":false,"template":"","format":"standard","meta":{"footnotes":""},"categories":[1358],"tags":[1348,1384,1385,1386,58,59,1011,27],"class_list":{"0":"post-619617","1":"post","2":"type-post","3":"status-publish","4":"format-standard","5":"has-post-thumbnail","7":"category-arts-et-design","8":"tag-arts","9":"tag-arts-and-design","10":"tag-arts-et-design","11":"tag-design","12":"tag-divertissement","13":"tag-entertainment","14":"tag-fr","15":"tag-france"},"share_on_mastodon":{"url":"https:\/\/pubeurope.com\/@fr\/115773750548576270","error":""},"_links":{"self":[{"href":"https:\/\/www.europesays.com\/fr\/wp-json\/wp\/v2\/posts\/619617","targetHints":{"allow":["GET"]}}],"collection":[{"href":"https:\/\/www.europesays.com\/fr\/wp-json\/wp\/v2\/posts"}],"about":[{"href":"https:\/\/www.europesays.com\/fr\/wp-json\/wp\/v2\/types\/post"}],"author":[{"embeddable":true,"href":"https:\/\/www.europesays.com\/fr\/wp-json\/wp\/v2\/users\/2"}],"replies":[{"embeddable":true,"href":"https:\/\/www.europesays.com\/fr\/wp-json\/wp\/v2\/comments?post=619617"}],"version-history":[{"count":0,"href":"https:\/\/www.europesays.com\/fr\/wp-json\/wp\/v2\/posts\/619617\/revisions"}],"wp:featuredmedia":[{"embeddable":true,"href":"https:\/\/www.europesays.com\/fr\/wp-json\/wp\/v2\/media\/619618"}],"wp:attachment":[{"href":"https:\/\/www.europesays.com\/fr\/wp-json\/wp\/v2\/media?parent=619617"}],"wp:term":[{"taxonomy":"category","embeddable":true,"href":"https:\/\/www.europesays.com\/fr\/wp-json\/wp\/v2\/categories?post=619617"},{"taxonomy":"post_tag","embeddable":true,"href":"https:\/\/www.europesays.com\/fr\/wp-json\/wp\/v2\/tags?post=619617"}],"curies":[{"name":"wp","href":"https:\/\/api.w.org\/{rel}","templated":true}]}}