{"id":619619,"date":"2025-12-24T09:07:15","date_gmt":"2025-12-24T09:07:15","guid":{"rendered":"https:\/\/www.europesays.com\/fr\/619619\/"},"modified":"2025-12-24T09:07:15","modified_gmt":"2025-12-24T09:07:15","slug":"cyril-hanouna-victime-dun-erotomane-cette-ancienne-chroniqueuse-ne-dort-plus-la-nuit-depuis-6-ans","status":"publish","type":"post","link":"https:\/\/www.europesays.com\/fr\/619619\/","title":{"rendered":"Cyril Hanouna : victime d\u2019un \u00e9rotomane, cette ancienne chroniqueuse ne \u00ab\u00a0dort plus la nuit depuis 6 ans\u00a0\u00bb"},"content":{"rendered":"<p>Pendant six ann\u00e9es, Am\u00e9lie Bitoun, <a href=\"https:\/\/www.public.fr\/trop-pauvre-pas-assez-d-oseille-amelie-bitoun-la-nouvelle-chroniqueuse-de-tpmp-pas-emballee-par-benjamin-castaldi\" target=\"_blank\" rel=\"noopener\">ancienne chroniqueuse<\/a> de <a href=\"https:\/\/www.public.fr\/tag\/cyril-hanouna\" target=\"_blank\" rel=\"noopener\">Cyril Hanouna<\/a> dans <strong>Touche pas \u00e0 mon poste<\/strong>, a v\u00e9cu sous la menace constante<strong> d\u2019un homme persuad\u00e9 d\u2019entretenir une relation amoureuse avec elle<\/strong>. Derri\u00e8re cette affaire de harc\u00e8lement figure une pathologie psychiatrique lourde : l\u2019\u00e9rotomanie.\u00a0<\/p>\n<p>Mardi 23 d\u00e9cembre 2025, au tribunal judiciaire de Paris, la justice a rendu une d\u00e9cision tr\u00e8s attendue par la victime comme le r\u00e9v\u00e8le le <a href=\"https:\/\/www.leparisien.fr\/faits-divers\/six-ans-denfer-je-ne-dormais-plus-la-nuit-le-calvaire-de-lanimatrice-amelie-bitoun-victime-dun-erotomane-23-12-2025-TNBY7YSBYFFEXNX6R4SW3TSVPI.php?at_variant=photo&amp;at_creation=Le%20Parisien&amp;at_campaign=Partage%20Twitter%20CM&amp;at_medium=Social%20media\" target=\"_blank\" rel=\"noopener\">Parisien<\/a>, reconnaissant <strong>l\u2019irresponsabilit\u00e9 p\u00e9nale de son harceleur et ordonnant son hospitalisation sous contrainte<\/strong>. Pour elle, cette d\u00e9cision judiciaire marque donc une \u00e9tape, sans pour autant mettre fin \u00e0 sa peur quotidienne.<\/p>\n<p><strong>Six ans de harc\u00e8lement et une peur permanente<\/strong> pour l&rsquo;ancienne chroniqueuse de Cyril Hanouna<\/p>\n<p><strong>Le calvaire de l\u2019ancienne chroniqueuse de <a href=\"https:\/\/vsd.fr\/tag\/cyril-hanouna\/\" target=\"_blank\" rel=\"noopener\">Cyril Hanouna<\/a> d\u00e9bute donc<\/strong> <strong>en 2019.<\/strong> Depuis le sud de la France, un homme de 35 ans, sans emploi, commence \u00e0 la contacter de mani\u00e8re r\u00e9p\u00e9t\u00e9e. Appels incessants, messages \u00e0 caract\u00e8re sexuel, menaces : le harc\u00e8lement s\u2019installe dans la dur\u00e9e. Rapidement, la victime comprend qu\u2019elle fait face \u00e0 une situation grave. Elle d\u00e9pose alors plusieurs plaintes, sans parvenir \u00e0 faire cesser durablement les faits.<\/p>\n<p>Atteint d\u2019\u00e9rotomanie, son harceleur est convaincu d\u2019entretenir une relation sentimentale avec elle depuis 2011. Cette croyance d\u00e9lirante, relevant d\u2019un trouble psychiatrique du spectre de la schizophr\u00e9nie selon les experts, structure l\u2019ensemble de son comportement. La situation bascule en octobre dernier lorsqu\u2019Am\u00e9lie Bitoun alerte la police : l\u2019homme se trouve dans son quartier parisien. <strong>Interpell\u00e9 \u00e0 une terrasse, il affirme attendre sa \u00ab\u00a0compagne\u00a0\u00bb. Son t\u00e9l\u00e9phone indique un itin\u00e9raire menant directement \u00e0 l\u2019adresse de l\u2019animatrice.<\/strong><\/p>\n<p>La peur est constante. M\u00e8re d\u2019un enfant en bas \u00e2ge, l\u2019ancienne chroniqueuse de Cyril Hanouna explique en effet <strong>ne plus dormir la nuit depuis six ans.<\/strong> Elle ignore comment son harceleur a obtenu ses coordonn\u00e9es personnelles. Un \u00e9pisode la marque particuli\u00e8rement : un appel de la m\u00e8re du pr\u00e9venu, persuad\u00e9e que son fils entretenait r\u00e9ellement une relation avec elle. La description d\u2019une chambre tapiss\u00e9e de photos de la chroniqueuse confirme alors la gravit\u00e9 de la situation.<\/p>\n<p>Une condamnation pour l&rsquo;\u00e9rotomane<\/p>\n<p>D\u00e9j\u00e0 condamn\u00e9 \u00e0 trois reprises pour des faits similaires, l\u2019homme comparaissait mardi devant le tribunal de Paris. Les experts psychiatres concluent \u00e0 une abolition du discernement au moment des faits. Le tribunal le reconna\u00eet coupable, mais p\u00e9nalement irresponsable. <strong>Il devra purger une peine de prison ferme d\u00e9j\u00e0 prononc\u00e9e, avant de<\/strong> <strong>se faire hospitaliser sous contrainte.<\/strong><\/p>\n<p>Le pr\u00e9venu minimise les faits \u00e0 l\u2019audience, parlant de \u00ab\u00a0drague\u00a0\u00bb et justifiant aussi les menaces par la jalousie. Une position fermement contest\u00e9e par la procureure, qui rappelle qu\u2019<strong>\u00ab\u00a0une femme a \u00e9t\u00e9 terroris\u00e9e\u00a0\u00bb<\/strong>. L\u2019avocat de la victime, Me Ludovic Elbaz, insiste sur la n\u00e9cessit\u00e9 de prot\u00e9ger Am\u00e9lie Bitoun, soulignant que les pr\u00e9c\u00e9dentes hospitalisations n\u2019ont pas emp\u00each\u00e9 la r\u00e9cidive.<\/p>\n<p>Le tribunal a \u00e9galement prononc\u00e9 une <strong>interdiction d\u2019entrer en contact avec la victime pendant dix ans<\/strong> et une interdiction de para\u00eetre \u00e0 Paris comme le note le Parisien. Une d\u00e9cision accueillie avec prudence par l\u2019ancienne chroniqueuse de Cyril Hanouna, consciente que l\u2019homme a d\u00e9j\u00e0 \u00e9t\u00e9 hospitalis\u00e9 par le pass\u00e9, sans effet durable. Pour elle, si cette \u00e9tape judiciaire est essentielle, elle ne suffit pas \u00e0 effacer six ann\u00e9es d\u2019angoisse et de vigilance permanente.<\/p>\n<p>\n          Hits &amp; People en continu\n        <\/p>\n<p>\n          Public Radio\n        <\/p>\n<p>      Mentionn\u00e9s dans cet article<\/p>\n<p>      Sur le m\u00eame sujet<\/p>\n","protected":false},"excerpt":{"rendered":"Pendant six ann\u00e9es, Am\u00e9lie Bitoun, ancienne chroniqueuse de Cyril Hanouna dans Touche pas \u00e0 mon poste, a v\u00e9cu&hellip;\n","protected":false},"author":2,"featured_media":619620,"comment_status":"","ping_status":"","sticky":false,"template":"","format":"standard","meta":{"footnotes":""},"categories":[1356],"tags":[1083,58,59,1011,27,303,252,549,1364],"class_list":{"0":"post-619619","1":"post","2":"type-post","3":"status-publish","4":"format-standard","5":"has-post-thumbnail","7":"category-television","8":"tag-cyril-hanouna","9":"tag-divertissement","10":"tag-entertainment","11":"tag-fr","12":"tag-france","13":"tag-justice","14":"tag-television","15":"tag-touche-pas-a-mon-poste","16":"tag-tv"},"share_on_mastodon":{"url":"https:\/\/pubeurope.com\/@fr\/115773757882552728","error":""},"_links":{"self":[{"href":"https:\/\/www.europesays.com\/fr\/wp-json\/wp\/v2\/posts\/619619","targetHints":{"allow":["GET"]}}],"collection":[{"href":"https:\/\/www.europesays.com\/fr\/wp-json\/wp\/v2\/posts"}],"about":[{"href":"https:\/\/www.europesays.com\/fr\/wp-json\/wp\/v2\/types\/post"}],"author":[{"embeddable":true,"href":"https:\/\/www.europesays.com\/fr\/wp-json\/wp\/v2\/users\/2"}],"replies":[{"embeddable":true,"href":"https:\/\/www.europesays.com\/fr\/wp-json\/wp\/v2\/comments?post=619619"}],"version-history":[{"count":0,"href":"https:\/\/www.europesays.com\/fr\/wp-json\/wp\/v2\/posts\/619619\/revisions"}],"wp:featuredmedia":[{"embeddable":true,"href":"https:\/\/www.europesays.com\/fr\/wp-json\/wp\/v2\/media\/619620"}],"wp:attachment":[{"href":"https:\/\/www.europesays.com\/fr\/wp-json\/wp\/v2\/media?parent=619619"}],"wp:term":[{"taxonomy":"category","embeddable":true,"href":"https:\/\/www.europesays.com\/fr\/wp-json\/wp\/v2\/categories?post=619619"},{"taxonomy":"post_tag","embeddable":true,"href":"https:\/\/www.europesays.com\/fr\/wp-json\/wp\/v2\/tags?post=619619"}],"curies":[{"name":"wp","href":"https:\/\/api.w.org\/{rel}","templated":true}]}}