{"id":619641,"date":"2025-12-24T09:19:14","date_gmt":"2025-12-24T09:19:14","guid":{"rendered":"https:\/\/www.europesays.com\/fr\/619641\/"},"modified":"2025-12-24T09:19:14","modified_gmt":"2025-12-24T09:19:14","slug":"reveillon-que-faire-le-31-decembre-2025-dans-la-loire","status":"publish","type":"post","link":"https:\/\/www.europesays.com\/fr\/619641\/","title":{"rendered":"R\u00e9veillon : que faire le 31 d\u00e9cembre 2025 dans la Loire ?"},"content":{"rendered":"<p class=\"is-style-chapo\">Chaque ann\u00e9e, la question est de retour \u00e0 l\u2019approche des f\u00eates\u00a0: \u00ab\u00a0et vous, vous faites quoi pour le nouvel an\u00a0?\u00a0\u00bb. Pour vous faciliter la t\u00e2che, la r\u00e9daction de If Saint-Etienne s\u2019est mise sur son 31. Voici donc cinq vir\u00e9es \u00e0 faire pour le r\u00e9veillon du nouvel an, si vous n\u2019avez pas encore de plan.<\/p>\n<p><img loading=\"lazy\" decoding=\"async\" width=\"1024\" height=\"576\" src=\"https:\/\/www.europesays.com\/fr\/wp-content\/uploads\/2025\/12\/new-years-eve-1845065_1280-1-1024x576.jpg\" alt=\"R\u00e9veillon Loire\" class=\"wp-image-81253\"  \/><\/p>\n<p>1 \u2013 Au th\u00e9\u00e2tre<\/p>\n<p>La <a href=\"https:\/\/www.comedietriomphe.fr\/events\/reveillon-du-jour-de-lan-5\/\" target=\"_blank\" rel=\"noreferrer noopener\">Com\u00e9die Triomphe<\/a> de Saint-Etienne vous propose de venir f\u00eater le nouvel an au th\u00e9\u00e2tre. Pour l\u2019occasion, trois spectacles sont propos\u00e9s, ainsi que cinq repr\u00e9sentations, mais aussi des bulles et des mignardises. A 16h, c\u2019est Sex and the City qui vous fera rire de la soixantaine, du burn-out et des gal\u00e8res de la vie moderne, suivi \u00e0 18h20 ou 20h05 par M\u00e8re parfaite\u2026 ment indique, une com\u00e9die dr\u00f4le qui met en sc\u00e8ne deux personnes qui n\u2019ont rien en commun et n\u2019auraient jamais d\u00fb se rencontrer. Enfin, \u00e0 21h55, puis 23h40, M\u00eame jour m\u00eame heure propose les retrouvailles de trois amis dix ans apr\u00e8s le Bac et qui ont beaucoup changer entre temps\u2026 De bonnes tranches de rire pour terminer 2025 en beaut\u00e9\u00a0!<\/p>\n<p>2 \u2013 Au mus\u00e9e<\/p>\n<p>Mi-novembre, le restaurant gastronomique <a href=\"https:\/\/www.instagram.com\/planque.restaurant\/\" target=\"_blank\" rel=\"noreferrer noopener\">Planque<\/a> ouvrait ses portes au sein du <a href=\"https:\/\/www.if-saint-etienne.fr\/economie\/commerces-services\/mamc-deux-restaurants-ouvrent-leurs-portes-au-musee\" target=\"_blank\" rel=\"noreferrer noopener\">Mus\u00e9e d\u2019art moderne et contemporain<\/a> de Saint-Etienne. Pour le r\u00e9veillon du nouvel an, le restaurant propose un menu unique \u00e0 89 euros, en dix \u00e9tapes. Dans une ambiance \u00e9pur\u00e9e, avec une attention toute particuli\u00e8re port\u00e9e aux d\u00e9tails, Planque compte une cinquantaine de couverts \u00e0 l\u2019int\u00e9rieur, et dispose d\u2019un jardin d\u2019hiver pour le caf\u00e9 ou l\u2019ap\u00e9ritif\u2026 ou m\u00eame encore le champagne, pour commencer 2026 dans un cadre insolite.<\/p>\n<p>3 \u2013 Au cin\u00e9<\/p>\n<p>Comme chaque ann\u00e9e \u00e0 Saint-Bonnet-le-Ch\u00e2teau, le cin\u00e9ma <a href=\"https:\/\/www.cinetoile-42.fr\/evenement\/reveillon-au-cinema\/\" target=\"_blank\" rel=\"noreferrer noopener\">Cin\u2019\u00e9toile<\/a> vous propose de c\u00e9l\u00e9brer le r\u00e9veillon en sa compagnie, gr\u00e2ce \u00e0 une soir\u00e9e festive autour de quelques gourmandises et d\u2019une coupe de champagne. Cette ann\u00e9e, c\u2019est le film \u00ab La petite cuisine de Mehdi \u00bb qui sera projet\u00e9. L\u2019histoire d\u2019un homme qui cache sa relation \u00e0 sa m\u00e8re, ainsi que sa passion pour la gastronomie, tandis que sa compagne L\u00e9a exige de la rencontrer\u2026<\/p>\n<p>4 \u2013 Sous les \u00e9toiles<\/p>\n<p>Mardi 31 d\u00e9cembre, <a href=\"https:\/\/evasionsforeziennes.com\/\" target=\"_blank\" rel=\"noreferrer noopener\">Evasions For\u00e9ziennes<\/a> vous propose un passage \u00e0 la nouvelle ann\u00e9e unique. Rendez-vous \u00e0 19h au village de Sauvain, pour une balade nocturne dans les bois encadr\u00e9e par une accompagnatrice en montagne. Elle sera suivie d\u2019un repas for\u00e9zien pris en salle, puis de champagne\u2026 sous les \u00e9toiles ! A partir de 70 euros pour un adulte et de 50 euros pour un enfant.<\/p>\n<p>5 \u2013 A l\u2019op\u00e9ra<\/p>\n<p>Et si vous assistiez \u00e0 un concert pour le nouvel an ? D\u00e8s 19 heures, l\u2019Op\u00e9ra de Saint-Etienne organise pour l\u2019occasion l\u2019op\u00e9ra-bouffe en trois actes d\u2019Offenbach, <a href=\"https:\/\/opera.saint-etienne.fr\/otse\/saison-25-26\/spectacles\/\/type-lyrique\/la-perichole\/s-874\/\" target=\"_blank\" rel=\"noreferrer noopener\">La P\u00e9richole<\/a>, l\u2019un des plus grands ouvrages du compositeur. Une mise en sc\u00e8ne de 2h45 avec entracte, pour terminer l\u2019ann\u00e9e avec humour et tout en douceur.<\/p>\n<p><strong>Toute l\u2019\u00e9quipe de If Saint-Etienne vous souhaite une belle et heureuse ann\u00e9e 2026. <\/strong><\/p>\n<p>\t\t\t<script async src=\"\/\/www.instagram.com\/embed.js\"><\/script><\/p>\n","protected":false},"excerpt":{"rendered":"Chaque ann\u00e9e, la question est de retour \u00e0 l\u2019approche des f\u00eates\u00a0: \u00ab\u00a0et vous, vous faites quoi pour le&hellip;\n","protected":false},"author":2,"featured_media":619642,"comment_status":"","ping_status":"","sticky":false,"template":"","format":"standard","meta":{"footnotes":""},"categories":[9653],"tags":[1111,11,2430,1777,674,14012,1011,27,12,39117,72963,25,69048,72964,4001],"class_list":{"0":"post-619641","1":"post","2":"type-post","3":"status-publish","4":"format-standard","5":"has-post-thumbnail","7":"category-saint-etienne","8":"tag-actu","9":"tag-actualites","10":"tag-auvergne-rhone-alpes","11":"tag-eu","12":"tag-europe","13":"tag-festif","14":"tag-fr","15":"tag-france","16":"tag-news","17":"tag-nouvel-an","18":"tag-nouvel-an-loire","19":"tag-republique-francaise","20":"tag-reveillon","21":"tag-reveillon-du-jour-de-lan","22":"tag-saint-etienne"},"share_on_mastodon":{"url":"https:\/\/pubeurope.com\/@fr\/115773805711417825","error":""},"_links":{"self":[{"href":"https:\/\/www.europesays.com\/fr\/wp-json\/wp\/v2\/posts\/619641","targetHints":{"allow":["GET"]}}],"collection":[{"href":"https:\/\/www.europesays.com\/fr\/wp-json\/wp\/v2\/posts"}],"about":[{"href":"https:\/\/www.europesays.com\/fr\/wp-json\/wp\/v2\/types\/post"}],"author":[{"embeddable":true,"href":"https:\/\/www.europesays.com\/fr\/wp-json\/wp\/v2\/users\/2"}],"replies":[{"embeddable":true,"href":"https:\/\/www.europesays.com\/fr\/wp-json\/wp\/v2\/comments?post=619641"}],"version-history":[{"count":0,"href":"https:\/\/www.europesays.com\/fr\/wp-json\/wp\/v2\/posts\/619641\/revisions"}],"wp:featuredmedia":[{"embeddable":true,"href":"https:\/\/www.europesays.com\/fr\/wp-json\/wp\/v2\/media\/619642"}],"wp:attachment":[{"href":"https:\/\/www.europesays.com\/fr\/wp-json\/wp\/v2\/media?parent=619641"}],"wp:term":[{"taxonomy":"category","embeddable":true,"href":"https:\/\/www.europesays.com\/fr\/wp-json\/wp\/v2\/categories?post=619641"},{"taxonomy":"post_tag","embeddable":true,"href":"https:\/\/www.europesays.com\/fr\/wp-json\/wp\/v2\/tags?post=619641"}],"curies":[{"name":"wp","href":"https:\/\/api.w.org\/{rel}","templated":true}]}}