{"id":619649,"date":"2025-12-24T09:26:13","date_gmt":"2025-12-24T09:26:13","guid":{"rendered":"https:\/\/www.europesays.com\/fr\/619649\/"},"modified":"2025-12-24T09:26:13","modified_gmt":"2025-12-24T09:26:13","slug":"rugby-scapulaire-richard-dourthe-ils-ont-maitrise-le-match-mais-face-a-une-equipe-toulonnaise-tres-decevante-incapable-de-produire-quoi-que-ce-soit","status":"publish","type":"post","link":"https:\/\/www.europesays.com\/fr\/619649\/","title":{"rendered":"Rugby Scapulaire &#8211; Richard Dourthe : \u00ab\u00a0Ils ont ma\u00eetris\u00e9 le match, mais face \u00e0 une \u00e9quipe toulonnaise tr\u00e8s d\u00e9cevante, incapable de produire quoi que ce soit\u00a0\u00bb"},"content":{"rendered":"<p>\u00a0<\/p>\n<p data-start=\"100\" data-end=\"458\">Pr\u00e9sent sur le plateau du<br \/>\nCanal Rugby Club,<br \/>\nsur les antennes de Canal+, l\u2019ancien trois-quarts<br \/>\ncentre international <strong data-start=\"223\" data-end=\"242\">Richard Dourthe<\/strong> est revenu avec lucidit\u00e9 et s\u00e9v\u00e9rit\u00e9<br \/>\nsur la large victoire de l\u2019Union Bordeaux-B\u00e8gles face au RC Toulon,<br \/>\nlors d\u2019une rencontre \u00e0 sens unique qui a marqu\u00e9 les esprits par son<br \/>\n\u00e9cart de niveau entre les deux formations. Dans son analyse, le<br \/>\nconsultant a d\u2019abord soulign\u00e9 la ma\u00eetrise collective affich\u00e9e par<br \/>\nles Bordelais, tout en pointant du doigt les nombreuses carences<br \/>\ntoulonnaises, tant dans l\u2019ex\u00e9cution que dans l\u2019attitude :<\/p>\n<blockquote data-start=\"671\" data-end=\"1630\" data-is-last-node=\"\" data-is-only-node=\"\">\n<p data-start=\"673\" data-end=\"1630\" data-is-last-node=\"\">\u201cLe<br \/>\ntravail \u00e9tait fait \u00e0 la mi-temps avec un score de 27-0 et un jeu<br \/>\ntotalement l\u00e9ch\u00e9. Il y a eu une petite d\u00e9contraction ou<br \/>\nd\u00e9compression en d\u00e9but de seconde p\u00e9riode puis ils ont remis<br \/>\nl\u2019acc\u00e9l\u00e9rateur. Ils ont ma\u00eetris\u00e9 le match, mais face \u00e0 une \u00e9quipe<br \/>\ntoulonnaise tr\u00e8s d\u00e9cevante, incapable de produire quoi que ce soit,<br \/>\navec beaucoup d\u2019erreurs d\u2019amateurs, sans d\u00e9nigrer personne : des<br \/>\npasses sur la t\u00eate, des touches pas trouv\u00e9es, ce n\u2019est pas le<br \/>\nToulon que l\u2019on conna\u00eet et je pense que Pierre Mignoni a du pain<br \/>\nsur la planche [\u2026] Ce n\u2019est pas digne d\u2019une \u00e9quipe qui vise le<br \/>\ntitre ou du moins les deux premi\u00e8res places ou la demi-finale. Une<br \/>\nfois \u00e7a peut arriver, Toulouse a pris des d\u00e9convenues, Bordeaux<br \/>\naussi, mais pas r\u00e9guli\u00e8rement. Cette \u00e9quipe a un probl\u00e8me<br \/>\npsychologique ou de management, je ne sais pas. Ils doivent<br \/>\nr\u00e9fl\u00e9chir entre eux. Mais en tout cas, ils ont de tr\u00e8s bons<br \/>\njoueurs, des moyens et sont normalement capables de faire autre<br \/>\nchose\u201d.<\/p>\n<\/blockquote>\n","protected":false},"excerpt":{"rendered":"\u00a0 Pr\u00e9sent sur le plateau du Canal Rugby Club, sur les antennes de Canal+, l\u2019ancien trois-quarts centre international&hellip;\n","protected":false},"author":2,"featured_media":619650,"comment_status":"","ping_status":"","sticky":false,"template":"","format":"standard","meta":{"footnotes":""},"categories":[9619],"tags":[1111,11,1777,674,1011,27,12,882,25,2310],"class_list":{"0":"post-619649","1":"post","2":"type-post","3":"status-publish","4":"format-standard","5":"has-post-thumbnail","7":"category-toulon","8":"tag-actu","9":"tag-actualites","10":"tag-eu","11":"tag-europe","12":"tag-fr","13":"tag-france","14":"tag-news","15":"tag-provence-alpes-cote-dazur","16":"tag-republique-francaise","17":"tag-toulon"},"share_on_mastodon":{"url":"https:\/\/pubeurope.com\/@fr\/115773832318950349","error":""},"_links":{"self":[{"href":"https:\/\/www.europesays.com\/fr\/wp-json\/wp\/v2\/posts\/619649","targetHints":{"allow":["GET"]}}],"collection":[{"href":"https:\/\/www.europesays.com\/fr\/wp-json\/wp\/v2\/posts"}],"about":[{"href":"https:\/\/www.europesays.com\/fr\/wp-json\/wp\/v2\/types\/post"}],"author":[{"embeddable":true,"href":"https:\/\/www.europesays.com\/fr\/wp-json\/wp\/v2\/users\/2"}],"replies":[{"embeddable":true,"href":"https:\/\/www.europesays.com\/fr\/wp-json\/wp\/v2\/comments?post=619649"}],"version-history":[{"count":0,"href":"https:\/\/www.europesays.com\/fr\/wp-json\/wp\/v2\/posts\/619649\/revisions"}],"wp:featuredmedia":[{"embeddable":true,"href":"https:\/\/www.europesays.com\/fr\/wp-json\/wp\/v2\/media\/619650"}],"wp:attachment":[{"href":"https:\/\/www.europesays.com\/fr\/wp-json\/wp\/v2\/media?parent=619649"}],"wp:term":[{"taxonomy":"category","embeddable":true,"href":"https:\/\/www.europesays.com\/fr\/wp-json\/wp\/v2\/categories?post=619649"},{"taxonomy":"post_tag","embeddable":true,"href":"https:\/\/www.europesays.com\/fr\/wp-json\/wp\/v2\/tags?post=619649"}],"curies":[{"name":"wp","href":"https:\/\/api.w.org\/{rel}","templated":true}]}}