{"id":619663,"date":"2025-12-24T09:34:13","date_gmt":"2025-12-24T09:34:13","guid":{"rendered":"https:\/\/www.europesays.com\/fr\/619663\/"},"modified":"2025-12-24T09:34:13","modified_gmt":"2025-12-24T09:34:13","slug":"des-flocons-attendus-en-ille-et-vilaine","status":"publish","type":"post","link":"https:\/\/www.europesays.com\/fr\/619663\/","title":{"rendered":"Des flocons attendus en Ille-et-Vilaine\u00a0"},"content":{"rendered":"<p style=\"text-align: justify;\">Les conditions m\u00e9t\u00e9orologiques hivernales s\u2019installent durablement sur l\u2019Ille-et-Vilaine \u00e0 l\u2019approche de No\u00ebl. Selon M\u00e9t\u00e9o France et les services bretons, une nette baisse des temp\u00e9ratures est observ\u00e9e depuis ce mercredi 24 d\u00e9cembre, accompagn\u00e9e d\u2019un ressenti particuli\u00e8rement froid en raison d\u2019une bise de nord-est bien install\u00e9e.<\/p>\n<p><img fetchpriority=\"high\" decoding=\"async\" class=\"size-medium wp-image-109077\" src=\"data:image\/svg+xml,%3Csvg%20xmlns=\" http:=\"\" alt=\"\" width=\"600\" height=\"394\" data-wp-pid=\"109077\" data-lazy- data-lazy- data-lazy-src=\"https:\/\/www.europesays.com\/fr\/wp-content\/uploads\/2025\/12\/Capture-decran-2025-12-24-a-10.06.34-600x394.jpeg\"\/>Sources : M\u00e9t\u00e9o Bretagne.\u00a0<\/p>\n<p style=\"text-align: justify;\">\u00c0 Rennes, le temps reste froid et sec cet apr\u00e8s-midi avec 2 degr\u00e9s et un ciel peu nuageux. En soir\u00e9e et durant la nuit, le thermom\u00e8tre descend sous z\u00e9ro, avec \u20131 degr\u00e9 pr\u00e9vu et un ressenti proche de \u20136 degr\u00e9s sous l\u2019effet du vent soufflant autour de 20 km\/h. De faibles chutes de neige sont attendues dans la nuit du 24 au 25 d\u00e9cembre. Jeudi matin, les temp\u00e9ratures avoisineront 0 degr\u00e9 sous un ciel tr\u00e8s nuageux.<\/p>\n<p style=\"text-align: justify;\">Cet \u00e9pisode hivernal concerne plus largement l\u2019ensemble du d\u00e9partement. Dans la nuit de mercredi \u00e0 jeudi, des chutes de neige faibles mais \u00e9tendues sont possibles, laissant au r\u00e9veil un l\u00e9ger manteau blanc sur Rennes, Saint-Malo, Redon et de nombreuses communes d\u2019Ille-et-Vilaine. Les cumuls resteront modestes, g\u00e9n\u00e9ralement de 0 \u00e0 1 cm, mais suffisants pour blanchir les sols et compliquer les conditions de circulation.<\/p>\n<p style=\"text-align: justify;\">\u00c0 l\u2019\u00e9chelle de la Bretagne, une succession de ph\u00e9nom\u00e8nes est \u00e0 surveiller. La bise de nord-est se renforce en fin de journ\u00e9e de mercredi, avec des rafales pouvant atteindre 80 \u00e0 90 km\/h sur le littoral de la Manche. Dans les terres, les rafales atteignent fr\u00e9quemment 50 \u00e0 70 km\/h, rendant l\u2019atmosph\u00e8re particuli\u00e8rement glaciale. Le vent commencera \u00e0 faiblir jeudi matin, mais restera sensible toute la journ\u00e9e.<\/p>\n<p style=\"text-align: justify;\">Dans la nuit, l\u2019arriv\u00e9e d\u2019une goutte froide par l\u2019est apporte de l\u2019humidit\u00e9 dans une masse d\u2019air d\u00e9j\u00e0 tr\u00e8s froide. Les pr\u00e9cipitations neigeuses devraient d\u00e9buter vers 4 heures sur l\u2019est de la Loire-Atlantique et de l\u2019Ille-et-Vilaine, avant de s\u2019\u00e9tendre progressivement \u00e0 l\u2019ensemble de la Bretagne en fin de nuit et en matin\u00e9e. Les secteurs c\u00f4tiers les plus expos\u00e9s au vent pourraient rester \u00e0 l\u2019\u00e9cart des chutes de neige.<\/p>\n<p style=\"text-align: justify;\">La principale vigilance concerne l\u2019\u00e9tat des routes. Jeudi matin, avec des temp\u00e9ratures comprises entre 0 et \u20132 degr\u00e9s, le risque de verglas est \u00e9lev\u00e9, notamment sur les axes secondaires et les zones rurales. En p\u00e9riode hivernale, les \u00e9quipes du D\u00e9partement d\u2019Ille-et-Vilaine sont mobilis\u00e9es 24h\/24 et 7j\/7 pour le d\u00e9neigement, le salage et la surveillance du r\u00e9seau routier. Les automobilistes sont invit\u00e9s \u00e0 adapter leur conduite et \u00e0 limiter leurs d\u00e9placements si possible.<\/p>\n<p style=\"text-align: justify;\">Pour suivre l\u2019\u00e9volution de cet \u00e9pisode hivernal, les services de m\u00e9t\u00e9o Bretagne proposent un suivi d\u00e9taill\u00e9 et actualis\u00e9 des conditions sur l\u2019ensemble de la r\u00e9gion. La carte de viabilit\u00e9 hivernale du D\u00e9partement permet \u00e9galement de consulter en temps r\u00e9el l\u2019\u00e9tat des routes et d\u2019anticiper ses d\u00e9placements dans ce contexte de No\u00ebl sous les flocons en Ille-et-Vilaine. <a href=\"https:\/\/www.meteo.bzh\" target=\"_blank\" rel=\"noopener\">Voir le site de m\u00e9t\u00e9o Bretagne.\u00a0<\/a><\/p>\n","protected":false},"excerpt":{"rendered":"Les conditions m\u00e9t\u00e9orologiques hivernales s\u2019installent durablement sur l\u2019Ille-et-Vilaine \u00e0 l\u2019approche de No\u00ebl. Selon M\u00e9t\u00e9o France et les services&hellip;\n","protected":false},"author":2,"featured_media":619664,"comment_status":"","ping_status":"","sticky":false,"template":"","format":"standard","meta":{"footnotes":""},"categories":[2821],"tags":[1111,11,829,1777,674,1011,27,12,584,25],"class_list":{"0":"post-619663","1":"post","2":"type-post","3":"status-publish","4":"format-standard","5":"has-post-thumbnail","7":"category-rennes","8":"tag-actu","9":"tag-actualites","10":"tag-bretagne","11":"tag-eu","12":"tag-europe","13":"tag-fr","14":"tag-france","15":"tag-news","16":"tag-rennes","17":"tag-republique-francaise"},"share_on_mastodon":{"url":"https:\/\/pubeurope.com\/@fr\/115773863764775195","error":""},"_links":{"self":[{"href":"https:\/\/www.europesays.com\/fr\/wp-json\/wp\/v2\/posts\/619663","targetHints":{"allow":["GET"]}}],"collection":[{"href":"https:\/\/www.europesays.com\/fr\/wp-json\/wp\/v2\/posts"}],"about":[{"href":"https:\/\/www.europesays.com\/fr\/wp-json\/wp\/v2\/types\/post"}],"author":[{"embeddable":true,"href":"https:\/\/www.europesays.com\/fr\/wp-json\/wp\/v2\/users\/2"}],"replies":[{"embeddable":true,"href":"https:\/\/www.europesays.com\/fr\/wp-json\/wp\/v2\/comments?post=619663"}],"version-history":[{"count":0,"href":"https:\/\/www.europesays.com\/fr\/wp-json\/wp\/v2\/posts\/619663\/revisions"}],"wp:featuredmedia":[{"embeddable":true,"href":"https:\/\/www.europesays.com\/fr\/wp-json\/wp\/v2\/media\/619664"}],"wp:attachment":[{"href":"https:\/\/www.europesays.com\/fr\/wp-json\/wp\/v2\/media?parent=619663"}],"wp:term":[{"taxonomy":"category","embeddable":true,"href":"https:\/\/www.europesays.com\/fr\/wp-json\/wp\/v2\/categories?post=619663"},{"taxonomy":"post_tag","embeddable":true,"href":"https:\/\/www.europesays.com\/fr\/wp-json\/wp\/v2\/tags?post=619663"}],"curies":[{"name":"wp","href":"https:\/\/api.w.org\/{rel}","templated":true}]}}