{"id":619665,"date":"2025-12-24T09:35:13","date_gmt":"2025-12-24T09:35:13","guid":{"rendered":"https:\/\/www.europesays.com\/fr\/619665\/"},"modified":"2025-12-24T09:35:13","modified_gmt":"2025-12-24T09:35:13","slug":"depuis-rennes-comment-la-justice-a-mis-fin-a-un-trafic-europeen-dampleur","status":"publish","type":"post","link":"https:\/\/www.europesays.com\/fr\/619665\/","title":{"rendered":"depuis Rennes, comment la Justice a mis fin \u00e0 un trafic europ\u00e9en d&rsquo;ampleur"},"content":{"rendered":"<p>                    Par<br \/>\n        <strong><br \/>\n            <a href=\"https:\/\/actu.fr\/auteur\/clemence-pays02-actu-fr\" title=\"Consulter tous les articles de Cl\u00e9mence Pays\" target=\"_blank\" rel=\"noopener\">Cl\u00e9mence Pays<\/a><br \/>\n                    <\/strong><\/p>\n<p>        Publi\u00e9 le<\/p>\n<p>            24 d\u00e9c. 2025 \u00e0 9h56        <\/p>\n<p>Le parquet de la<strong> Juridiction interr\u00e9gionale sp\u00e9cialis\u00e9e de Rennes<\/strong> (Jirs) a mis au jour un <strong>r\u00e9seau criminel europ\u00e9en de trafic de tabac.<\/strong> Plus de 29\u00a0tonnes de cigarettes ont \u00e9t\u00e9 retrouv\u00e9es lors de perquisitions et trois hommes ont \u00e9t\u00e9 plac\u00e9s en d\u00e9tention provisoire. Retour sur l\u2019enqu\u00eate qui a permis de d\u00e9manteler le r\u00e9seau.<\/p>\n<p>Une premi\u00e8re saisie par la douane<\/p>\n<p class=\" wall-content\">Dans un communiqu\u00e9 de presse, <a href=\"https:\/\/actu.fr\/bretagne\/rennes_35238\/rennes-qui-est-frederic-teillet-nouveau-procureur-de-la-republique_61669894.html\" target=\"_blank\" rel=\"noopener\">Fr\u00e9d\u00e9ric Teillet<\/a>, procureur de la R\u00e9publique \u00e0 Rennes, explique que tout remonte \u00e0 <strong>juillet\u00a02024,<\/strong> lorsque la direction des douanes de Loire-Atlantique a saisi <strong>15\u00a0tonnes de cigarettes.<\/strong><\/p>\n<p class=\" wall-content\">Le parquet de Nantes s\u2019\u00e9tait dessaisi au profit du parquet de la Jirs de Rennes.<\/p>\n<p class=\" wall-content\">Cette derni\u00e8re a ouvert une information judiciaire \u00ab\u2009pour <strong>d\u00e9tention en bande organis\u00e9e de tabac,<\/strong> participation \u00e0 une association de malfaiteurs ainsi que pour des faits de <strong>blanchiment<\/strong> en bande organis\u00e9e\u2009\u00bb, \u00e9num\u00e8re le procureur de Rennes.<\/p>\n<p class=\" wall-content\"><strong>Trois hommes, <\/strong>\u00e2g\u00e9s de 36 \u00e0 51 ans, \u00ab\u2009et de nationalit\u00e9 moldave pour deux d\u2019entre eux\u2009\u00bb, ont \u00e9t\u00e9 <strong>mis en examen.<\/strong> \u00ab\u2009Ces derniers n\u2019avaient pas d\u2019ant\u00e9c\u00e9dent judiciaire\u2009\u00bb, pr\u00e9cise Fr\u00e9d\u00e9ric Teillet.<\/p>\n<p>Un r\u00e9seau \u00ab\u2009structur\u00e9\u2009\u00bb et des \u00ab\u2009moyens pouss\u00e9s\u2009\u00bb<\/p>\n<p class=\" wall-content\">Les investigations se sont poursuivies sur commission rogatoire confi\u00e9e \u00e0 <strong>l\u2019Office national anti-fraude<\/strong> (Onaf), \u00ab\u2009aux fins d\u2019identifier le circuit d\u2019approvisionnement du r\u00e9seau et ses commanditaires\u2009\u00bb.<\/p>\n<p class=\" wall-content\">Les enqu\u00eateurs ont r\u00e9ussi \u00e0 identifier \u00ab\u2009un<strong> r\u00e9seau structur\u00e9 autour de membres de la communaut\u00e9 bulgare,<\/strong> toujours tr\u00e8s actifs malgr\u00e9 la saisie de juillet\u00a02024\u2009\u00bb.<\/p>\n<p>Votre r\u00e9gion, votre actu !<\/p>\n<p>Recevez chaque jour les infos qui comptent pour vous.<\/p>\n<p>\t<a href=\"https:\/\/actu.fr\/newsletter\" class=\"ac-btn ac-btn--corner ac-btn--medium ac-btn--blue800\" target=\"_blank\" rel=\"noopener\">S&rsquo;incrire<\/a><\/p>\n<blockquote class=\"ac-article-quote wall-content\">\n<p>Cette organisation frauduleuse de \u00ab haut niveau \u00bb employait des profils d\u2019intervenants et des moyens pouss\u00e9s dans le but de d\u00e9jouer les contr\u00f4les, notamment douaniers, en \u00ab s\u00e9curisant \u00bb les convois.<\/p>\n<p>    <strong>Fr\u00e9d\u00e9ric Teillet<\/strong><br \/>\n        Procureur de la R\u00e9publique au parquet de Rennes    <\/p><\/blockquote>\n<p>Des convois depuis la Bulgarie et l\u2019Italie<\/p>\n<p class=\" wall-content\">\u00ab\u2009Ce r\u00e9seau organisait des <strong>transports de cigarettes, depuis la Bulgarie et l\u2019Italie<\/strong> et empruntait <strong>le territoire fran\u00e7ais par les axes autoroutiers menant en Belgique<\/strong>\u2009\u00bb, poursuit le procureur.<\/p>\n<p class=\" wall-content\">D\u2019apr\u00e8s le magistrat, cette organisation fonctionnait selon \u00ab\u2009un sch\u00e9ma classique\u2009\u00bb, c\u2019est-\u00e0-dire en <strong>convois de poids lourds<\/strong> \u00ab\u2009porteurs\u2009\u00bb et de v\u00e9hicules l\u00e9gers \u00ab\u2009ouvreurs\u2009\u00bb.<\/p>\n<p class=\" wall-content\">Le <strong>d\u00e9chargement avait lieu en Belgique,<\/strong> dans un entrep\u00f4t dit \u00ab\u2009tampon\u2009\u00bb, avant l\u2019acheminement de la marchandise par une flotte de v\u00e9hicules l\u00e9gers vers leurs lieux de destination finale, en France et en Europe.<\/p>\n<p>De grosses saisies<\/p>\n<p class=\" wall-content\">\u00ab\u2009La coop\u00e9ration judiciaire p\u00e9nale internationale a permis, \u00e0 l\u2019automne, l\u2019identification et la localisation d\u2019<strong>un premier entrep\u00f4t en banlieue bruxelloise<\/strong> et la saisie par les partenaires belges de<strong> 450\u00a0kg de cigarettes,<\/strong> de <strong>14,7 tonnes de tabac brut<\/strong> et de plusieurs palettes de produits pr\u00e9curseurs\u2009\u00bb, d\u00e9voile Fr\u00e9d\u00e9ric Teillet.<\/p>\n<p class=\" wall-content\">Apr\u00e8s \u00ab\u2009une pause de l\u2019organisation de plusieurs semaines\u2009\u00bb, le principal responsable de convoyage \u2013 identifi\u00e9 comme<strong> le bras droit de l\u2019organisateur<\/strong> bulgare \u2013 a \u00e9t\u00e9 <strong>localis\u00e9<\/strong> dans la soir\u00e9e du 3\u00a0d\u00e9cembre 2025, dans la ville de Langres (Haute-Marne).<\/p>\n<blockquote class=\"ac-article-quote wall-content\">\n<p>Il semblait manifestement en attente des v\u00e9hicules porteurs dans l\u2019objectif de leur \u00ab ouvrir \u00bb la route vers la Belgique. En parall\u00e8le, des poids lourds susceptibles de transporter les cigarettes furent rep\u00e9r\u00e9s comme approchant du secteur le lendemain.<\/p>\n<p>    <strong>Fr\u00e9d\u00e9ric Teillet<\/strong><br \/>\n        Procureur de la R\u00e9publique au parquet de Rennes    <\/p><\/blockquote>\n<p class=\" wall-content\">Jeudi 4 d\u00e9cembre, en d\u00e9but de soir\u00e9e, les enqu\u00eateurs de l\u2019Onaf ont proc\u00e9d\u00e9 \u00e0 <strong>l\u2019interpellation du responsable des convois et des deux chauffeurs<\/strong> des poids lourds stationn\u00e9s \u00e0 proximit\u00e9.<\/p>\n<p class=\" wall-content\">\u00ab\u2009Les perquisitions des deux ensembles routiers ont abouti \u00e0 la saisie de 33 palettes de cigarettes dans chaque moyen de transport, pour une quantit\u00e9 totale de <strong>29,7 tonnes de cigarettes,<\/strong> pr\u00e9sent\u00e9es sous une marque contrefaite\u2009\u00bb, r\u00e9v\u00e8le le procureur.<\/p>\n<p>Trois hommes en d\u00e9tention provisoire<\/p>\n<p class=\" wall-content\">Ces trois hommes, \u00e2g\u00e9s de 41 \u00e0 57\u00a0ans, \u00ab\u2009sont de nationalit\u00e9 bulgare, pays dans lequel ils r\u00e9sident\u2009\u00bb. Leur <strong>casier judiciaire<\/strong> fran\u00e7ais et europ\u00e9en est <strong>vierge.<\/strong><\/p>\n<p class=\" wall-content\">\u00c0 l\u2019issue de leurs gardes \u00e0 vue, ils ont \u00e9t\u00e9 <strong>mis en examen<\/strong> et plac\u00e9s <strong>en d\u00e9tention provisoire. <\/strong>\u00ab\u2009Les <strong>investigations se poursuivent<\/strong> en France et \u00e0 l\u2019\u00e9tranger aux fins d\u2019identifier et d\u2019interpeller les autres coauteurs\u2009\u00bb, conclut Fr\u00e9d\u00e9ric Teillet.<\/p>\n<p class=\" wall-content\">Personnalisez votre actualit\u00e9 en ajoutant vos villes et m\u00e9dias en favori avec <a href=\"https:\/\/moncompte.actu.fr\" title=\"D\u00e9couvez Mon Actu\" rel=\"nofollow noopener\" data-trk=\"{&quot;cta&quot;:{&quot;action&quot;:&quot;https:\\\/\\\/moncompte.actu.fr&quot;,&quot;category&quot;:&quot;mon compte&quot;,&quot;from&quot;:&quot;article footer&quot;,&quot;name&quot;:&quot;Mon actu&quot;,&quot;type&quot;:&quot;cta&quot;}}\" target=\"_blank\">Mon Actu<\/a>.<\/p>\n","protected":false},"excerpt":{"rendered":"Par Cl\u00e9mence Pays Publi\u00e9 le 24 d\u00e9c. 2025 \u00e0 9h56 Le parquet de la Juridiction interr\u00e9gionale sp\u00e9cialis\u00e9e de&hellip;\n","protected":false},"author":2,"featured_media":619666,"comment_status":"","ping_status":"","sticky":false,"template":"","format":"standard","meta":{"footnotes":""},"categories":[2821],"tags":[1111,11,829,1777,674,118,1011,27,303,12,584,25,6582],"class_list":{"0":"post-619665","1":"post","2":"type-post","3":"status-publish","4":"format-standard","5":"has-post-thumbnail","7":"category-rennes","8":"tag-actu","9":"tag-actualites","10":"tag-bretagne","11":"tag-eu","12":"tag-europe","13":"tag-faits-divers","14":"tag-fr","15":"tag-france","16":"tag-justice","17":"tag-news","18":"tag-rennes","19":"tag-republique-francaise","20":"tag-tabac"},"share_on_mastodon":{"url":"https:\/\/pubeurope.com\/@fr\/115773867750621528","error":""},"_links":{"self":[{"href":"https:\/\/www.europesays.com\/fr\/wp-json\/wp\/v2\/posts\/619665","targetHints":{"allow":["GET"]}}],"collection":[{"href":"https:\/\/www.europesays.com\/fr\/wp-json\/wp\/v2\/posts"}],"about":[{"href":"https:\/\/www.europesays.com\/fr\/wp-json\/wp\/v2\/types\/post"}],"author":[{"embeddable":true,"href":"https:\/\/www.europesays.com\/fr\/wp-json\/wp\/v2\/users\/2"}],"replies":[{"embeddable":true,"href":"https:\/\/www.europesays.com\/fr\/wp-json\/wp\/v2\/comments?post=619665"}],"version-history":[{"count":0,"href":"https:\/\/www.europesays.com\/fr\/wp-json\/wp\/v2\/posts\/619665\/revisions"}],"wp:featuredmedia":[{"embeddable":true,"href":"https:\/\/www.europesays.com\/fr\/wp-json\/wp\/v2\/media\/619666"}],"wp:attachment":[{"href":"https:\/\/www.europesays.com\/fr\/wp-json\/wp\/v2\/media?parent=619665"}],"wp:term":[{"taxonomy":"category","embeddable":true,"href":"https:\/\/www.europesays.com\/fr\/wp-json\/wp\/v2\/categories?post=619665"},{"taxonomy":"post_tag","embeddable":true,"href":"https:\/\/www.europesays.com\/fr\/wp-json\/wp\/v2\/tags?post=619665"}],"curies":[{"name":"wp","href":"https:\/\/api.w.org\/{rel}","templated":true}]}}