{"id":619669,"date":"2025-12-24T09:37:11","date_gmt":"2025-12-24T09:37:11","guid":{"rendered":"https:\/\/www.europesays.com\/fr\/619669\/"},"modified":"2025-12-24T09:37:11","modified_gmt":"2025-12-24T09:37:11","slug":"strasbourg-ils-voulaient-faire-annuler-louverture-des-commerces-ce-dimanche-la-justice-a-tranche","status":"publish","type":"post","link":"https:\/\/www.europesays.com\/fr\/619669\/","title":{"rendered":"Strasbourg. Ils voulaient faire annuler l&rsquo;ouverture des commerces ce dimanche : la justice a tranch\u00e9"},"content":{"rendered":"<p>                    Par<br \/>\n        <strong><br \/>\n            <a href=\"https:\/\/actu.fr\/auteur\/thomas-blanc\" title=\"Consulter tous les articles de Thomas Blanc\" target=\"_blank\" rel=\"noopener\">Thomas Blanc<\/a><br \/>\n                    <\/strong><\/p>\n<p>        Publi\u00e9 le<\/p>\n<p>            24 d\u00e9c. 2025 \u00e0 9h44        <\/p>\n<p>Les visiteurs de la capitale alsacienne ne disparaissent pas en un claquement de doigts une fois <a href=\"https:\/\/actu.fr\/tag\/noel\" target=\"_blank\" rel=\"noopener\">No\u00ebl<\/a> pass\u00e9. C\u2019est pour cette raison que l\u2019association de commer\u00e7ants <strong>Les Vitrines de Strasbourg<\/strong> a fait la demande \u00e0 la pr\u00e9fecture du <a href=\"https:\/\/actu.fr\/grand-est\/bas-rhin_67\" target=\"_blank\" rel=\"noopener\">Bas-Rhin<\/a> de <strong>pouvoir ouvrir<\/strong> les <a href=\"https:\/\/actu.fr\/tag\/commerce\" target=\"_blank\" rel=\"noopener\">commerces<\/a> le dimanche 28\u00a0d\u00e9cembre.<br \/>La demande a suscit\u00e9 la col\u00e8re de plusieurs organisations syndicales qui ont d\u00e9cid\u00e9 de saisir la justice.<\/p>\n<p>Un recours d\u00e9pos\u00e9 aupr\u00e8s du tribunal administratif de Strasbourg<\/p>\n<p class=\" wall-content\">Le 28\u00a0novembre dernier,<strong> la pr\u00e9fecture publie donc un arr\u00eat\u00e9<\/strong> \u00ab\u2009portant ouverture exceptionnelle le dimanche 28\u00a0d\u00e9cembre sur le territoire de la ville de <a href=\"https:\/\/actu.fr\/strasbourg\/\" target=\"_blank\" rel=\"noopener\">Strasbourg<\/a>\u2009\u00bb, faisant ainsi d\u00e9rogation <strong>au principe de repos dominical<\/strong>, cher \u00e0 l\u2019Alsace.<\/p>\n<p class=\" wall-content\">Face \u00e0 cela, quatre organisations syndicales sont mont\u00e9es au cr\u00e9neau. <strong>La CGT<\/strong>,<strong> la CFTC<\/strong>, <strong>la CFDT<\/strong>, et<strong> FO<\/strong> ont d\u00e9pos\u00e9 un recours devant le<strong> tribunal administratif de Strasbourg<\/strong>.<\/p>\n<p>Les commerces pourront ouvrir ce dimanche d\u00e8s 11h<\/p>\n<p class=\" wall-content\">Le mardi 23\u00a0d\u00e9cembre dans l\u2019apr\u00e8s-midi, le tribunal a tranch\u00e9 en la faveur de l\u2019association Les Vitrines de Strasbourg. Les commerces qui le souhaitent <strong>pourront bien ouvrir ce dimanche de 11h \u00e0 19h<\/strong> et cela afin de \u00ab\u2009r\u00e9pondre aux attentes des visiteurs et <a href=\"https:\/\/actu.fr\/tag\/tourisme\" target=\"_blank\" rel=\"noopener\">touristes<\/a>\u2009\u00bb, comme le d\u00e9fend l\u2019arr\u00eat\u00e9 pr\u00e9fectoral.<\/p>\n<p class=\" wall-content\">Les arguments avanc\u00e9s sont, entre autres, que les <a href=\"https:\/\/actu.fr\/grand-est\/strasbourg_67482\/video-noel-a-strasbourg-les-illuminations-des-rues-et-des-commerces-officiellement-lancees_63470985.html\" target=\"_blank\" rel=\"noopener\">illuminations des rues et commerces de Strasbourg<\/a> <strong>seront toujours en vigueur ce 28\u00a0d\u00e9cembre<\/strong> et que <strong>des march\u00e9s de No\u00ebl seront ouverts dans la r\u00e9gion,<\/strong> comme celui d\u2019Obernai.<\/p>\n<p class=\" wall-content\">Pour les Vitrines, ce dimanche \u00ab\u2009repr\u00e9sente <strong>un enjeu majeur pour l\u2019activit\u00e9 commerciale locale<\/strong>, dans un contexte \u00e9conomique exigeant et \u00e0 une p\u00e9riode cl\u00e9 de l\u2019ann\u00e9e\u2009\u00bb.<\/p>\n<p class=\" wall-content\">Personnalisez votre actualit\u00e9 en ajoutant vos villes et m\u00e9dias en favori avec <a href=\"https:\/\/moncompte.actu.fr\" title=\"D\u00e9couvez Mon Actu\" rel=\"nofollow noopener\" data-trk=\"{&quot;cta&quot;:{&quot;action&quot;:&quot;https:\\\/\\\/moncompte.actu.fr&quot;,&quot;category&quot;:&quot;mon compte&quot;,&quot;from&quot;:&quot;article footer&quot;,&quot;name&quot;:&quot;Mon actu&quot;,&quot;type&quot;:&quot;cta&quot;}}\" target=\"_blank\">Mon Actu<\/a>.<\/p>\n","protected":false},"excerpt":{"rendered":"Par Thomas Blanc Publi\u00e9 le 24 d\u00e9c. 2025 \u00e0 9h44 Les visiteurs de la capitale alsacienne ne disparaissent&hellip;\n","protected":false},"author":2,"featured_media":619670,"comment_status":"","ping_status":"","sticky":false,"template":"","format":"standard","meta":{"footnotes":""},"categories":[2820],"tags":[1111,11,215,1777,674,1011,27,775,12,15830,25,104,640,602],"class_list":{"0":"post-619669","1":"post","2":"type-post","3":"status-publish","4":"format-standard","5":"has-post-thumbnail","7":"category-strasbourg","8":"tag-actu","9":"tag-actualites","10":"tag-commerce","11":"tag-eu","12":"tag-europe","13":"tag-fr","14":"tag-france","15":"tag-grand-est","16":"tag-news","17":"tag-noel","18":"tag-republique-francaise","19":"tag-societe","20":"tag-strasbourg","21":"tag-tourisme"},"share_on_mastodon":{"url":"https:\/\/pubeurope.com\/@fr\/115773875351473882","error":""},"_links":{"self":[{"href":"https:\/\/www.europesays.com\/fr\/wp-json\/wp\/v2\/posts\/619669","targetHints":{"allow":["GET"]}}],"collection":[{"href":"https:\/\/www.europesays.com\/fr\/wp-json\/wp\/v2\/posts"}],"about":[{"href":"https:\/\/www.europesays.com\/fr\/wp-json\/wp\/v2\/types\/post"}],"author":[{"embeddable":true,"href":"https:\/\/www.europesays.com\/fr\/wp-json\/wp\/v2\/users\/2"}],"replies":[{"embeddable":true,"href":"https:\/\/www.europesays.com\/fr\/wp-json\/wp\/v2\/comments?post=619669"}],"version-history":[{"count":0,"href":"https:\/\/www.europesays.com\/fr\/wp-json\/wp\/v2\/posts\/619669\/revisions"}],"wp:featuredmedia":[{"embeddable":true,"href":"https:\/\/www.europesays.com\/fr\/wp-json\/wp\/v2\/media\/619670"}],"wp:attachment":[{"href":"https:\/\/www.europesays.com\/fr\/wp-json\/wp\/v2\/media?parent=619669"}],"wp:term":[{"taxonomy":"category","embeddable":true,"href":"https:\/\/www.europesays.com\/fr\/wp-json\/wp\/v2\/categories?post=619669"},{"taxonomy":"post_tag","embeddable":true,"href":"https:\/\/www.europesays.com\/fr\/wp-json\/wp\/v2\/tags?post=619669"}],"curies":[{"name":"wp","href":"https:\/\/api.w.org\/{rel}","templated":true}]}}