{"id":619671,"date":"2025-12-24T09:39:12","date_gmt":"2025-12-24T09:39:12","guid":{"rendered":"https:\/\/www.europesays.com\/fr\/619671\/"},"modified":"2025-12-24T09:39:12","modified_gmt":"2025-12-24T09:39:12","slug":"la-neige-va-tomber-pour-noel-pres-de-nice-voici-les-communes-concernees","status":"publish","type":"post","link":"https:\/\/www.europesays.com\/fr\/619671\/","title":{"rendered":"La neige va tomber pour No\u00ebl pr\u00e8s de Nice : voici les communes concern\u00e9es"},"content":{"rendered":"<p>                    Par<br \/>\n        <strong><br \/>\n            <a href=\"https:\/\/actu.fr\/auteur\/ugo-maillard\" title=\"Consulter tous les articles de Ugo Maillard\" target=\"_blank\" rel=\"noopener\">Ugo Maillard<\/a><br \/>\n                    <\/strong><\/p>\n<p>        Publi\u00e9 le<\/p>\n<p>            24 d\u00e9c. 2025 \u00e0 10h23        <\/p>\n<p>Peut-\u00eatre le plus joli des cadeaux. Pour la journ\u00e9e du jeudi 25\u00a0d\u00e9cembre 2025, les donn\u00e9es m\u00e9t\u00e9orologiques indiquent que des <strong>chutes de neige<\/strong> vont toucher plusieurs secteurs des <a href=\"https:\/\/actu.fr\/provence-alpes-cote-d-azur\/alpes-maritimes_06\" target=\"_blank\" rel=\"noopener\">Alpes-Maritimes<\/a>.<\/p>\n<p class=\" wall-content\">Si l\u2019apparition de flocons n\u2019a rien d\u2019extraordinaire en cette p\u00e9riode de l\u2019ann\u00e9e, elle est tout de m\u00eame annonc\u00e9e <strong>en dessous de 1\u2009000\u00a0m\u00e8tres d\u2019altitude<\/strong>.<\/p>\n<p class=\" wall-content\">\u00c0 noter que pour les journ\u00e9es du mercredi\u00a024 et jeudi 25\u00a0d\u00e9cembre, M\u00e9t\u00e9o France a plac\u00e9 le d\u00e9partement des Alpes-Maritimes en vigilance jaune pour un risque d\u2019avalanche.<\/p>\n<p>Trois secteurs concern\u00e9s<\/p>\n<p class=\" wall-content\">Alors que la journ\u00e9e sera partag\u00e9e entre de belles \u00e9claircies et quelques averses sur le littoral azur\u00e9en comme \u00e0 <a href=\"https:\/\/actu.fr\/nice\/\" target=\"_blank\" rel=\"noopener\">Nice<\/a>, des flocons sont annonc\u00e9s \u00e0 l\u2019est, \u00e0 l\u2019ouest et au nord des Alpes-Maritimes.<\/p>\n<p class=\" wall-content\">Selon le service officiel de la m\u00e9t\u00e9orologie et de la climatologie en France, les premi\u00e8res chutes de neige vont toucher les secteurs de <strong>Tende<\/strong> et de <strong>Saint-\u00c9tienne-de-Tin\u00e9e<\/strong>, dans la nuit du mercredi\u00a024 au jeudi 25\u00a0d\u00e9cembre. Les quantit\u00e9s pourraient \u00eatre importantes.<\/p>\n<p>    <a href=\"https:\/\/www.google.com\/maps\/embed?pb=!1m18!1m12!1m3!1d474905.3283968201!2d7.773702066683587!3d44.187420183411625!2m3!1f0!2f0!3f0!3m2!1i1024!2i768!4f13.1!3m3!1m2!1s0x12cd9c413ae99b5b%3A0x40819a5fd9795c0!2s06430%20Tende!5e0!3m2!1sfr!2sfr!4v1766565931981!5m2!1sfr!2sfr\" title=\"Ouvrie le lien\" target=\"_blank\" rel=\"noopener\">Cliquez ici pour visualiser le contenu<\/a><\/p>\n<p class=\" wall-content\">En ce qui concerne la journ\u00e9e du jeudi 25\u00a0d\u00e9cembre, les chutes de neige sont attendues sur les deux m\u00eames secteurs d\u00e8s les premi\u00e8res heures de la journ\u00e9e.<\/p>\n<p>Votre r\u00e9gion, votre actu !<\/p>\n<p>Recevez chaque jour les infos qui comptent pour vous.<\/p>\n<p>\t<a href=\"https:\/\/actu.fr\/newsletter\" class=\"ac-btn ac-btn--corner ac-btn--medium ac-btn--blue800\" target=\"_blank\" rel=\"noopener\">S&rsquo;incrire<\/a><\/p>\n<p class=\" wall-content\">En d\u00e9but de soir\u00e9e, les flocons devraient toucher l\u2019ouest du d\u00e9partement et en particulier, les secteurs aux alentours de<strong> Saint-Auban<\/strong>.<\/p>\n<p>De la neige sur les stations<\/p>\n<p>Sans surprise, les chutes de neige vont \u00e9galement toucher les stations de ski des Alpes-Maritimes. D&rsquo;Auron, \u00e0 Isola en passant par Valberg d&rsquo;importantes quantit\u00e9s sont attendues entre les journ\u00e9es de mecredi et jeudi.<\/p>\n<p>Une temp\u00e9rature agr\u00e9able sur la C\u00f4te d\u2019Azur<\/p>\n<p class=\" wall-content\">En ce qui concerne les communes de littoral, la m\u00e9t\u00e9o devrait \u00eatre relativement agr\u00e9able avec des temp\u00e9ratures <strong>comprises entre 13 et 15\u00b0C<\/strong>.<\/p>\n<p class=\" wall-content\">Un \u00e9cart de 10\u00b0C sera not\u00e9 avec les secteurs enneig\u00e9s.<\/p>\n<p class=\" wall-content\">Personnalisez votre actualit\u00e9 en ajoutant vos villes et m\u00e9dias en favori avec <a href=\"https:\/\/moncompte.actu.fr\" title=\"D\u00e9couvez Mon Actu\" rel=\"nofollow noopener\" data-trk=\"{&quot;cta&quot;:{&quot;action&quot;:&quot;https:\\\/\\\/moncompte.actu.fr&quot;,&quot;category&quot;:&quot;mon compte&quot;,&quot;from&quot;:&quot;article footer&quot;,&quot;name&quot;:&quot;Mon actu&quot;,&quot;type&quot;:&quot;cta&quot;}}\" target=\"_blank\">Mon Actu<\/a>.<\/p>\n","protected":false},"excerpt":{"rendered":"Par Ugo Maillard Publi\u00e9 le 24 d\u00e9c. 2025 \u00e0 10h23 Peut-\u00eatre le plus joli des cadeaux. Pour la&hellip;\n","protected":false},"author":2,"featured_media":619672,"comment_status":"","ping_status":"","sticky":false,"template":"","format":"standard","meta":{"footnotes":""},"categories":[2819],"tags":[1111,11,1777,674,1011,27,2487,2357,10584,12,2401,882,25],"class_list":{"0":"post-619671","1":"post","2":"type-post","3":"status-publish","4":"format-standard","5":"has-post-thumbnail","7":"category-nice","8":"tag-actu","9":"tag-actualites","10":"tag-eu","11":"tag-europe","12":"tag-fr","13":"tag-france","14":"tag-meteo","15":"tag-meteo-france","16":"tag-neige","17":"tag-news","18":"tag-nice","19":"tag-provence-alpes-cote-dazur","20":"tag-republique-francaise"},"share_on_mastodon":{"url":"https:\/\/pubeurope.com\/@fr\/115773883350152397","error":""},"_links":{"self":[{"href":"https:\/\/www.europesays.com\/fr\/wp-json\/wp\/v2\/posts\/619671","targetHints":{"allow":["GET"]}}],"collection":[{"href":"https:\/\/www.europesays.com\/fr\/wp-json\/wp\/v2\/posts"}],"about":[{"href":"https:\/\/www.europesays.com\/fr\/wp-json\/wp\/v2\/types\/post"}],"author":[{"embeddable":true,"href":"https:\/\/www.europesays.com\/fr\/wp-json\/wp\/v2\/users\/2"}],"replies":[{"embeddable":true,"href":"https:\/\/www.europesays.com\/fr\/wp-json\/wp\/v2\/comments?post=619671"}],"version-history":[{"count":0,"href":"https:\/\/www.europesays.com\/fr\/wp-json\/wp\/v2\/posts\/619671\/revisions"}],"wp:featuredmedia":[{"embeddable":true,"href":"https:\/\/www.europesays.com\/fr\/wp-json\/wp\/v2\/media\/619672"}],"wp:attachment":[{"href":"https:\/\/www.europesays.com\/fr\/wp-json\/wp\/v2\/media?parent=619671"}],"wp:term":[{"taxonomy":"category","embeddable":true,"href":"https:\/\/www.europesays.com\/fr\/wp-json\/wp\/v2\/categories?post=619671"},{"taxonomy":"post_tag","embeddable":true,"href":"https:\/\/www.europesays.com\/fr\/wp-json\/wp\/v2\/tags?post=619671"}],"curies":[{"name":"wp","href":"https:\/\/api.w.org\/{rel}","templated":true}]}}