{"id":619675,"date":"2025-12-24T09:41:18","date_gmt":"2025-12-24T09:41:18","guid":{"rendered":"https:\/\/www.europesays.com\/fr\/619675\/"},"modified":"2025-12-24T09:41:18","modified_gmt":"2025-12-24T09:41:18","slug":"voici-quelles-boulangeries-seront-ouvertes-pour-les-fetes","status":"publish","type":"post","link":"https:\/\/www.europesays.com\/fr\/619675\/","title":{"rendered":"voici quelles boulangeries seront ouvertes pour les f\u00eates"},"content":{"rendered":"<p>                    Par<br \/>\n        <strong><br \/>\n            <a href=\"https:\/\/actu.fr\/auteur\/laure-gentil\" title=\"Consulter tous les articles de Laure Gentil\" target=\"_blank\" rel=\"noopener\">Laure Gentil<\/a><br \/>\n                    <\/strong><\/p>\n<p>        Publi\u00e9 le<\/p>\n<p>            24 d\u00e9c. 2025 \u00e0 10h22        <\/p>\n<p>Nous sommes d\u00e9j\u00e0 presque le <b>25\u00a0d\u00e9cembre 2025<\/b>. Il vous manque du pain pour le petit-d\u00e9jeuner ou pour le repas de No\u00ebl\u2009? Rassurez-vous, certains boulangers de Nantes continuent de travailler malgr\u00e9 les f\u00eates et seront l\u00e0 pour vendre des baguettes.<\/p>\n<p class=\" wall-content\"><a href=\"https:\/\/actu.fr\/nantes\/\" target=\"_blank\" rel=\"noopener\">actu Nantes<\/a> a recens\u00e9 les boulangeries qui ont d\u00e9cid\u00e9 de rester ouvertes en cette journ\u00e9e de No\u00ebl. Il s\u2019agit d\u2019une <b>liste non exhaustive.<\/b><\/p>\n<p>Les boulangeries ouvertes le 25\u00a0d\u00e9cembre<\/p>\n<ul class=\" wall-content\">\n<li><a href=\"https:\/\/actu.fr\/pays-de-la-loire\/nantes_44109\/quatre-copains-sont-a-la-tete-de-la-nouvelle-boulangerie-de-l-ile-de-nantes_62596208.html\" target=\"_blank\" rel=\"noopener\"><b>Copains et Levain <\/b><\/a>sera ouverte de 8\u2009h \u00e0 13\u2009h\u2009: 13 rue des Marchandises (02\u200928\u200908\u200978\u200987).<\/li>\n<li>L\u2019<b>autre Boulangerie-Cassini<\/b> sera ouverte de 7\u2009h\u200930 \u00e0 13\u2009h\u2009: 4 rue Cassini (02\u200928\u200901\u200945\u200933).<\/li>\n<li><b>Barnab\u00e9-Mairie de Chantenay <\/b>sera ouverte de 7\u2009h \u00e0 19\u2009h\u200930\u2009: 148 boulevard de la Libert\u00e9 (02\u200985\u200952\u200911\u200942).<\/li>\n<li><a href=\"https:\/\/actu.fr\/pays-de-la-loire\/nantes_44109\/ils-fabriquent-le-meilleur-flan-de-loire-atlantique-comment-efe-et-julide-revisitent-la-patisserie_46502070.html\" target=\"_blank\" rel=\"noopener\">Run P\u00e2tisserie<\/a>, boutique de Saint-Jacques (66 rue Saint-Jacques) et boutique du centre-ville (4 all\u00e9e Duquesne Nantes), ouvert de 9 h \u00e0 13 h.\u00a0<\/li>\n<\/ul>\n<p class=\" wall-content\">Personnalisez votre actualit\u00e9 en ajoutant vos villes et m\u00e9dias en favori avec <a href=\"https:\/\/moncompte.actu.fr\" title=\"D\u00e9couvez Mon Actu\" rel=\"nofollow noopener\" data-trk=\"{&quot;cta&quot;:{&quot;action&quot;:&quot;https:\\\/\\\/moncompte.actu.fr&quot;,&quot;category&quot;:&quot;mon compte&quot;,&quot;from&quot;:&quot;article footer&quot;,&quot;name&quot;:&quot;Mon actu&quot;,&quot;type&quot;:&quot;cta&quot;}}\" target=\"_blank\">Mon Actu<\/a>.<\/p>\n","protected":false},"excerpt":{"rendered":"Par Laure Gentil Publi\u00e9 le 24 d\u00e9c. 2025 \u00e0 10h22 Nous sommes d\u00e9j\u00e0 presque le 25\u00a0d\u00e9cembre 2025. Il&hellip;\n","protected":false},"author":2,"featured_media":619676,"comment_status":"","ping_status":"","sticky":false,"template":"","format":"standard","meta":{"footnotes":""},"categories":[2818],"tags":[1111,11,215,1777,674,1011,27,766,12,15830,2636,25,104],"class_list":{"0":"post-619675","1":"post","2":"type-post","3":"status-publish","4":"format-standard","5":"has-post-thumbnail","7":"category-nantes","8":"tag-actu","9":"tag-actualites","10":"tag-commerce","11":"tag-eu","12":"tag-europe","13":"tag-fr","14":"tag-france","15":"tag-nantes","16":"tag-news","17":"tag-noel","18":"tag-pays-de-la-loire","19":"tag-republique-francaise","20":"tag-societe"},"share_on_mastodon":{"url":"https:\/\/pubeurope.com\/@fr\/115773891183406602","error":""},"_links":{"self":[{"href":"https:\/\/www.europesays.com\/fr\/wp-json\/wp\/v2\/posts\/619675","targetHints":{"allow":["GET"]}}],"collection":[{"href":"https:\/\/www.europesays.com\/fr\/wp-json\/wp\/v2\/posts"}],"about":[{"href":"https:\/\/www.europesays.com\/fr\/wp-json\/wp\/v2\/types\/post"}],"author":[{"embeddable":true,"href":"https:\/\/www.europesays.com\/fr\/wp-json\/wp\/v2\/users\/2"}],"replies":[{"embeddable":true,"href":"https:\/\/www.europesays.com\/fr\/wp-json\/wp\/v2\/comments?post=619675"}],"version-history":[{"count":0,"href":"https:\/\/www.europesays.com\/fr\/wp-json\/wp\/v2\/posts\/619675\/revisions"}],"wp:featuredmedia":[{"embeddable":true,"href":"https:\/\/www.europesays.com\/fr\/wp-json\/wp\/v2\/media\/619676"}],"wp:attachment":[{"href":"https:\/\/www.europesays.com\/fr\/wp-json\/wp\/v2\/media?parent=619675"}],"wp:term":[{"taxonomy":"category","embeddable":true,"href":"https:\/\/www.europesays.com\/fr\/wp-json\/wp\/v2\/categories?post=619675"},{"taxonomy":"post_tag","embeddable":true,"href":"https:\/\/www.europesays.com\/fr\/wp-json\/wp\/v2\/tags?post=619675"}],"curies":[{"name":"wp","href":"https:\/\/api.w.org\/{rel}","templated":true}]}}