{"id":619677,"date":"2025-12-24T09:42:11","date_gmt":"2025-12-24T09:42:11","guid":{"rendered":"https:\/\/www.europesays.com\/fr\/619677\/"},"modified":"2025-12-24T09:42:11","modified_gmt":"2025-12-24T09:42:11","slug":"les-animations-de-noel-ont-seduit-petits-et-grands","status":"publish","type":"post","link":"https:\/\/www.europesays.com\/fr\/619677\/","title":{"rendered":"les animations de No\u00ebl ont s\u00e9duit petits et grands"},"content":{"rendered":"<p>Lundi 22\u00a0d\u00e9cembre, c\u2019est dans le Pavillon du Pin galant que les M\u00e9rignacais se sont retrouv\u00e9s pour le merveilleux spectacle familial \u00ab\u00a0Les Lutins farceurs\u00a0\u00bb pr\u00e9sent\u00e9 par la compagnie Spirit Spectacles. Les deux s\u00e9ances \u00e9taient compl\u00e8tes, les parents et les enfants, ravis, \u00e9taient debout dans la salle. Sans oublier les d\u00e9gustations gratuites de beignets, cr\u00eapes, b\u00fbche de No\u00ebl et vin chaud.<\/p>\n","protected":false},"excerpt":{"rendered":"Lundi 22\u00a0d\u00e9cembre, c\u2019est dans le Pavillon du Pin galant que les M\u00e9rignacais se sont retrouv\u00e9s pour le merveilleux&hellip;\n","protected":false},"author":2,"featured_media":619678,"comment_status":"","ping_status":"","sticky":false,"template":"","format":"standard","meta":{"footnotes":""},"categories":[2817],"tags":[1111,11,1997,1777,674,1011,27,12,2219,25],"class_list":{"0":"post-619677","1":"post","2":"type-post","3":"status-publish","4":"format-standard","5":"has-post-thumbnail","7":"category-bordeaux","8":"tag-actu","9":"tag-actualites","10":"tag-bordeaux","11":"tag-eu","12":"tag-europe","13":"tag-fr","14":"tag-france","15":"tag-news","16":"tag-nouvelle-aquitaine","17":"tag-republique-francaise"},"share_on_mastodon":{"url":"https:\/\/pubeurope.com\/@fr\/115773895411195970","error":""},"_links":{"self":[{"href":"https:\/\/www.europesays.com\/fr\/wp-json\/wp\/v2\/posts\/619677","targetHints":{"allow":["GET"]}}],"collection":[{"href":"https:\/\/www.europesays.com\/fr\/wp-json\/wp\/v2\/posts"}],"about":[{"href":"https:\/\/www.europesays.com\/fr\/wp-json\/wp\/v2\/types\/post"}],"author":[{"embeddable":true,"href":"https:\/\/www.europesays.com\/fr\/wp-json\/wp\/v2\/users\/2"}],"replies":[{"embeddable":true,"href":"https:\/\/www.europesays.com\/fr\/wp-json\/wp\/v2\/comments?post=619677"}],"version-history":[{"count":0,"href":"https:\/\/www.europesays.com\/fr\/wp-json\/wp\/v2\/posts\/619677\/revisions"}],"wp:featuredmedia":[{"embeddable":true,"href":"https:\/\/www.europesays.com\/fr\/wp-json\/wp\/v2\/media\/619678"}],"wp:attachment":[{"href":"https:\/\/www.europesays.com\/fr\/wp-json\/wp\/v2\/media?parent=619677"}],"wp:term":[{"taxonomy":"category","embeddable":true,"href":"https:\/\/www.europesays.com\/fr\/wp-json\/wp\/v2\/categories?post=619677"},{"taxonomy":"post_tag","embeddable":true,"href":"https:\/\/www.europesays.com\/fr\/wp-json\/wp\/v2\/tags?post=619677"}],"curies":[{"name":"wp","href":"https:\/\/api.w.org\/{rel}","templated":true}]}}