{"id":619684,"date":"2025-12-24T09:46:22","date_gmt":"2025-12-24T09:46:22","guid":{"rendered":"https:\/\/www.europesays.com\/fr\/619684\/"},"modified":"2025-12-24T09:46:22","modified_gmt":"2025-12-24T09:46:22","slug":"7-idees-sorties-sympa-pour-ce-week-end-26-au-28-decembre","status":"publish","type":"post","link":"https:\/\/www.europesays.com\/fr\/619684\/","title":{"rendered":"7 id\u00e9es sorties sympa pour ce week-end (26 au 28 d\u00e9cembre)"},"content":{"rendered":"<p class=\"intro\">Entre les derniers \u00e9chos de No\u00ebl et l&rsquo;approche du Nouvel An, ce week-end du 26 au 28 d\u00e9cembre \u00e0 Lille s&rsquo;annonce riche en d\u00e9couvertes\u00a0! De la magie du march\u00e9 de No\u00ebl aux spectacles \u00e9blouissants, en passant par des concerts intimistes aux chandelles et des moments de rire, la m\u00e9tropole lilloise ne manque pas d&rsquo;id\u00e9es pour occuper ces journ\u00e9es hivernales. Que vous soyez plut\u00f4t culture, d\u00e9tente ou divertissement en famille, cette s\u00e9lection saura r\u00e9veiller votre \u00e2me de curieux et transformer votre week-end en parenth\u00e8se enchant\u00e9e\u00a0!<\/p>\n<p class=\"mise_en_avant\"><strong>Pr\u00e9visions m\u00e9t\u00e9o ce week-end\u00a0:<\/strong> Un temps plut\u00f4t cl\u00e9ment vous attend avec des temp\u00e9ratures comprises entre 2\u00b0C et 5\u00b0C sous un ciel d\u00e9gag\u00e9 \u00e0 partiellement nuageux &#8211; parfait pour alterner sorties ext\u00e9rieures et spectacles en salle\u00a0!<\/p>\n<p>1\/ March\u00e9 de No\u00ebl \u00e0 Lille [Coup de \u2764\ufe0f JDS]\u00a0: les derniers moments magiques<\/p>\n<p>Le <a href=\"https:\/\/www.jds.fr\/lille\/manifestations\/marche-de-noel\/marche-de-noel-de-lille-180131_A\" target=\"_blank\" rel=\"noopener\">March\u00e9 de No\u00ebl \u00e0 Lille<\/a> place Rihour tire sa r\u00e9v\u00e9rence dans quelques jours seulement\u00a0! Avec ses 90 chalets, sa mythique Grande Roue et son ambiance festive, c&rsquo;est l&rsquo;occasion parfaite de savourer ces derniers instants de magie hivernale avant la fermeture du 30 d\u00e9cembre. Une s\u00e9lection \u00e9vidente pour cl\u00f4turer les festivit\u00e9s de fin d&rsquo;ann\u00e9e en beaut\u00e9.<\/p>\n<p><strong>Notre conseil\u00a0:<\/strong> Profitez des horaires \u00e9tendus du vendredi et samedi (jusqu&rsquo;\u00e0 22h) pour une ambiance plus intimiste et moins de foule autour des stands de vin chaud\u00a0!<\/p>\n<p>Place Rihour | Lille<br \/>Jusqu&rsquo;au 30\/12\/2025<\/p>\n<p class=\"mise_en_avant\"><a href=\"https:\/\/www.jds.fr\/lille\/manifestations\/marche-de-noel\/marche-de-noel-de-lille-180131_A\" target=\"_blank\" rel=\"noopener\">[Coup de \u2764\ufe0f JDS] March\u00e9 de No\u00ebl \u00e0 Lille\u00a0: toutes les informations<\/a><\/p>\n<p><a data-lightbox=\"article\" data-title=\"March\u00e9 de No\u00ebl de Lille DR\" class=\"image detail fullwidth\" href=\"https:\/\/www.jds.fr\/medias\/image\/marche-de-noel-a-lille-465875-1200-0-F.webp\" title=\"March\u00e9 de No\u00ebl de Lille DR\" target=\"_blank\" rel=\"noopener\"><br \/>\n<img decoding=\"async\" loading=\"lazy\" src=\"https:\/\/www.europesays.com\/fr\/wp-content\/uploads\/2025\/10\/marche-de-noel-a-lille-465875-1200-0.webp.webp\"   alt=\"March\u00e9 de No\u00ebl de Lille\" class=\"shortcode_image border\"\/><br \/>\n\u00a9 DR<br \/>\nMarch\u00e9 de No\u00ebl de Lille<br \/>\n<\/a>\n<\/p>\n<p>2\/ Candlelight\u00a0: Le meilleur du M\u00e9tal\u00a0: quand les guitares rencontrent les violons<\/p>\n<p>Le <a href=\"https:\/\/www.jds.fr\/lille\/concerts\/candlelight-le-meilleur-du-metal-1136649_A\" target=\"_blank\" rel=\"noopener\">concert Candlelight Le meilleur du M\u00e9tal \u00e0 Lille<\/a> transforme l&rsquo;H\u00f4tel Carlton en temple de la musique classique revisit\u00e9e. Metallica, AC\/DC, Iron Maiden et Black Sabbath r\u00e9sonnent sous les vo\u00fbtes dans une version quatuor \u00e0 cordes absolument saisissante. Une exp\u00e9rience unique qui r\u00e9concilie enfin votre belle-m\u00e8re m\u00e9lomane avec votre passion pour le headbanging\u00a0!<\/p>\n<p><strong>Notre conseil\u00a0:<\/strong> Arrivez 30 minutes avant le d\u00e9but pour profiter pleinement de l&rsquo;ambiance intimiste aux chandelles et choisir les meilleures places selon votre cat\u00e9gorie.<\/p>\n<p>H\u00f4tel Carlton Lille | Lille<br \/>Du 26\/12\/2025 au 03\/04\/2026<\/p>\n<p class=\"mise_en_avant\"><a href=\"https:\/\/www.jds.fr\/lille\/concerts\/candlelight-le-meilleur-du-metal-1136649_A\" target=\"_blank\" rel=\"noopener\">Candlelight\u00a0: Le meilleur du M\u00e9tal\u00a0: toutes les informations<\/a><\/p>\n<p><a class=\"btn btn-lg shadow-lg btn-primary rounded-pill fnac_link\" data-fnac=\"in_article\" href=\"https:\/\/pdt.tradedoubler.com\/click?a(3419081)p(354825)product(103801-147143)ttid(3)url(https%3A%2F%2Ffeverup.com%2Fm%2F147143)\" target=\"_blank\" rel=\"nofollow noopener\"> Acheter des billets<\/a><\/p>\n<p><a data-lightbox=\"article\" data-title=\" DR\" class=\"image detail fullwidth\" href=\"https:\/\/www.jds.fr\/medias\/image\/candlelight-le-meilleur-du-metal-699877-1200-0-F.webp\" title=\" DR\" target=\"_blank\" rel=\"noopener\"><br \/>\n<img decoding=\"async\" loading=\"lazy\" src=\"https:\/\/www.europesays.com\/fr\/wp-content\/uploads\/2025\/12\/candlelight-le-meilleur-du-metal-699877-1200-0.webp.webp\"   alt=\"Candlelight : Le meilleur du M\u00e9tal\" class=\"shortcode_image border\"\/><br \/>\n\u00a9 DR<br \/>\n<\/a>\n<\/p>\n<p>3\/ Carmina Burana &#8211; Ballet, Choeurs et Orchestre\u00a0: le grand spectacle qui fait vibrer<\/p>\n<p><a href=\"https:\/\/www.jds.fr\/lille\/spectacles\/danse\/carmina-burana-ballet-choeurs-et-orchestre-377285_A\" target=\"_blank\" rel=\"noopener\">Carmina Burana \u00e0 Lille<\/a> au Z\u00e9nith promet une soir\u00e9e grandiose avec pr\u00e8s de 100 artistes sur sc\u00e8ne. Cette \u0153uvre magistrale de Carl Orff, port\u00e9e par des ch\u0153urs puissants et une chor\u00e9graphie sensuelle, raconte la roue du destin avec une intensit\u00e9 \u00e9motionnelle rare. Un choix parfait pour ceux qui aiment quand \u00e7a sonne fort et que \u00e7a remue l&rsquo;\u00e2me\u00a0!<\/p>\n<p><strong>Notre conseil\u00a0:<\/strong> Optez pour une place en gradins pour avoir une vue d&rsquo;ensemble sur cette production spectaculaire qui mise autant sur le visuel que sur l&rsquo;acoustique.<\/p>\n<p>Z\u00e9nith de Lille | Lille<br \/>Du 27\/12\/2025 au 08\/02\/2026<\/p>\n<p class=\"mise_en_avant\"><a href=\"https:\/\/www.jds.fr\/lille\/spectacles\/danse\/carmina-burana-ballet-choeurs-et-orchestre-377285_A\" target=\"_blank\" rel=\"noopener\">Carmina Burana &#8211; Ballet, Choeurs et Orchestre\u00a0: toutes les informations<\/a><\/p>\n<p><a class=\"btn btn-lg shadow-lg btn-primary rounded-pill fnac_link\" data-fnac=\"in_article\" href=\"https:\/\/www.awin1.com\/pclick.php?p=37458786400&amp;a=634278&amp;m=12494&amp;clickref=in_article-A-desktop\" target=\"_blank\" rel=\"nofollow noopener\"> Acheter des billets<\/a><\/p>\n<p>4\/ Le Cirque de No\u00ebl sur l&rsquo;Eau\u00a0: la f\u00e9erie continue sous le chapiteau<\/p>\n<p><a href=\"https:\/\/www.jds.fr\/lille\/spectacles\/cirque\/le-cirque-de-noel-sur-l-eau-1224729_A\" target=\"_blank\" rel=\"noopener\">Le Cirque de No\u00ebl sur l&rsquo;Eau \u00e0 Lille<\/a> au Chapito marie prouesses acrobatiques et d\u00e9cor aquatique dans un spectacle familial enchanteur. Cette cr\u00e9ation de Divan Production transforme l&rsquo;art circassien traditionnel en conte de f\u00e9es aquatique, parfait pour prolonger la magie des f\u00eates avec les enfants. Une bulle de po\u00e9sie qui fait du bien apr\u00e8s les exc\u00e8s de dindes et de b\u00fbches\u00a0!<\/p>\n<p><strong>Notre conseil\u00a0:<\/strong> Privil\u00e9giez le parking gratuit de 1200 places \u00e0 50 m\u00e8tres du Chapito, id\u00e9al pour \u00e9viter le stress avec les enfants et profiter pleinement du spectacle.<\/p>\n<p>Le Chapito | Lille<br \/>Du 24\/12\/2025 au 04\/01\/2026<\/p>\n<p class=\"mise_en_avant\"><a href=\"https:\/\/www.jds.fr\/lille\/spectacles\/cirque\/le-cirque-de-noel-sur-l-eau-1224729_A\" target=\"_blank\" rel=\"noopener\">Le Cirque de No\u00ebl sur l&rsquo;Eau\u00a0: toutes les informations<\/a><\/p>\n<p><a class=\"btn btn-lg shadow-lg btn-primary rounded-pill fnac_link\" data-fnac=\"in_article\" href=\"https:\/\/www.awin1.com\/pclick.php?p=42890435288&amp;a=634278&amp;m=12494&amp;clickref=in_article-A-desktop\" target=\"_blank\" rel=\"nofollow noopener\"> Acheter des billets<\/a><\/p>\n<p>5\/ Billet coupe-file pour la Villa Cavrois\u00a0: modernisme et \u00e9l\u00e9gance \u00e0 Croix<\/p>\n<p>La <a href=\"https:\/\/www.jds.fr\/lille\/manifestations\/billet-coupe-file-pour-la-villa-cavrois-1198933_A\" target=\"_blank\" rel=\"noopener\">Villa Cavrois \u00e0 Croix<\/a> vous ouvre ses portes pour une plong\u00e9e dans l&rsquo;univers moderniste des ann\u00e9es 1930. Ce joyau architectural de Mallet-Stevens, parfaitement restaur\u00e9, r\u00e9v\u00e8le les secrets du mode de vie de la famille Cavrois dans un cadre d&rsquo;exception. Une escapade culturelle raffin\u00e9e pour dig\u00e9rer intelligemment les festivit\u00e9s\u00a0!<\/p>\n<p><strong>Notre conseil\u00a0:<\/strong> R\u00e9servez imp\u00e9rativement votre cr\u00e9neau horaire sur le site officiel apr\u00e8s l&rsquo;achat de votre billet &#8211; c&rsquo;est obligatoire et \u00e7a \u00e9vite les d\u00e9convenues \u00e0 l&rsquo;entr\u00e9e\u00a0!<\/p>\n<p>Villa Cavrois | Croix<br \/>Du 24\/12\/2025 au 15\/02\/2026<\/p>\n<p class=\"mise_en_avant\"><a href=\"https:\/\/www.jds.fr\/lille\/manifestations\/billet-coupe-file-pour-la-villa-cavrois-1198933_A\" target=\"_blank\" rel=\"noopener\">Billet coupe-file pour la Villa Cavrois\u00a0: toutes les informations<\/a><\/p>\n<p><a class=\"btn btn-lg shadow-lg btn-primary rounded-pill fnac_link\" data-fnac=\"in_article\" href=\"https:\/\/pdt.tradedoubler.com\/click?a(3419081)p(354825)product(103801-141528)ttid(3)url(https%3A%2F%2Ffeverup.com%2Fm%2F141528)\" target=\"_blank\" rel=\"nofollow noopener\"> Acheter des billets<\/a><\/p>\n<p><a data-lightbox=\"article\" data-title=\" DR\" class=\"image detail fullwidth\" href=\"https:\/\/www.jds.fr\/medias\/image\/billet-coupe-file-pour-la-villa-cavrois-736728-1200-0-F.webp\" title=\" DR\" target=\"_blank\" rel=\"noopener\"><br \/>\n<img decoding=\"async\" loading=\"lazy\" src=\"https:\/\/www.europesays.com\/fr\/wp-content\/uploads\/2025\/12\/billet-coupe-file-pour-la-villa-cavrois-736728-1200-0.webp.webp\"   alt=\"Billet coupe-file pour la Villa Cavrois\" class=\"shortcode_image border\"\/><br \/>\n\u00a9 DR<br \/>\n<\/a>\n<\/p>\n<p>6\/ Sebastian Marx &#8211; On est bien l\u00e0\u00a0: l&rsquo;humour franco-am\u00e9ricain au Th\u00e9\u00e2tre S\u00e9bastopol<\/p>\n<p><a href=\"https:\/\/www.jds.fr\/lille\/spectacles\/humour\/sebastian-marx-on-est-bien-la-336147_A\" target=\"_blank\" rel=\"noopener\">Sebastian Marx \u00e0 Lille<\/a> revient au Th\u00e9\u00e2tre S\u00e9bastopol avec son regard d\u00e9cal\u00e9 de New-Yorkais install\u00e9 en France depuis 15 ans. Ce\u00a0\u00ab\u00a0quarantenaire franco-juif-new-yorkais pacs\u00e9 avec 3 enfants\u00a0\u00bb d\u00e9cortique avec un humour savoureux les tracas du quotidien hexagonal. Un spectacle parfait pour relativiser vos propres gal\u00e8res familiales post-f\u00eates\u00a0!<\/p>\n<p><strong>Notre conseil\u00a0:<\/strong> R\u00e9servez vos places rapidement car Sebastian Marx affiche souvent complet, surtout au Th\u00e9\u00e2tre S\u00e9bastopol o\u00f9 l&rsquo;ambiance intimiste sublime son humour fin.<\/p>\n<p>Th\u00e9\u00e2tre S\u00e9bastopol | Lille<br \/>Le 27\/12\/2025<\/p>\n<p class=\"mise_en_avant\"><a href=\"https:\/\/www.jds.fr\/lille\/spectacles\/humour\/sebastian-marx-on-est-bien-la-336147_A\" target=\"_blank\" rel=\"noopener\">Sebastian Marx &#8211; On est bien l\u00e0\u00a0: toutes les informations<\/a><\/p>\n<p><a class=\"btn btn-lg shadow-lg btn-primary rounded-pill fnac_link\" data-fnac=\"in_article\" href=\"https:\/\/www.awin1.com\/pclick.php?p=40221175992&amp;a=634278&amp;m=12494&amp;clickref=in_article-A-desktop\" target=\"_blank\" rel=\"nofollow noopener\"> Acheter des billets<\/a><\/p>\n<p>7\/ Erick Baert &#8211; The Voice&rsquo;s Performer\u00a0: voyage musical au Spotlight<\/p>\n<p><a href=\"https:\/\/www.jds.fr\/lille\/spectacles\/humour\/erick-baert-the-voice-s-performer-illusions-vocales-893412_A\" target=\"_blank\" rel=\"noopener\">Erick Baert au Spotlight de Lille<\/a> d\u00e9ploie ses talents d&rsquo;imitateur dans ce deuxi\u00e8me opus encore plus bluffant. De Barry White \u00e0 Johnny Hallyday, en passant par Pavarotti et Coldplay, ce cam\u00e9l\u00e9on vocal vous embarque dans un show \u00e9nergique et interactif. Une performance qui prouve qu&rsquo;on peut faire du Elvis sans les paillettes et du Freddie Mercury sans la moustache\u00a0!<\/p>\n<p><strong>Notre conseil\u00a0:<\/strong> Privil\u00e9giez les s\u00e9ances du samedi soir pour une ambiance plus festive &#8211; l&rsquo;interaction avec le public fait partie int\u00e9grante du spectacle d&rsquo;Erick Baert.<\/p>\n<p>Le Spotlight | Lille<br \/>Du 26\/12\/2025 au 27\/12\/2025<\/p>\n<p class=\"mise_en_avant\"><a href=\"https:\/\/www.jds.fr\/lille\/spectacles\/humour\/erick-baert-the-voice-s-performer-illusions-vocales-893412_A\" target=\"_blank\" rel=\"noopener\">Erick Baert  &#8211; The Voice&rsquo;s Performer &#8211; Illusions Vocales\u00a0: toutes les informations<\/a><\/p>\n<p><a class=\"btn btn-lg shadow-lg btn-primary rounded-pill fnac_link\" data-fnac=\"in_article\" href=\"https:\/\/www.awin1.com\/pclick.php?p=42485749873&amp;a=634278&amp;m=12494&amp;clickref=in_article-A-desktop\" target=\"_blank\" rel=\"nofollow noopener\"> Acheter des billets<\/a><\/p>\n<p>Date de publication : le 24\/12\/2025.<\/p>\n","protected":false},"excerpt":{"rendered":"Entre les derniers \u00e9chos de No\u00ebl et l&rsquo;approche du Nouvel An, ce week-end du 26 au 28 d\u00e9cembre&hellip;\n","protected":false},"author":2,"featured_media":619685,"comment_status":"","ping_status":"","sticky":false,"template":"","format":"standard","meta":{"footnotes":""},"categories":[2815],"tags":[1111,11,1777,674,1011,27,811,1307,12,25],"class_list":{"0":"post-619684","1":"post","2":"type-post","3":"status-publish","4":"format-standard","5":"has-post-thumbnail","7":"category-lille","8":"tag-actu","9":"tag-actualites","10":"tag-eu","11":"tag-europe","12":"tag-fr","13":"tag-france","14":"tag-hauts-de-france","15":"tag-lille","16":"tag-news","17":"tag-republique-francaise"},"share_on_mastodon":{"url":"https:\/\/pubeurope.com\/@fr\/115773913153235787","error":""},"_links":{"self":[{"href":"https:\/\/www.europesays.com\/fr\/wp-json\/wp\/v2\/posts\/619684","targetHints":{"allow":["GET"]}}],"collection":[{"href":"https:\/\/www.europesays.com\/fr\/wp-json\/wp\/v2\/posts"}],"about":[{"href":"https:\/\/www.europesays.com\/fr\/wp-json\/wp\/v2\/types\/post"}],"author":[{"embeddable":true,"href":"https:\/\/www.europesays.com\/fr\/wp-json\/wp\/v2\/users\/2"}],"replies":[{"embeddable":true,"href":"https:\/\/www.europesays.com\/fr\/wp-json\/wp\/v2\/comments?post=619684"}],"version-history":[{"count":0,"href":"https:\/\/www.europesays.com\/fr\/wp-json\/wp\/v2\/posts\/619684\/revisions"}],"wp:featuredmedia":[{"embeddable":true,"href":"https:\/\/www.europesays.com\/fr\/wp-json\/wp\/v2\/media\/619685"}],"wp:attachment":[{"href":"https:\/\/www.europesays.com\/fr\/wp-json\/wp\/v2\/media?parent=619684"}],"wp:term":[{"taxonomy":"category","embeddable":true,"href":"https:\/\/www.europesays.com\/fr\/wp-json\/wp\/v2\/categories?post=619684"},{"taxonomy":"post_tag","embeddable":true,"href":"https:\/\/www.europesays.com\/fr\/wp-json\/wp\/v2\/tags?post=619684"}],"curies":[{"name":"wp","href":"https:\/\/api.w.org\/{rel}","templated":true}]}}