{"id":619686,"date":"2025-12-24T09:47:19","date_gmt":"2025-12-24T09:47:19","guid":{"rendered":"https:\/\/www.europesays.com\/fr\/619686\/"},"modified":"2025-12-24T09:47:19","modified_gmt":"2025-12-24T09:47:19","slug":"la-culture-a-laffiche-en-janvier-actualites","status":"publish","type":"post","link":"https:\/\/www.europesays.com\/fr\/619686\/","title":{"rendered":"La culture \u00e0 l&rsquo;affiche en janvier \/ Actualit\u00e9s"},"content":{"rendered":"<p>Janvier ouvre une nouvelle ann\u00e9e culturelle \u00e0 Lille. Entre sc\u00e8nes, festivals et rencontres, 2026 d\u00e9marre en beaut\u00e9.<\/p>\n<p>De Kharkiv \u00e0 Lille, la culture en r\u00e9sistance sera l\u2019\u00e9tape lilloise de la saison ukrainienne en France. Jumel\u00e9e \u00e0 Kharkiv depuis 1978, la ville lui rend hommage \u00e0 travers une programmation plurielle.<\/p>\n<p>Au Th\u00e9\u00e2tre du Nord, Brecht nous invite \u00e0 revisiter la question de la solidarit\u00e9 avec <a href=\"https:\/\/www.lille.fr\/Evenements\/La-Bonne-Ame-du-Se-Tchouan\" target=\"_self\" class=\"lien_interne\" rel=\"noopener\">La Bonne \u00c2me du Se-Tchouan<\/a>. La ville vibrera \u00e9galement au rythme du <a href=\"https:\/\/www.lille.fr\/Evenements\/Festival-Hip-Open-Dance-2026\" target=\"_self\" class=\"lien_interne\" rel=\"noopener\">Hip Open Dance<\/a> dans une effervescence sign\u00e9e Le Flow, et de l&rsquo;humour avec le d\u00e9sormais incontournable <a href=\"https:\/\/www.lille.fr\/Actualites\/Le-festival-Lillarious-passe-la-5eme\" target=\"_self\" class=\"lien_interne\" rel=\"noopener\">festival Lillarious<\/a>.<\/p>\n<p>Tandis que les <a href=\"https:\/\/www.lille.fr\/Evenements\/Nuit-de-la-lecture-a-la-mediatheque-Jean-Levy2\" target=\"_self\" class=\"lien_interne\" rel=\"noopener\">Nuits de la lecture<\/a> f\u00eatent leurs 10 ans dans les m\u00e9diath\u00e8ques, la <a href=\"https:\/\/www.lille.fr\/Evenements\/Nuit-des-Conservatoires2\" target=\"_self\" class=\"lien_interne\" rel=\"noopener\">Nuit du Conservatoire<\/a> viendra cl\u00f4turer le mois en musique, avec des performances et des surprises \u00e0 partager. Que 2026 vous apporte curiosit\u00e9, joie et de belles d\u00e9couvertes. Bonne ann\u00e9e 2026 \u00e0 tous !<\/p>\n<p><strong>Chaque mois, l&rsquo;agenda \u00ab\u00a0\u00c0 l\u2019affiche\u00a0\u00bb vous guide \u00e0 travers la programmation riche et inspirante de la culture lilloise !<\/strong><\/p>\n<p>Nos coups de c\u0153urLa Bonne \u00c2me du Se-Tchouan<\/p>\n<p><strong>Du 20 au 24 janvier &#8211; Th\u00e9\u00e2tre du Nord<\/strong><\/p>\n<p>Trois dieux se mettent en qu\u00eate d\u2019une \u00ab bonne \u00e2me \u00bb pour prouver que le monde n&rsquo;est pas qu\u2019\u00e9go\u00efsme et mis\u00e8re. Ils rencontrent Shen T\u00e9. Cette femme au grand c\u0153ur leur offre l\u2019hospitalit\u00e9. Touch\u00e9s, ils la r\u00e9compensent d\u2019une grosse somme et l\u2019encouragent \u00e0 pers\u00e9v\u00e9rer dans sa g\u00e9n\u00e9rosit\u00e9. Mais cette bont\u00e9 attire une foule d\u2019opportunistes.<\/p>\n<p>Shen T\u00e9 d\u00e9cide alors de se cr\u00e9er un double masculin impitoyable, Shui Ta, pour se prot\u00e9ger. Cette pi\u00e8ce expose les contradictions de notre monde, o\u00f9 la solidarit\u00e9 se heurte aux imp\u00e9ratifs \u00e9conomiques et sociaux.<\/p>\n<p>&gt; <a href=\"https:\/\/www.lille.fr\/Evenements\/La-Bonne-Ame-du-Se-Tchouan\" target=\"_self\" class=\"lien_interne\" rel=\"noopener\">Plus d&rsquo;infos<\/a><\/p>\n<p>De Kharkiv \u00e0 Lille, la culture en r\u00e9sistance<\/p>\n<p><strong>Du 20 janvier au 24 f\u00e9vrier &#8211; Dans toute la ville<\/strong><\/p>\n<p>Lille comptera comme l\u2019une des \u00e9tapes importantes de la saison culturelle ukrainienne en France. Avec la pr\u00e9sence de nombreux artistes, elle montrera la richesse et le foisonnement d\u2019une identit\u00e9 culturelle bien vivante. Le <a href=\"https:\/\/www.lille.fr\/Evenements\/DakhaBrakha-Folk-punk-ethno-jazz-Ukraine\" target=\"_self\" class=\"lien_interne\" rel=\"noopener\">concert de Dakha Brakha<\/a>, groupe n\u00e9 \u00e0 Kyiv, ouvrira cette \u00e9tape avec sa fusion de diff\u00e9rentes influences allant du folklore de l\u2019Est aux musiques actuelles (le 20 janvier, au Grand Sud).<\/p>\n<p>La conf\u00e9rence \u00ab <a href=\"https:\/\/www.lille.fr\/Evenements\/Present-de-la-litterature-ukrainienne\" target=\"_self\" class=\"lien_interne\" rel=\"noopener\">Pr\u00e9sent de la litt\u00e9rature ukrainienne<\/a> \u00bb (le 24 janvier, au Th\u00e9\u00e2tre du Nord) vous fera appr\u00e9cier la diversit\u00e9 des auteurs issus du pays.<\/p>\n<p>Hip Open Dance<\/p>\n<p><strong>Du 21 janvier au 8 f\u00e9vrier &#8211; Dans diff\u00e9rents lieux<\/strong><\/p>\n<p>Spectacles, battles et show, soir\u00e9es, expositions, initiations et workshops, projections ou encore tables rondes\u2026 Le Flow c\u00e9l\u00e8bre la richesse des danses hip-hop avec plus d\u2019une trentaine de rendez-vous dans la ville.<\/p>\n<p>&gt; <a href=\"https:\/\/www.lille.fr\/Evenements\/Festival-Hip-Open-Dance-2026\" target=\"_self\" class=\"lien_interne\" rel=\"noopener\">Plus d&rsquo;infos<\/a><\/p>\n<p>Nuits de la lecture<\/p>\n<p><strong>Les 23 et 24 janvier &#8211; M\u00e9diath\u00e8ques lilloises<\/strong><\/p>\n<p>Les Nuits de la lecture, \u00e9v\u00e8nement national, reviennent pour une 10e \u00e9dition sur le th\u00e8me \u00ab Villes et campagnes \u00bb. Venez faire le plein de lectures et de rencontres litt\u00e9raires \u00e0 la Biblioth\u00e8que municipale de Lille (BmL) !<\/p>\n<p>&gt; <a href=\"https:\/\/www.lille.fr\/rechercher\/resultat\/(type)\/\/(district)\/\/(profil)\/\/(rubric)\/\/(keywords)\/nuits+de+la+lecture\" target=\"_self\" class=\"lien_interne\" rel=\"noopener\">Plus d&rsquo;infos et programmation<\/a><\/p>\n<p>Nuit des Conservatoires<\/p>\n<p><strong>Vendredi 30 janvier &#8211; Conservatoire<\/strong><\/p>\n<p>Des performances, des propositions participatives o\u00f9 chacun sera invit\u00e9 \u00e0 chanter ou \u00e0 danser, le croisement de la danse et de la musique vivante, des repr\u00e9sentations en format court ou long\u2026 De nombreuses rencontres et surprises vous attendent. La programmation de cette nouvelle \u00e9dition de la Nuit du Conservatoire (et des \u00e9coles de musique) s\u2019installera dans tout le Conservatoire.<\/p>\n<p>&gt; <a href=\"https:\/\/www.lille.fr\/Evenements\/Nuit-des-Conservatoires2\" target=\"_self\" class=\"lien_interne\" rel=\"noopener\">Plus d&rsquo;infos<\/a><\/p>\n<p>Festival Lillarious<\/p>\n<p><strong>Du 30 janvier au 7 f\u00e9vrier &#8211; Nouveau Si\u00e8cle, Th\u00e9\u00e2tre S\u00e9bastopol&#8230;<\/strong><\/p>\n<p>Depuis maintenant 5 ans, ce festival d&rsquo;humour est devenu un \u00e9v\u00e9nement incontournable dans la r\u00e9gion. Il s\u2019ouvrira avec le Dernier gala avant l\u2019IA pr\u00e9sent\u00e9 par PV. Merwane Belazar animera La formidable soir\u00e9e in\u00e9dite, au cours de laquelle se succ\u00e9deront plusieurs humoristes. D\u2019autres artistes assureront des galas de stand-up et \u00c9lodie Poux \u00ab fera son cin\u00e9ma \u00bb trois soirs de suite !<\/p>\n<p>&gt; <a href=\"https:\/\/www.lille.fr\/Actualites\/Le-festival-Lillarious-passe-la-5eme\" target=\"_self\" class=\"lien_interne\" rel=\"noopener\">Lire notre article<\/a><\/p>\n<p>La culture \u00e0 l&rsquo;affiche : janvier 2026               <\/p>\n<p>Si vous ne parvenez pas \u00e0 consulter le document, connectez-vous depuis un ordinateur de bureau.<\/p>\n","protected":false},"excerpt":{"rendered":"Janvier ouvre une nouvelle ann\u00e9e culturelle \u00e0 Lille. Entre sc\u00e8nes, festivals et rencontres, 2026 d\u00e9marre en beaut\u00e9. De&hellip;\n","protected":false},"author":2,"featured_media":619687,"comment_status":"","ping_status":"","sticky":false,"template":"","format":"standard","meta":{"footnotes":""},"categories":[2815],"tags":[1111,11,4763,1777,674,1011,27,811,1307,5415,12,25],"class_list":{"0":"post-619686","1":"post","2":"type-post","3":"status-publish","4":"format-standard","5":"has-post-thumbnail","7":"category-lille","8":"tag-actu","9":"tag-actualites","10":"tag-agenda","11":"tag-eu","12":"tag-europe","13":"tag-fr","14":"tag-france","15":"tag-hauts-de-france","16":"tag-lille","17":"tag-mairie","18":"tag-news","19":"tag-republique-francaise"},"share_on_mastodon":{"url":"https:\/\/pubeurope.com\/@fr\/115773914726306090","error":""},"_links":{"self":[{"href":"https:\/\/www.europesays.com\/fr\/wp-json\/wp\/v2\/posts\/619686","targetHints":{"allow":["GET"]}}],"collection":[{"href":"https:\/\/www.europesays.com\/fr\/wp-json\/wp\/v2\/posts"}],"about":[{"href":"https:\/\/www.europesays.com\/fr\/wp-json\/wp\/v2\/types\/post"}],"author":[{"embeddable":true,"href":"https:\/\/www.europesays.com\/fr\/wp-json\/wp\/v2\/users\/2"}],"replies":[{"embeddable":true,"href":"https:\/\/www.europesays.com\/fr\/wp-json\/wp\/v2\/comments?post=619686"}],"version-history":[{"count":0,"href":"https:\/\/www.europesays.com\/fr\/wp-json\/wp\/v2\/posts\/619686\/revisions"}],"wp:featuredmedia":[{"embeddable":true,"href":"https:\/\/www.europesays.com\/fr\/wp-json\/wp\/v2\/media\/619687"}],"wp:attachment":[{"href":"https:\/\/www.europesays.com\/fr\/wp-json\/wp\/v2\/media?parent=619686"}],"wp:term":[{"taxonomy":"category","embeddable":true,"href":"https:\/\/www.europesays.com\/fr\/wp-json\/wp\/v2\/categories?post=619686"},{"taxonomy":"post_tag","embeddable":true,"href":"https:\/\/www.europesays.com\/fr\/wp-json\/wp\/v2\/tags?post=619686"}],"curies":[{"name":"wp","href":"https:\/\/api.w.org\/{rel}","templated":true}]}}