{"id":619688,"date":"2025-12-24T09:48:15","date_gmt":"2025-12-24T09:48:15","guid":{"rendered":"https:\/\/www.europesays.com\/fr\/619688\/"},"modified":"2025-12-24T09:48:15","modified_gmt":"2025-12-24T09:48:15","slug":"la-piste-dun-guet-apens-mortel-etudiee","status":"publish","type":"post","link":"https:\/\/www.europesays.com\/fr\/619688\/","title":{"rendered":"la piste d&rsquo;un guet-apens mortel \u00e9tudi\u00e9e"},"content":{"rendered":"<p>Un guet-apens qui d\u00e9g\u00e9n\u00e8re mortellement ? C&rsquo;est une des pistes \u00e9tudi\u00e9es ce mercredi matin 24 d\u00e9cembre au lendemain de la <strong>mort d&rsquo;un homme de 19 ans, tu\u00e9 de plusieurs coups de couteau<\/strong> dans le 8\u00e8me arrondissement de <a href=\"https:\/\/www.laprovence.com\/bouches-du-rhone\/marseille-13055\" target=\"_blank\" rel=\"noopener\">Marseille<\/a>.\u00a0<\/p>\n<p>Peu avant 22 heures, ce mardi 23 d\u00e9cembre, les marins-pompiers de Marseille avaient \u00e9t\u00e9 appel\u00e9 en urgence pour prendre en charge la jeune victime, \u00e9tendue au sol et souffrant de plusieurs plaies profondes, dont une au thorax.<\/p>\n<p>Une autre personne prise en charge<\/p>\n<p>La victime \u00e9tait aussit\u00f4t transport\u00e9e aux urgences avec un pronostic vital engag\u00e9. L&rsquo;homme est d\u00e9c\u00e9d\u00e9 peu apr\u00e8s des suites de ses blessures \u00e0 La Timone.<\/p>\n<p>L&rsquo;un de ses proches, \u00e2g\u00e9 de 18 ans, avec lequel il se trouvait avenue de Mazargues au moment des faits, a \u00e9galement \u00e9t\u00e9 bri\u00e8vement hospitalis\u00e9, souffrant de quelques contusions et se trouvant, surtout, en\u00a0 \u00e9tat de choc.\u00a0<\/p>\n<p>Selon nos informations, les enqu\u00eateurs \u00e9tudient prioritairement la piste d&rsquo;un traquenard qui aurait mal tourn\u00e9. La victime pourrait avoir pris rendez-vous avec une femme sur les r\u00e9seaux sociaux, quand, en se rendant sur les lieux, un hall d&rsquo;immeuble, accompagn\u00e9 de deux amis, il serait tomb\u00e9 sur les agresseurs encagoul\u00e9s et probablement venus l\u00e0 pour les d\u00e9pouiller.<\/p>\n<p>Un jeune majeur ne s&rsquo;est pas relev\u00e9. Les auteurs sont activement recherch\u00e9s.\u00a0<\/p>\n","protected":false},"excerpt":{"rendered":"Un guet-apens qui d\u00e9g\u00e9n\u00e8re mortellement ? C&rsquo;est une des pistes \u00e9tudi\u00e9es ce mercredi matin 24 d\u00e9cembre au lendemain&hellip;\n","protected":false},"author":2,"featured_media":619689,"comment_status":"","ping_status":"","sticky":false,"template":"","format":"standard","meta":{"footnotes":""},"categories":[2814],"tags":[17,1111,11,3869,1102,854,5264,1446,1777,674,274,1011,27,4933,884,12,882,25,5911],"class_list":{"0":"post-619688","1":"post","2":"type-post","3":"status-publish","4":"format-standard","5":"has-post-thumbnail","7":"category-marseille","8":"tag-17","9":"tag-actu","10":"tag-actualites","11":"tag-arrondissement","12":"tag-breakingnews","13":"tag-coups","14":"tag-couteau","15":"tag-dans","16":"tag-eu","17":"tag-europe","18":"tag-faits-divers-justice","19":"tag-fr","20":"tag-france","21":"tag-homme","22":"tag-marseille","23":"tag-news","24":"tag-provence-alpes-cote-dazur","25":"tag-republique-francaise","26":"tag-tue"},"share_on_mastodon":{"url":"","error":""},"_links":{"self":[{"href":"https:\/\/www.europesays.com\/fr\/wp-json\/wp\/v2\/posts\/619688","targetHints":{"allow":["GET"]}}],"collection":[{"href":"https:\/\/www.europesays.com\/fr\/wp-json\/wp\/v2\/posts"}],"about":[{"href":"https:\/\/www.europesays.com\/fr\/wp-json\/wp\/v2\/types\/post"}],"author":[{"embeddable":true,"href":"https:\/\/www.europesays.com\/fr\/wp-json\/wp\/v2\/users\/2"}],"replies":[{"embeddable":true,"href":"https:\/\/www.europesays.com\/fr\/wp-json\/wp\/v2\/comments?post=619688"}],"version-history":[{"count":0,"href":"https:\/\/www.europesays.com\/fr\/wp-json\/wp\/v2\/posts\/619688\/revisions"}],"wp:featuredmedia":[{"embeddable":true,"href":"https:\/\/www.europesays.com\/fr\/wp-json\/wp\/v2\/media\/619689"}],"wp:attachment":[{"href":"https:\/\/www.europesays.com\/fr\/wp-json\/wp\/v2\/media?parent=619688"}],"wp:term":[{"taxonomy":"category","embeddable":true,"href":"https:\/\/www.europesays.com\/fr\/wp-json\/wp\/v2\/categories?post=619688"},{"taxonomy":"post_tag","embeddable":true,"href":"https:\/\/www.europesays.com\/fr\/wp-json\/wp\/v2\/tags?post=619688"}],"curies":[{"name":"wp","href":"https:\/\/api.w.org\/{rel}","templated":true}]}}