{"id":619693,"date":"2025-12-24T09:51:19","date_gmt":"2025-12-24T09:51:19","guid":{"rendered":"https:\/\/www.europesays.com\/fr\/619693\/"},"modified":"2025-12-24T09:51:19","modified_gmt":"2025-12-24T09:51:19","slug":"explosion-dans-une-usine-chimique-pres-de-lyon-en-2016-un-precedent-avait-coute-la-vie-a-un-pere-de-famille-sa-compagne-temoigne","status":"publish","type":"post","link":"https:\/\/www.europesays.com\/fr\/619693\/","title":{"rendered":"Explosion dans une usine chimique pr\u00e8s de Lyon\u00a0: en 2016, un pr\u00e9c\u00e9dent avait co\u00fbt\u00e9 la vie \u00e0 un p\u00e8re de famille, sa compagne t\u00e9moigne."},"content":{"rendered":"<p>\n                                                                Deux jours apr\u00e8s l\u2019incident qui a fait un mort et trois bless\u00e9s sur le site de l\u2019usine Elkem Silicones, \u00e0 Saint-Fons (Rh\u00f4ne), une m\u00e8re de famille se souvient d\u2019une pr\u00e9c\u00e9dente explosion survenue en 2016 qui a emport\u00e9 la vie de son mari, Khalil Abed.\n                            <\/p>\n<p>Neuf ans avant <a href=\"https:\/\/www.midilibre.fr\/2025\/12\/22\/explosion-dans-une-usine-chimique-quatre-personnes-blessees-dont-deux-graves-13125992.php\" target=\"_blank\" rel=\"noopener\">l\u2019explosion d\u2019une usine chimique \u00e0 Saint-Fons<\/a>, le 28\u00a0juin 2016, au m\u00eame endroit, Khalil Abed, un p\u00e8re de famille, \u00e9tait victime d\u2019une explosion dans un hangar du m\u00eame site quand l\u2019entreprise portait encore le nom de Bluestar Silicones.<\/p>\n<p>Quand C., la compagne de Khalil, a entendu parler de l\u2019explosion du 22\u00a0d\u00e9cembre, le traumatisme de sa mort lui est revenu\u00a0: \u00ab\u00a0J\u2019\u00e9tais t\u00e9tanis\u00e9e, effondr\u00e9e, en \u00e9tat de choc\u00a0\u00bb, confie-t-elle au <a href=\"https:\/\/www.leprogres.fr\/faits-divers-justice\/2025\/12\/23\/il-ne-faut-pas-se-taire-en-2016-son-mari-decedait-lors-d-une-explosion-dans-la-meme-usine\" target=\"_blank\" rel=\"noopener\">Progr\u00e8s<\/a>.<\/p>\n<p>\u00ab\u00a0C\u2019\u00e9tait comme si c\u2019\u00e9tait hier\u00a0\u00bb<\/p>\n<p>De ce jour tragique, elle se souvient de tout. \u00ab\u00a0Il \u00e9tait parti le matin au travail, on s\u2019\u00e9tait eu au t\u00e9l\u00e9phone le matin, puis j\u2019ai rat\u00e9 un appel, c\u2019\u00e9tait son dernier\u00a0\u00bb. Khalil Abed a lui aussi \u00e9t\u00e9 victime d\u2019une exposition \u00e0 des produits hautement inflammables.<\/p>\n<p>Toutefois, elle insiste. Si elle a accept\u00e9 de s\u2019exprimer, c\u2019est \u00ab\u00a0pour lui\u00a0\u00bb, pour leur fils aujourd\u2019hui \u00e2g\u00e9 de 9 ans et pour \u00ab\u00a0soutenir\u00a0\u00bb\u00a0les familles des victimes de l\u2019explosion du 22\u00a0d\u00e9cembre.<\/p>\n<p>    Les circonstances de l\u2019explosion et de la mort de Khalil Abed<\/p>\n<p>Comme le pr\u00e9cisent nos confr\u00e8res, lors du proc\u00e8s contre Bluestar Silicones, les magistrats avaient pu d\u00e9terminer les circonstances de l\u2019explosion et de la mort de Khalil Abed\u00a0: Un f\u00fbt de Bluesil, un produit hautement inflammable, \u00e9tait perc\u00e9 lors d\u2019un transfert dans l\u2019entreprise. Khalil Abed, employ\u00e9 du sous-traitant GT Logistics, avait voulu contenir la fuite en utilisant un bac de r\u00e9tention. \u00c0 l\u2019aide de son chariot \u00e9l\u00e9vateur \u00e0 fourches m\u00e9talliques, il a saisi le bac et, au moment de le ramener, une \u00e9tincelle provoquait l\u2019explosion du hangar dans lequel \u00e9taient entrepos\u00e9es 130 tonnes de produits chimiques.<\/p>\n","protected":false},"excerpt":{"rendered":"Deux jours apr\u00e8s l\u2019incident qui a fait un mort et trois bless\u00e9s sur le site de l\u2019usine Elkem&hellip;\n","protected":false},"author":2,"featured_media":619694,"comment_status":"","ping_status":"","sticky":false,"template":"","format":"standard","meta":{"footnotes":""},"categories":[1889],"tags":[1111,11,2430,1777,674,118,1011,27,2428,12,25],"class_list":{"0":"post-619693","1":"post","2":"type-post","3":"status-publish","4":"format-standard","5":"has-post-thumbnail","7":"category-lyon","8":"tag-actu","9":"tag-actualites","10":"tag-auvergne-rhone-alpes","11":"tag-eu","12":"tag-europe","13":"tag-faits-divers","14":"tag-fr","15":"tag-france","16":"tag-lyon","17":"tag-news","18":"tag-republique-francaise"},"share_on_mastodon":{"url":"https:\/\/pubeurope.com\/@fr\/115773930419477595","error":""},"_links":{"self":[{"href":"https:\/\/www.europesays.com\/fr\/wp-json\/wp\/v2\/posts\/619693","targetHints":{"allow":["GET"]}}],"collection":[{"href":"https:\/\/www.europesays.com\/fr\/wp-json\/wp\/v2\/posts"}],"about":[{"href":"https:\/\/www.europesays.com\/fr\/wp-json\/wp\/v2\/types\/post"}],"author":[{"embeddable":true,"href":"https:\/\/www.europesays.com\/fr\/wp-json\/wp\/v2\/users\/2"}],"replies":[{"embeddable":true,"href":"https:\/\/www.europesays.com\/fr\/wp-json\/wp\/v2\/comments?post=619693"}],"version-history":[{"count":0,"href":"https:\/\/www.europesays.com\/fr\/wp-json\/wp\/v2\/posts\/619693\/revisions"}],"wp:featuredmedia":[{"embeddable":true,"href":"https:\/\/www.europesays.com\/fr\/wp-json\/wp\/v2\/media\/619694"}],"wp:attachment":[{"href":"https:\/\/www.europesays.com\/fr\/wp-json\/wp\/v2\/media?parent=619693"}],"wp:term":[{"taxonomy":"category","embeddable":true,"href":"https:\/\/www.europesays.com\/fr\/wp-json\/wp\/v2\/categories?post=619693"},{"taxonomy":"post_tag","embeddable":true,"href":"https:\/\/www.europesays.com\/fr\/wp-json\/wp\/v2\/tags?post=619693"}],"curies":[{"name":"wp","href":"https:\/\/api.w.org\/{rel}","templated":true}]}}