{"id":619697,"date":"2025-12-24T09:54:14","date_gmt":"2025-12-24T09:54:14","guid":{"rendered":"https:\/\/www.europesays.com\/fr\/619697\/"},"modified":"2025-12-24T09:54:14","modified_gmt":"2025-12-24T09:54:14","slug":"le-trafic-ferroviaire-interrompu-apres-une-collision-entre-un-train-et-une-personne-a-la-frontiere","status":"publish","type":"post","link":"https:\/\/www.europesays.com\/fr\/619697\/","title":{"rendered":"le trafic ferroviaire interrompu apr\u00e8s une collision entre un train et une personne \u00e0 la fronti\u00e8re"},"content":{"rendered":"<p>\n    \u00abLe trafic international est affect\u00e9, des d\u00e9tournements via une bifurcation sont envisag\u00e9s, mais leur faisabilit\u00e9 reste incertaine\u00bb, pr\u00e9cise le gestionnaire du r\u00e9seau ferroviaire belge.<\/p>\n<p class=\"fig-paragraph\">Panique \u00e0 la fronti\u00e8re franco-belge ce mardi apr\u00e8s-midi. Depuis 13h52 pr\u00e9cis\u00e9ment, le\u00a0<a href=\"http:\/\/www.lefigaro.fr\/conjoncture\/la-commande-ne-pourra-pas-etre-passee-faute-de-budget-l-etat-pourrait-retarder-l-achat-de-nouveaux-trains-de-nuit-20251223\" data-fig-type=\"NewsFlash\" data-gtm-custom-categorie=\"navigation\" data-gtm-custom-action=\"crossclick\" data-gtm-custom-label=\"Contextuel\" data-gtm-event=\"customEventSPE\" data-fig-domain=\"LEFIGARO\" target=\"_blank\" rel=\"noopener\">trafic ferroviaire<\/a>\u00a0est partiellement interrompu sur la ligne \u00e0 grande vitesse 1 entre\u00a0<a href=\"http:\/\/www.lefigaro.fr\/voyages\/un-nouveau-train-de-nuit-paris-berlin-a-partir-de-mars-qui-passera-par-bruxelles-20251113\" data-fig-type=\"NewsFlash\" data-gtm-custom-categorie=\"navigation\" data-gtm-custom-action=\"crossclick\" data-gtm-custom-label=\"Contextuel\" data-gtm-event=\"customEventSPE\" data-fig-domain=\"LEFIGARO\" target=\"_blank\" rel=\"noopener\">Bruxelles-Midi et la France<\/a>\u00a0en raison d\u2019une collision impliquant un train et une personne au niveau de la commune de Wannehain, selon Infrabel, le gestionnaire du r\u00e9seau ferroviaire belge.<\/p>\n<p class=\"fig-paragraph\">\u00abLe trafic international est affect\u00e9, des d\u00e9tournements via une bifurcation sont envisag\u00e9s, mais leur faisabilit\u00e9 reste incertaine. Les \u00e9quipes d\u2019Infrabel et les services comp\u00e9tents sont pleinement mobilis\u00e9s afin de r\u00e9tablir la situation dans les meilleurs d\u00e9lais\u00bb, ajoute-t-il alors que l\u2019incident continue de provoquer des perturbations majeures.<\/p>\n<p>                                            <a class=\"fig-a11y-skip\" href=\"#fig-a11y-skip-main-inarticle\" data-module=\"a11y-skip\" data-context=\"was @visible\"><br \/>\n    Passer la publicit\u00e9<br \/>\n<\/a>            <\/p>\n<p>                                            Quatre Eurostar ont d\u00e9j\u00e0 \u00e9t\u00e9 annul\u00e9s<\/p>\n<p class=\"fig-paragraph\">En effet, si le trafic reprend progressivement depuis 18h c\u00f4t\u00e9 fran\u00e7ais, de nombreux trains restent immobilis\u00e9s en gare du Nord tandis que ceux qui arrivent \u00e0 partir sont bond\u00e9s. L\u2019Eurostar de 17h25 en direction de Bruxelles et Amsterdam a \u00e9t\u00e9 supprim\u00e9. Au total, la compagnie pr\u00e9cise \u00e0 RTL Info que quatre trains ont d\u00e9j\u00e0 \u00e9t\u00e9 annul\u00e9s et qu\u2019une douzaine est retard\u00e9e.<\/p>\n<p class=\"fig-paragraph\">Selon le JT belge, la victime serait quant \u00e0 elle d\u00e9c\u00e9d\u00e9e sur place malgr\u00e9 l\u2019intervention d\u2019une \u00e9quipe de secours. Si l\u2019information venait \u00e0 \u00eatre confirm\u00e9e, le magistrat devra donner son feu vert pour une reprise des op\u00e9rations c\u00f4t\u00e9 belge. Diff\u00e9rents services restent \u00e0 l\u2019\u0153uvre sur les voies.<\/p>\n","protected":false},"excerpt":{"rendered":"\u00abLe trafic international est affect\u00e9, des d\u00e9tournements via une bifurcation sont envisag\u00e9s, mais leur faisabilit\u00e9 reste incertaine\u00bb, pr\u00e9cise&hellip;\n","protected":false},"author":2,"featured_media":619698,"comment_status":"","ping_status":"","sticky":false,"template":"","format":"standard","meta":{"footnotes":""},"categories":[1888],"tags":[1111,1928,11,1927,2360,1777,674,1011,27,6430,12,1926,626,1925,25,926],"class_list":{"0":"post-619697","1":"post","2":"type-post","3":"status-publish","4":"format-standard","5":"has-post-thumbnail","7":"category-paris","8":"tag-actu","9":"tag-actu-paris","10":"tag-actualites","11":"tag-actualites-paris","12":"tag-bruxelles","13":"tag-eu","14":"tag-europe","15":"tag-fr","16":"tag-france","17":"tag-frontieres","18":"tag-news","19":"tag-news-paris","20":"tag-paris","21":"tag-paris-news","22":"tag-republique-francaise","23":"tag-train"},"share_on_mastodon":{"url":"https:\/\/pubeurope.com\/@fr\/115773942770415836","error":""},"_links":{"self":[{"href":"https:\/\/www.europesays.com\/fr\/wp-json\/wp\/v2\/posts\/619697","targetHints":{"allow":["GET"]}}],"collection":[{"href":"https:\/\/www.europesays.com\/fr\/wp-json\/wp\/v2\/posts"}],"about":[{"href":"https:\/\/www.europesays.com\/fr\/wp-json\/wp\/v2\/types\/post"}],"author":[{"embeddable":true,"href":"https:\/\/www.europesays.com\/fr\/wp-json\/wp\/v2\/users\/2"}],"replies":[{"embeddable":true,"href":"https:\/\/www.europesays.com\/fr\/wp-json\/wp\/v2\/comments?post=619697"}],"version-history":[{"count":0,"href":"https:\/\/www.europesays.com\/fr\/wp-json\/wp\/v2\/posts\/619697\/revisions"}],"wp:featuredmedia":[{"embeddable":true,"href":"https:\/\/www.europesays.com\/fr\/wp-json\/wp\/v2\/media\/619698"}],"wp:attachment":[{"href":"https:\/\/www.europesays.com\/fr\/wp-json\/wp\/v2\/media?parent=619697"}],"wp:term":[{"taxonomy":"category","embeddable":true,"href":"https:\/\/www.europesays.com\/fr\/wp-json\/wp\/v2\/categories?post=619697"},{"taxonomy":"post_tag","embeddable":true,"href":"https:\/\/www.europesays.com\/fr\/wp-json\/wp\/v2\/tags?post=619697"}],"curies":[{"name":"wp","href":"https:\/\/api.w.org\/{rel}","templated":true}]}}