{"id":619709,"date":"2025-12-24T10:00:13","date_gmt":"2025-12-24T10:00:13","guid":{"rendered":"https:\/\/www.europesays.com\/fr\/619709\/"},"modified":"2025-12-24T10:00:13","modified_gmt":"2025-12-24T10:00:13","slug":"sanction-scandaleuse-solidarite-totale-la-classe-politique-defend-thierry-breton-interdit-de-visa-par-les-etats-unis","status":"publish","type":"post","link":"https:\/\/www.europesays.com\/fr\/619709\/","title":{"rendered":"\u00abSanction scandaleuse\u00bb, \u00absolidarit\u00e9 totale\u00bb&#8230; La classe politique d\u00e9fend Thierry Breton, interdit de visa par les \u00c9tats-Unis"},"content":{"rendered":"<p>\n    L\u2019ancien commissaire europ\u00e9en a \u00e9t\u00e9 sanctionn\u00e9 mardi par Washington pour son r\u00f4le dans la r\u00e9gulation des g\u00e9ants de la tech am\u00e9ricaine. La France, par la voix de ses ministres Jean-No\u00ebl Barrot et Roland Lescure, a condamn\u00e9 cette d\u00e9cision.<\/p>\n<p class=\"fig-paragraph\">\u00abUn vent de maccarthysme souffle-t-il \u00e0 nouveau\u00a0?\u00bb Apr\u00e8s que l\u2019ancien commissaire europ\u00e9en Thierry Breton\u00a0<a href=\"http:\/\/www.lefigaro.fr\/international\/regulation-de-la-tech-washington-interdit-de-visa-cinq-europeens-dont-le-francais-thierry-breton-20251223\" target=\"_blank\" data-fig-type=\"NewsFlash\" rel=\"noopener\" data-gtm-custom-categorie=\"navigation\" data-gtm-custom-action=\"crossclick\" data-gtm-custom-label=\"Contextuel\" data-gtm-event=\"customEventSPE\" data-fig-domain=\"LEFIGARO\">a \u00e9t\u00e9 interdit de s\u00e9jour aux \u00c9tats-Unis<\/a>\u00a0par l\u2019administration Trump mardi, pour son r\u00f4le pass\u00e9 dans la r\u00e9gulation des g\u00e9ants de la tech am\u00e9ricaine \u00e0 l\u2019\u00e9chelle de l\u2019UE, les r\u00e9actions indign\u00e9es en France ne se sont pas fait attendre. \u00abLa France d\u00e9nonce avec la plus grande fermet\u00e9 la restriction de visa prise par les \u00c9tats-Unis \u00e0 l\u2019encontre de Thierry Breton (&#8230;) et quatre autres personnalit\u00e9s europ\u00e9ennes\u00bb, a d\u00e9clar\u00e9 le ministre des Affaires \u00e9trang\u00e8res Jean-No\u00ebl Barrot sur X (ex-Twitter).<\/p>\n<p class=\"fig-paragraph\">Ont en effet \u00e9galement \u00e9t\u00e9 vis\u00e9es par cette interdiction de visa des repr\u00e9sentants d\u2019ONG luttant contre la d\u00e9sinformation et la haine en ligne au Royaume-Uni et en Allemagne\u00a0: Imran Ahmed, qui dirige le Center for Countering Digital Hate (CCDH), Clare Melford, \u00e0 la t\u00eate d\u2019un index de la d\u00e9sinformation (GDI) bas\u00e9 au Royaume-Uni, ainsi que Anna-Lena von Hodenberg, fondatrice de HateAid, une ONG allemande, et Josephine Ballon, de la m\u00eame association.<\/p>\n<p>                                            <a class=\"fig-a11y-skip\" href=\"#fig-a11y-skip-main-inarticle\" data-module=\"a11y-skip\" data-context=\"was @visible\"><br \/>\n    Passer la publicit\u00e9<br \/>\n<\/a>            <\/p>\n<p>                                            \u00abLes peuples de l\u2019Europe sont libres et souverains\u00bb<\/p>\n<p class=\"fig-paragraph\">Commissaire europ\u00e9en au March\u00e9 int\u00e9rieur de 2019 \u00e0 2024, Thierry Breton avait \u00e9t\u00e9 l\u2019artisan de la\u00a0<a href=\"http:\/\/www.lefigaro.fr\/secteur\/high-tech\/moderation-recommandations-publicite-ce-que-le-digital-services-act-change-pour-les-internautes-20230824\" target=\"_blank\" data-fig-type=\"Article\" rel=\"noopener\" data-gtm-custom-categorie=\"navigation\" data-gtm-custom-action=\"crossclick\" data-gtm-custom-label=\"Contextuel\" data-gtm-event=\"customEventSPE\" data-fig-domain=\"LEFIGARO\">directive europ\u00e9enne sur les services num\u00e9riques (DSA)<\/a>, qui impose \u00e0 Meta, Google, X ou Amazon de mieux contr\u00f4ler les contenus publi\u00e9s en ligne et de lutter contre la propagation de la d\u00e9sinformation ou de la haine. Un texte r\u00e9glementaire consid\u00e9r\u00e9 par Washington comme une atteinte \u00e0 la libert\u00e9 d\u2019expression.<\/p>\n<p class=\"fig-paragraph\">\u00abLe r\u00e8glement sur les services num\u00e9riques (DSA) a \u00e9t\u00e9 d\u00e9mocratiquement adopt\u00e9 en Europe pour que ce qui est ill\u00e9gal hors ligne le soit aussi en ligne. Il n\u2019a absolument aucune port\u00e9e extraterritoriale et ne concerne en aucun cas les \u00c9tats-Unis\u00bb, a d\u00e9fendu Jean-No\u00ebl Barrot. \u00abLes peuples de l\u2019Europe sont libres et souverains et ne sauraient se faire imposer par d\u2019autres les r\u00e8gles s\u2019appliquant \u00e0 leur espace num\u00e9rique\u00bb, a ajout\u00e9 le chef de la diplomatie fran\u00e7aise.<\/p>\n<p class=\"fig-paragraph\">\u00abPour rappel\u00a0: 90 % du Parlement europ\u00e9en \u2014 d\u00e9mocratiquement \u00e9lu \u2014 et les 27 \u00c9tats membres \u00e0 l\u2019unanimit\u00e9 ont vot\u00e9 le DSA\u00bb, a lui aussi rappel\u00e9 Thierry Breton sur X apr\u00e8s l\u2019annonce de la d\u00e9cision am\u00e9ricaine \u00e0 son encontre. \u00ab\u00c0 nos amis am\u00e9ricains\u00a0: \u201cLa censure n\u2019est pas l\u00e0 o\u00f9 vous le pensez\u201d\u00bb, a \u00e9crit l\u2019ancien ministre sur le r\u00e9seau social d\u2019<a href=\"http:\/\/www.lefigaro.fr\/conjoncture\/elon-musk-devient-la-premiere-personnalite-a-posseder-une-fortune-de-plus-de-600-milliards-de-dollars-20251217\" target=\"_blank\" data-fig-type=\"NewsFlash\" rel=\"noopener\" data-gtm-custom-categorie=\"navigation\" data-gtm-custom-action=\"crossclick\" data-gtm-custom-label=\"Contextuel\" data-gtm-event=\"customEventSPE\" data-fig-domain=\"LEFIGARO\">Elon Musk<\/a>.<\/p>\n<p class=\"fig-paragraph\">\u00abLa France condamne avec la plus grande fermet\u00e9 la restriction de visa d\u00e9cid\u00e9e par les \u00c9tats-Unis \u00e0 l\u2019encontre de Thierry Breton, (&#8230;) ainsi que de plusieurs autres personnalit\u00e9s europ\u00e9ennes\u00bb, a \u00e9galement fait savoir le ministre de l\u2019\u00c9conomie fran\u00e7ais\u00a0<a href=\"http:\/\/www.lefigaro.fr\/conjoncture\/budget-2026-le-deficit-porte-a-5-3-du-pib-a-ce-stade-de-l-examen-du-texte-20251215\" target=\"_blank\" data-fig-type=\"NewsFlash\" rel=\"noopener\" data-gtm-custom-categorie=\"navigation\" data-gtm-custom-action=\"crossclick\" data-gtm-custom-label=\"Contextuel\" data-gtm-event=\"customEventSPE\" data-fig-domain=\"LEFIGARO\">Roland Lescure<\/a>\u00a0sur le r\u00e9seau Bluesky. \u00abCe cadre europ\u00e9en de r\u00e9gulation du num\u00e9rique a \u00e9t\u00e9 adopt\u00e9 d\u00e9mocratiquement pour garantir des r\u00e8gles claires, \u00e9quitables et protectrices pour les citoyens comme pour les entreprises. Il s\u2019inscrit strictement dans le champ de comp\u00e9tence europ\u00e9en et ne vise aucun pays tiers\u00bb, a-t-il d\u00e9clar\u00e9, dans la lign\u00e9e des propos de son coll\u00e8gue du gouvernement Jean-No\u00ebl Barrot. \u00abCe cadre nous prot\u00e8ge, nous devons le prot\u00e9ger\u00a0!\u00bb, a-t-il conclu.<\/p>\n<p>                                            \u00abNous ne sommes pas une colonie des \u00c9tats-Unis\u00a0!\u00bb<\/p>\n<p class=\"fig-paragraph\">\u00abMon pr\u00e9d\u00e9cesseur Thierry Breton a agi pour l\u2019int\u00e9r\u00eat g\u00e9n\u00e9ral europ\u00e9en, fid\u00e8le au mandat donn\u00e9 par les \u00e9lecteurs en 2019. Aucune sanction ne fera taire la souverainet\u00e9 des peuples europ\u00e9ens. Solidarit\u00e9 totale avec lui et tous les Europ\u00e9ens concern\u00e9s\u00bb, a quant \u00e0 lui r\u00e9agi St\u00e9phane S\u00e9journ\u00e9, vice-pr\u00e9sident ex\u00e9cutif de la Commission europ\u00e9enne, charg\u00e9 de la Prosp\u00e9rit\u00e9 et de la Strat\u00e9gie industrielle, et ancien ministre fran\u00e7ais des Affaires \u00e9trang\u00e8res entre janvier et septembre 2024. Pour l\u2019eurod\u00e9put\u00e9e (Horizons) Nathalie Loiseau, \u00abne nous y trompons pas\u00a0: derri\u00e8re cette mesure, c\u2019est la souverainet\u00e9 des Europ\u00e9ens \u00e0 d\u00e9cider de leurs lois et \u00e0 les faire appliquer qui est attaqu\u00e9e\u00bb.<\/p>\n<p>                                            <a class=\"fig-a11y-skip\" href=\"#fig-a11y-skip-main-inarticle_mtf\" data-module=\"a11y-skip\" data-context=\"was @visible\"><br \/>\n    Passer la publicit\u00e9<br \/>\n<\/a>            <\/p>\n<p class=\"fig-paragraph\">M\u00eame du c\u00f4t\u00e9 des oppositions, la classe politique semble quasiment unanime pour condamner la d\u00e9cision de l\u2019administration Trump d\u2019interdire de s\u00e9jour Thierry Breton. \u00abNous ne sommes pas une colonie des \u00c9tats-Unis\u00a0! Nous sommes Europ\u00e9ens, nous devons d\u00e9fendre nos lois, nos principes, nos int\u00e9r\u00eats. Cette sanction scandaleuse contre Thierry Breton rend hommage \u00e0 son combat pour notre souverainet\u00e9. Nous le continuerons ensemble. Jusqu\u2019au bout\u00bb, a par exemple temp\u00eat\u00e9 l\u2019eurod\u00e9put\u00e9 social-d\u00e9mocrate\u00a0<a href=\"http:\/\/www.lefigaro.fr\/politique\/presidentielle-personne-ne-me-debranchera-de-mon-combat-avertit-raphael-glucksmann-20251205\" target=\"_blank\" data-fig-type=\"NewsFlash\" rel=\"noopener\" data-gtm-custom-categorie=\"navigation\" data-gtm-custom-action=\"crossclick\" data-gtm-custom-label=\"Contextuel\" data-gtm-event=\"customEventSPE\" data-fig-domain=\"LEFIGARO\">Rapha\u00ebl Glucksmann<\/a>\u00a0sur X. \u00abCette d\u00e9cision est d\u2019une gravit\u00e9 extr\u00eame. La France et l\u2019Union europ\u00e9enne doivent r\u00e9agir de mani\u00e8re imm\u00e9diate \u00e0 cette attaque sans pr\u00e9c\u00e9dent contre notre souverainet\u00e9\u00bb, a rench\u00e9ri le secr\u00e9taire g\u00e9n\u00e9ral du Parti socialiste Pierre Jouvet, toujours sur le r\u00e9seau social d\u2019Elon Musk.<\/p>\n<p class=\"fig-paragraph\">M\u00eame le Rassemblement national, au discours pourtant anti-europ\u00e9en, a critiqu\u00e9 cette d\u00e9cision prise par Washington. \u00abJe pense que l\u2019administration Trump non seulement se trompe sur le fond, mais se trompe sur l\u2019image qu\u2019elle renvoie des \u00c9tats-Unis au monde entier\u00bb, a affirm\u00e9 son vice-pr\u00e9sident S\u00e9bastien Chenu sur RTL.<\/p>\n","protected":false},"excerpt":{"rendered":"L\u2019ancien commissaire europ\u00e9en a \u00e9t\u00e9 sanctionn\u00e9 mardi par Washington pour son r\u00f4le dans la r\u00e9gulation des g\u00e9ants de&hellip;\n","protected":false},"author":2,"featured_media":619710,"comment_status":"","ping_status":"","sticky":false,"template":"","format":"standard","meta":{"footnotes":""},"categories":[1589],"tags":[11,73,1866,12,39049,1864,1865,1863,308],"class_list":{"0":"post-619709","1":"post","2":"type-post","3":"status-publish","4":"format-standard","5":"has-post-thumbnail","7":"category-etats-unis","8":"tag-actualites","9":"tag-etats-unis","10":"tag-etats-unis-damerique","11":"tag-news","12":"tag-thierry-breton","13":"tag-united-states","14":"tag-united-states-of-america","15":"tag-us","16":"tag-usa"},"share_on_mastodon":{"url":"https:\/\/pubeurope.com\/@fr\/115773965985612033","error":""},"_links":{"self":[{"href":"https:\/\/www.europesays.com\/fr\/wp-json\/wp\/v2\/posts\/619709","targetHints":{"allow":["GET"]}}],"collection":[{"href":"https:\/\/www.europesays.com\/fr\/wp-json\/wp\/v2\/posts"}],"about":[{"href":"https:\/\/www.europesays.com\/fr\/wp-json\/wp\/v2\/types\/post"}],"author":[{"embeddable":true,"href":"https:\/\/www.europesays.com\/fr\/wp-json\/wp\/v2\/users\/2"}],"replies":[{"embeddable":true,"href":"https:\/\/www.europesays.com\/fr\/wp-json\/wp\/v2\/comments?post=619709"}],"version-history":[{"count":0,"href":"https:\/\/www.europesays.com\/fr\/wp-json\/wp\/v2\/posts\/619709\/revisions"}],"wp:featuredmedia":[{"embeddable":true,"href":"https:\/\/www.europesays.com\/fr\/wp-json\/wp\/v2\/media\/619710"}],"wp:attachment":[{"href":"https:\/\/www.europesays.com\/fr\/wp-json\/wp\/v2\/media?parent=619709"}],"wp:term":[{"taxonomy":"category","embeddable":true,"href":"https:\/\/www.europesays.com\/fr\/wp-json\/wp\/v2\/categories?post=619709"},{"taxonomy":"post_tag","embeddable":true,"href":"https:\/\/www.europesays.com\/fr\/wp-json\/wp\/v2\/tags?post=619709"}],"curies":[{"name":"wp","href":"https:\/\/api.w.org\/{rel}","templated":true}]}}