{"id":619711,"date":"2025-12-24T10:01:21","date_gmt":"2025-12-24T10:01:21","guid":{"rendered":"https:\/\/www.europesays.com\/fr\/619711\/"},"modified":"2025-12-24T10:01:21","modified_gmt":"2025-12-24T10:01:21","slug":"nous-sommes-des-fantomes-temoignages-de-travailleurs-de-nuit-immigres-qui-font-tourner-le-royaume-uni","status":"publish","type":"post","link":"https:\/\/www.europesays.com\/fr\/619711\/","title":{"rendered":"&lsquo;Nous sommes des fant\u00f4mes&rsquo;\u00a0: t\u00e9moignages de travailleurs de nuit immigr\u00e9s qui font tourner le Royaume\u2011Uni"},"content":{"rendered":"<p>Suppression des aides sociales et d\u00e9lais rallong\u00e9s\u00a0: le Royaume-Uni avait annonc\u00e9 durcir sa politique migratoire.\u00a0<a href=\"https:\/\/www.rtbf.be\/article\/royaume-uni-l-immigration-nette-plonge-de-pres-de-69-sur-un-an-11638499\" target=\"_blank\" rel=\"noopener\">L\u2019immigration\u00a0nette y a d\u2019ailleurs chut\u00e9 de pr\u00e8s 69% sur un an<\/a>.<\/p>\n<p>Roxana\u00a0est agente d\u2019entretien. Elle\u00a0d\u00e9crit ses horaires\u00a0: \u00ab\u00a0Travailler la nuit n\u2019est pas bon, cela ab\u00eeme la sant\u00e9.\u00a0\u00bb\u00a0Cette Bolivienne naturalis\u00e9e espagnole nettoie les bureaux de 22h \u00e0 7h, pour le salaire minimum londonien\u00a0afin de pouvoir voir ses enfants le jour.<\/p>\n<p>Omatule, lui, est travailleur social nig\u00e9rian. Il confie\u00a0: \u00ab\u00a0\u00c9motionnellement, \u00e7a use,\u00a0\u00bb apr\u00e8s des nuits \u00e9prouvantes aupr\u00e8s d\u2019enfants handicap\u00e9s.\u00a0Judith, infirmi\u00e8re zimbabw\u00e9enne, dit quant \u00e0 elle rester \u00e9veill\u00e9e en \u00ab\u00a0\u00e9coutant de la musique\u00a0\u00bb pour superviser ses patients.<\/p>\n<blockquote>\n<p>Travailler la nuit, cela ab\u00eeme\u00a0!<\/p>\n<\/blockquote>\n<p><a href=\"https:\/\/www.rtbf.be\/article\/Le gouvernement britannique annonce une vaste r\u00e9forme pour dissuader les migrants de venir au Royaume-Uni 16 nov. 2025 \u00e0 07:32 \u2022 Temps de lecture1 min  Partager  \u00c9couter\" target=\"_blank\" rel=\"noopener\">Le durcissement des r\u00e8gles de visas<\/a>\u00a0et la r\u00e9duction des droits familiaux inqui\u00e8tent\u00a0: beaucoup craignent de devoir partir ou de ne plus pouvoir faire venir leurs proches, un changement qualifi\u00e9 par certains de \u00ab\u00a0changer les r\u00e8gles en cours de jeu\u00a0\u00bb.<\/p>\n","protected":false},"excerpt":{"rendered":"Suppression des aides sociales et d\u00e9lais rallong\u00e9s\u00a0: le Royaume-Uni avait annonc\u00e9 durcir sa politique migratoire.\u00a0L\u2019immigration\u00a0nette y a d\u2019ailleurs&hellip;\n","protected":false},"author":2,"featured_media":619712,"comment_status":"","ping_status":"","sticky":false,"template":"","format":"standard","meta":{"footnotes":""},"categories":[1588],"tags":[11,1777,674,12,473,1853,1851,1850,1852],"class_list":{"0":"post-619711","1":"post","2":"type-post","3":"status-publish","4":"format-standard","5":"has-post-thumbnail","7":"category-royaume-uni","8":"tag-actualites","9":"tag-eu","10":"tag-europe","11":"tag-news","12":"tag-royaume-uni","13":"tag-royaume-uni-de-grande-bretagne-et-dirlande-du-nord","14":"tag-uk","15":"tag-united-kingdom","16":"tag-united-kingdom-of-great-britain-and-northern-ireland"},"share_on_mastodon":{"url":"https:\/\/pubeurope.com\/@fr\/115773969874668371","error":""},"_links":{"self":[{"href":"https:\/\/www.europesays.com\/fr\/wp-json\/wp\/v2\/posts\/619711","targetHints":{"allow":["GET"]}}],"collection":[{"href":"https:\/\/www.europesays.com\/fr\/wp-json\/wp\/v2\/posts"}],"about":[{"href":"https:\/\/www.europesays.com\/fr\/wp-json\/wp\/v2\/types\/post"}],"author":[{"embeddable":true,"href":"https:\/\/www.europesays.com\/fr\/wp-json\/wp\/v2\/users\/2"}],"replies":[{"embeddable":true,"href":"https:\/\/www.europesays.com\/fr\/wp-json\/wp\/v2\/comments?post=619711"}],"version-history":[{"count":0,"href":"https:\/\/www.europesays.com\/fr\/wp-json\/wp\/v2\/posts\/619711\/revisions"}],"wp:featuredmedia":[{"embeddable":true,"href":"https:\/\/www.europesays.com\/fr\/wp-json\/wp\/v2\/media\/619712"}],"wp:attachment":[{"href":"https:\/\/www.europesays.com\/fr\/wp-json\/wp\/v2\/media?parent=619711"}],"wp:term":[{"taxonomy":"category","embeddable":true,"href":"https:\/\/www.europesays.com\/fr\/wp-json\/wp\/v2\/categories?post=619711"},{"taxonomy":"post_tag","embeddable":true,"href":"https:\/\/www.europesays.com\/fr\/wp-json\/wp\/v2\/tags?post=619711"}],"curies":[{"name":"wp","href":"https:\/\/api.w.org\/{rel}","templated":true}]}}