{"id":619713,"date":"2025-12-24T10:02:17","date_gmt":"2025-12-24T10:02:17","guid":{"rendered":"https:\/\/www.europesays.com\/fr\/619713\/"},"modified":"2025-12-24T10:02:17","modified_gmt":"2025-12-24T10:02:17","slug":"la-suisse-extrade-un-espion-russe-presume-vers-lallemagne-2","status":"publish","type":"post","link":"https:\/\/www.europesays.com\/fr\/619713\/","title":{"rendered":"La Suisse extrade un espion russe pr\u00e9sum\u00e9 vers l\u2019Allemagne"},"content":{"rendered":"<p>Plus de sept mois apr\u00e8s son arrestation dans le canton de Thurgovie, un agent russe pr\u00e9sum\u00e9 a \u00e9t\u00e9 extrad\u00e9 mardi vers l\u2019Allemagne. Le suspect a \u00e9t\u00e9 pr\u00e9sent\u00e9 \u00e0 Karlsruhe devant le juge d\u2019instruction de la Cour f\u00e9d\u00e9rale allemande de justice.<\/p>\n<p>L\u2019homme a \u00e9t\u00e9 plac\u00e9 en d\u00e9tention provisoire pour activit\u00e9 pr\u00e9sum\u00e9e d\u2019agent au profit de la Russie, a indiqu\u00e9 le Minist\u00e8re public allemand, cit\u00e9 par l\u2019agence DPA. Selon ce dernier, l\u2019accus\u00e9 et deux complices auraient propos\u00e9 \u00e0 plusieurs personnes suppos\u00e9ment mandat\u00e9es par la Russie de commettre des attentats incendiaires et \u00e0 l\u2019explosif contre le transport de marchandises en Allemagne.<\/p>\n<p>Les complices devaient, \u00aben se r\u00e9partissant les t\u00e2ches, envoyer depuis l\u2019Allemagne \u00e0 des destinataires en Ukraine des colis contenant des dispositifs explosifs ou incendiaires qui s\u2019enflammeraient pendant le transport\u00bb. L\u2019un d\u2019eux aurait d\u00e9pos\u00e9 fin mars \u00e0 Cologne deux colis tests contenant notamment des traceurs GPS. D\u2019apr\u00e8s l\u2019enqu\u00eate, l\u2019ordre aurait \u00e9t\u00e9 donn\u00e9 par l\u2019homme d\u00e9sormais pr\u00e9sent\u00e9 \u00e0 Karlsruhe. Celui-ci avait \u00e9t\u00e9 arr\u00eat\u00e9 \u00e0 la mi-mai dans le canton de Thurgovie \u00e0 la demande du parquet f\u00e9d\u00e9ral allemand.<\/p>\n<p><strong>En mars 2024:<\/strong> <a href=\"https:\/\/www.letemps.ch\/monde\/les-espions-russes-au-service-de-la-propagande-du-kremlin?srsltid=AfmBOor74nMra53q_eUX1MpgkM0uJssz6wrGA2-gK5Q4ogIU6018EKr0\" rel=\"nofollow noopener\" target=\"_blank\">Les espions russes au service de la propagande du Kremlin<\/a><\/p>\n<p>L\u2019Allemagne met en garde contre des actes de sabotage<\/p>\n<p>Les deux complices, arr\u00eat\u00e9s \u00e9galement en mai, \u00e0 Cologne et \u00e0 Constance, ont d\u00e9j\u00e0 comparu devant la justice allemande. Tous deux ont \u00e9t\u00e9 plac\u00e9s en d\u00e9tention provisoire.<\/p>\n<p>Ces derniers mois, les services de renseignements allemands ont mis en garde \u00e0 plusieurs reprises contre des actes de sabotage et d\u2019espionnage russes. En 2024 notamment, un colis de fret a\u00e9rien a pris feu alors qu\u2019il se trouvait encore au sol dans un centre logistique de Leipzig. Le colis contenait un engin incendiaire qui s\u2019est d\u00e9clench\u00e9 et a provoqu\u00e9 l\u2019incendie d\u2019un conteneur de fret.<\/p>\n","protected":false},"excerpt":{"rendered":"Plus de sept mois apr\u00e8s son arrestation dans le canton de Thurgovie, un agent russe pr\u00e9sum\u00e9 a \u00e9t\u00e9&hellip;\n","protected":false},"author":2,"featured_media":619714,"comment_status":"","ping_status":"","sticky":false,"template":"","format":"standard","meta":{"footnotes":""},"categories":[1587],"tags":[11,672,1804,1805,1803,1777,674,4438,1801,12,1802,132,3067],"class_list":{"0":"post-619713","1":"post","2":"type-post","3":"status-publish","4":"format-standard","5":"has-post-thumbnail","7":"category-allemagne","8":"tag-actualites","9":"tag-allemagne","10":"tag-bundesrepublik-deutschland","11":"tag-de","12":"tag-deutschland","13":"tag-eu","14":"tag-europe","15":"tag-free","16":"tag-germany","17":"tag-news","18":"tag-republique-federale-dallemagne","19":"tag-russie","20":"tag-suisse"},"share_on_mastodon":{"url":"https:\/\/pubeurope.com\/@fr\/115773973838607744","error":""},"_links":{"self":[{"href":"https:\/\/www.europesays.com\/fr\/wp-json\/wp\/v2\/posts\/619713","targetHints":{"allow":["GET"]}}],"collection":[{"href":"https:\/\/www.europesays.com\/fr\/wp-json\/wp\/v2\/posts"}],"about":[{"href":"https:\/\/www.europesays.com\/fr\/wp-json\/wp\/v2\/types\/post"}],"author":[{"embeddable":true,"href":"https:\/\/www.europesays.com\/fr\/wp-json\/wp\/v2\/users\/2"}],"replies":[{"embeddable":true,"href":"https:\/\/www.europesays.com\/fr\/wp-json\/wp\/v2\/comments?post=619713"}],"version-history":[{"count":0,"href":"https:\/\/www.europesays.com\/fr\/wp-json\/wp\/v2\/posts\/619713\/revisions"}],"wp:featuredmedia":[{"embeddable":true,"href":"https:\/\/www.europesays.com\/fr\/wp-json\/wp\/v2\/media\/619714"}],"wp:attachment":[{"href":"https:\/\/www.europesays.com\/fr\/wp-json\/wp\/v2\/media?parent=619713"}],"wp:term":[{"taxonomy":"category","embeddable":true,"href":"https:\/\/www.europesays.com\/fr\/wp-json\/wp\/v2\/categories?post=619713"},{"taxonomy":"post_tag","embeddable":true,"href":"https:\/\/www.europesays.com\/fr\/wp-json\/wp\/v2\/tags?post=619713"}],"curies":[{"name":"wp","href":"https:\/\/api.w.org\/{rel}","templated":true}]}}